{"id":64200,"date":"2015-11-24T09:34:39","date_gmt":"2015-11-24T12:34:39","guid":{"rendered":"http:\/\/www.eltrabajo.cl\/portal\/?p=64200"},"modified":"2015-11-24T09:34:39","modified_gmt":"2015-11-24T12:34:39","slug":"mas-de-120-vecinos-participaron-en-corrida-familiar-organizada-por-promocion-de-la-salud-y-departamento-de-deportes","status":"publish","type":"post","link":"https:\/\/eltrabajo.cl\/portal\/mas-de-120-vecinos-participaron-en-corrida-familiar-organizada-por-promocion-de-la-salud-y-departamento-de-deportes\/","title":{"rendered":"M\u00e1s de 120 vecinos participaron en corrida familiar organizada por Promoci\u00f3n de la Salud y Departamento de Deportes"},"content":{"rendered":"<figure id=\"attachment_64201\" aria-describedby=\"caption-attachment-64201\" style=\"width: 300px\" class=\"wp-caption alignleft\"><a href=\"https:\/\/i0.wp.com\/www.eltrabajo.cl\/portal\/wp-content\/uploads\/2015\/11\/Corrida-Familiar.jpg\"><img data-recalc-dims=\"1\" loading=\"lazy\" decoding=\"async\" class=\"wp-image-64201 size-medium\" src=\"https:\/\/i0.wp.com\/www.eltrabajo.cl\/portal\/wp-content\/uploads\/2015\/11\/Corrida-Familiar-300x198.jpg?resize=300%2C198\" alt=\"Nuevamente y sin importar el calor este domingo se realiz\u00f3 con enorme \u00e9xito una nueva Corrida Familiar.\" width=\"300\" height=\"198\" srcset=\"https:\/\/i0.wp.com\/eltrabajo.cl\/portal\/wp-content\/uploads\/2015\/11\/Corrida-Familiar.jpg?resize=300%2C198&amp;ssl=1 300w, https:\/\/i0.wp.com\/eltrabajo.cl\/portal\/wp-content\/uploads\/2015\/11\/Corrida-Familiar.jpg?resize=200%2C132&amp;ssl=1 200w, https:\/\/i0.wp.com\/eltrabajo.cl\/portal\/wp-content\/uploads\/2015\/11\/Corrida-Familiar.jpg?resize=228%2C150&amp;ssl=1 228w, https:\/\/i0.wp.com\/eltrabajo.cl\/portal\/wp-content\/uploads\/2015\/11\/Corrida-Familiar.jpg?resize=400%2C263&amp;ssl=1 400w, https:\/\/i0.wp.com\/eltrabajo.cl\/portal\/wp-content\/uploads\/2015\/11\/Corrida-Familiar.jpg?w=530&amp;ssl=1 530w\" sizes=\"auto, (max-width: 300px) 100vw, 300px\" \/><\/a><figcaption id=\"caption-attachment-64201\" class=\"wp-caption-text\">Nuevamente y sin importar el calor este domingo se realiz\u00f3 con enorme \u00e9xito una nueva Corrida Familiar.<\/figcaption><\/figure>\n<ul>\n<li><strong>La actividad se realiz\u00f3 en homenaje de fallecida funcionaria de Cesfam Curim\u00f3n.<\/strong><\/li>\n<\/ul>\n<p>A pesar del duelo de quienes laboran en el Cesfam Curim\u00f3n y del \u00e1rea de salud municipal sanfelipe\u00f1o, por el fallecimiento de la funcionaria Marisi Abarca, este domingo la Mesa de Promoci\u00f3n de la Salud y el Departamento Municipal de Deportes realizaron con enorme \u00e9xito de participaci\u00f3n una nueva Corrida Familiar.<br \/>\nLa actividad, que convoc\u00f3 a m\u00e1s de 120 corredores, dej\u00f3 nuevamente de manifiesto el enorme inter\u00e9s de vecinos de la comuna y de otros puntos del valle, por participar en actividades que favorezcan estilos de vida saludable.<br \/>\nSe trata de una iniciativa que se desarroll\u00f3 en el marco de una nueva jornada del programa Calles Abiertas, que impulsa IND y la municipalidad de San Felipe, la que ha sido valorada por los vecinos, que acuden todos los domingos aprovechando la instancia que considera la pr\u00e1ctica de diversas disciplinas deportivas.<\/p>\n<figure id=\"attachment_64202\" aria-describedby=\"caption-attachment-64202\" style=\"width: 300px\" class=\"wp-caption alignright\"><a href=\"https:\/\/i0.wp.com\/www.eltrabajo.cl\/portal\/wp-content\/uploads\/2015\/11\/Calles-Abiertas.jpg\"><img data-recalc-dims=\"1\" loading=\"lazy\" decoding=\"async\" class=\"wp-image-64202 size-medium\" src=\"https:\/\/i0.wp.com\/www.eltrabajo.cl\/portal\/wp-content\/uploads\/2015\/11\/Calles-Abiertas-300x198.jpg?resize=300%2C198\" alt=\"Tambi\u00e9n se llev\u00f3 a cabo una nueva fecha del programa Calles Abiertas.\" width=\"300\" height=\"198\" srcset=\"https:\/\/i0.wp.com\/eltrabajo.cl\/portal\/wp-content\/uploads\/2015\/11\/Calles-Abiertas.jpg?resize=300%2C198&amp;ssl=1 300w, https:\/\/i0.wp.com\/eltrabajo.cl\/portal\/wp-content\/uploads\/2015\/11\/Calles-Abiertas.jpg?resize=200%2C132&amp;ssl=1 200w, https:\/\/i0.wp.com\/eltrabajo.cl\/portal\/wp-content\/uploads\/2015\/11\/Calles-Abiertas.jpg?resize=228%2C150&amp;ssl=1 228w, https:\/\/i0.wp.com\/eltrabajo.cl\/portal\/wp-content\/uploads\/2015\/11\/Calles-Abiertas.jpg?resize=400%2C263&amp;ssl=1 400w, https:\/\/i0.wp.com\/eltrabajo.cl\/portal\/wp-content\/uploads\/2015\/11\/Calles-Abiertas.jpg?w=530&amp;ssl=1 530w\" sizes=\"auto, (max-width: 300px) 100vw, 300px\" \/><\/a><figcaption id=\"caption-attachment-64202\" class=\"wp-caption-text\">Tambi\u00e9n se llev\u00f3 a cabo una nueva fecha del programa Calles Abiertas.<\/figcaption><\/figure>\n<p>El encargado del Departamento de Deportes de la municipalidad, Danilo Pe\u00f1a, destac\u00f3 que durante el fin de semana fueron varias las actividades deportivas que se realizaron en la comuna.<br \/>\n\u201cEste fue un fin de semana muy intenso desde el punto de vista de las actividades deportivas y por eso estamos muy agradecidos del alcalde Patricio Freire y del concejo municipal que respaldan todas las iniciativas que estamos generando para el bienestar de cada una de las personas de la comuna\u201d, se\u00f1al\u00f3.<br \/>\nAgreg\u00f3 que \u201ceste domingo se realiz\u00f3 una de las fechas de ciclismo en monta\u00f1a en el sector de Los Molles, finalizamos el campeonato de b\u00e1squetbol categor\u00eda sub 13, se realiz\u00f3 un campeonato de v\u00f3leibol y estuvimos adem\u00e1s con la corrida y una nueva fecha del programa Calles Abiertas\u201d.<br \/>\nLa corrida familiar que es organizada por el Departamento de Deportes y la Mesa de Promoci\u00f3n de la Salud, se desarroll\u00f3 en medio de un momento de mucho pesar para los funcionarios del \u00e1rea de salud municipal.<br \/>\nEsto, a prop\u00f3sito de la muerte de Marisi Abarca, param\u00e9dico del Cesfam de Curim\u00f3n, quien hace poco m\u00e1s de dos semanas protagoniz\u00f3 un accidente en motocicleta en el sector de Tocornal y que a pesar del diagn\u00f3stico alentador que ten\u00eda, lamentablemente falleci\u00f3 el pasado viernes.<br \/>\nLoreto Olgu\u00edn, encargada de la mesa de promoci\u00f3n de la salud, manifest\u00f3 que si bien hab\u00eda satisfacci\u00f3n por la actividad de ayer, tambi\u00e9n exist\u00eda mucho pesar entre quienes participaron de la organizaci\u00f3n, a ra\u00edz de este lamentable deceso.<br \/>\n\u201cEsta es una muy bonita iniciativa para fomentar estilos de vida saludable, pero nos encuentra en un momento muy penoso. Por eso las actividades de esta jornada la hemos realizado en homenaje a Marisi Abarca, funcionaria del Cesfam de Curim\u00f3n, quien era mam\u00e1 de una ni\u00f1a de 11 a\u00f1os y lamentablemente falleci\u00f3 el pasado viernes\u201d, manifest\u00f3 Loreto Olgu\u00edn.<br \/>\nCabe destacar que en la actividad de este domingo, correspondiente a la corrida familiar por las calles de San Felipe, es una de las \u00faltimas que tiene contempladas para este 2015 la Mesa de Promoci\u00f3n de la Salud, aun cuando todav\u00eda hay varias iniciativas que desde el \u00e1rea de deportes restan por desarrollar durante el mes de diciembre.<\/p>\n","protected":false},"excerpt":{"rendered":"<p>La actividad se realiz\u00f3 en homenaje de fallecida funcionaria de Cesfam Curim\u00f3n. A pesar del duelo de quienes laboran en el Cesfam Curim\u00f3n y del \u00e1rea de salud municipal sanfelipe\u00f1o, por el&#8230;<\/p>\n","protected":false},"author":482,"featured_media":64201,"comment_status":"open","ping_status":"open","sticky":false,"template":"","format":"standard","meta":{"advanced_seo_description":"","jetpack_seo_html_title":"","jetpack_seo_noindex":false,"_jetpack_memberships_contains_paid_content":false,"footnotes":""},"categories":[1],"tags":[],"class_list":["post-64200","post","type-post","status-publish","format-standard","has-post-thumbnail","hentry","category-cronica"],"jetpack_featured_media_url":"https:\/\/i0.wp.com\/eltrabajo.cl\/portal\/wp-content\/uploads\/2015\/11\/Corrida-Familiar.jpg?fit=530%2C349&ssl=1","jetpack_sharing_enabled":true,"jetpack_likes_enabled":true,"jetpack-related-posts":[],"_links":{"self":[{"href":"https:\/\/eltrabajo.cl\/portal\/wp-json\/wp\/v2\/posts\/64200","targetHints":{"allow":["GET"]}}],"collection":[{"href":"https:\/\/eltrabajo.cl\/portal\/wp-json\/wp\/v2\/posts"}],"about":[{"href":"https:\/\/eltrabajo.cl\/portal\/wp-json\/wp\/v2\/types\/post"}],"author":[{"embeddable":true,"href":"https:\/\/eltrabajo.cl\/portal\/wp-json\/wp\/v2\/users\/482"}],"replies":[{"embeddable":true,"href":"https:\/\/eltrabajo.cl\/portal\/wp-json\/wp\/v2\/comments?post=64200"}],"version-history":[{"count":0,"href":"https:\/\/eltrabajo.cl\/portal\/wp-json\/wp\/v2\/posts\/64200\/revisions"}],"wp:featuredmedia":[{"embeddable":true,"href":"https:\/\/eltrabajo.cl\/portal\/wp-json\/wp\/v2\/media\/64201"}],"wp:attachment":[{"href":"https:\/\/eltrabajo.cl\/portal\/wp-json\/wp\/v2\/media?parent=64200"}],"wp:term":[{"taxonomy":"category","embeddable":true,"href":"https:\/\/eltrabajo.cl\/portal\/wp-json\/wp\/v2\/categories?post=64200"},{"taxonomy":"post_tag","embeddable":true,"href":"https:\/\/eltrabajo.cl\/portal\/wp-json\/wp\/v2\/tags?post=64200"}],"curies":[{"name":"wp","href":"https:\/\/api.w.org\/{rel}","templated":true}]}}