{"id":64204,"date":"2015-11-24T09:36:57","date_gmt":"2015-11-24T12:36:57","guid":{"rendered":"http:\/\/www.eltrabajo.cl\/portal\/?p=64204"},"modified":"2015-11-24T09:36:57","modified_gmt":"2015-11-24T12:36:57","slug":"core-aprueba-recursos-para-continuar-con-recambio-de-luminarias-en-san-felipe-y-construir-sede-comunitaria-de-villa-san-rafael","status":"publish","type":"post","link":"https:\/\/eltrabajo.cl\/portal\/core-aprueba-recursos-para-continuar-con-recambio-de-luminarias-en-san-felipe-y-construir-sede-comunitaria-de-villa-san-rafael\/","title":{"rendered":"Core aprueba recursos para continuar con recambio de luminarias en San Felipe y construir sede comunitaria de villa San Rafael"},"content":{"rendered":"<figure id=\"attachment_64205\" aria-describedby=\"caption-attachment-64205\" style=\"width: 300px\" class=\"wp-caption alignleft\"><a href=\"https:\/\/i0.wp.com\/www.eltrabajo.cl\/portal\/wp-content\/uploads\/2015\/11\/Jorge-Jara.jpg\"><img data-recalc-dims=\"1\" loading=\"lazy\" decoding=\"async\" class=\"wp-image-64205 size-medium\" src=\"https:\/\/i0.wp.com\/www.eltrabajo.cl\/portal\/wp-content\/uploads\/2015\/11\/Jorge-Jara-300x197.jpg?resize=300%2C197\" alt=\"Jorge Jara Catal\u00e1n, alcalde subrogante de San Felipe.\" width=\"300\" height=\"197\" srcset=\"https:\/\/i0.wp.com\/eltrabajo.cl\/portal\/wp-content\/uploads\/2015\/11\/Jorge-Jara.jpg?resize=300%2C197&amp;ssl=1 300w, https:\/\/i0.wp.com\/eltrabajo.cl\/portal\/wp-content\/uploads\/2015\/11\/Jorge-Jara.jpg?resize=200%2C131&amp;ssl=1 200w, https:\/\/i0.wp.com\/eltrabajo.cl\/portal\/wp-content\/uploads\/2015\/11\/Jorge-Jara.jpg?resize=228%2C150&amp;ssl=1 228w, https:\/\/i0.wp.com\/eltrabajo.cl\/portal\/wp-content\/uploads\/2015\/11\/Jorge-Jara.jpg?resize=400%2C263&amp;ssl=1 400w, https:\/\/i0.wp.com\/eltrabajo.cl\/portal\/wp-content\/uploads\/2015\/11\/Jorge-Jara.jpg?w=530&amp;ssl=1 530w\" sizes=\"auto, (max-width: 300px) 100vw, 300px\" \/><\/a><figcaption id=\"caption-attachment-64205\" class=\"wp-caption-text\">Jorge Jara Catal\u00e1n, alcalde subrogante de San Felipe.<\/figcaption><\/figure>\n<ul>\n<li><strong>Con la construcci\u00f3n de la sede en este sector, municipio sanfelipe\u00f1o pretende contribuir al sentido de pertenencia de esa localidad con la ciudad de San Felipe<\/strong><\/li>\n<\/ul>\n<p>El abogado Jorge Jara Catal\u00e1n, alcalde subrogante de San Felipe, anunci\u00f3 este lunes la aprobaci\u00f3n de recursos, por parte del Consejo Regional, Core, para la ejecuci\u00f3n de dos proyectos que el municipio sanfelipe\u00f1o manten\u00eda en carpeta. Uno de ellos es la renovaci\u00f3n de mil 760 luminarias en distintos sectores de la comuna y tambi\u00e9n la construcci\u00f3n de la sede comunitaria de la Villa San Rafael.<br \/>\nEl anuncio se realiz\u00f3 en medio del viaje que el alcalde Patricio Freire tuvo que realizar a la ciudad de Arica, en donde se encuentra junto a algunos concejales en una jornada de capacitaci\u00f3n, y en la oportunidad Jara destac\u00f3 que \u201cen la \u00faltima sesi\u00f3n del gobierno regional, se aprobaron 2 proyectos importantes para nosotros, en primer lugar la tercera etapa de reposici\u00f3n de luminarias con un monto de $ 735. 573.000, que van a permitirnos reemplazar mil 760 luminarias antiguas por iluminaci\u00f3n LED de \u00faltima generaci\u00f3n, con lo que alcanzamos un proceso de recambio de luminarias de casi un 85 % de la comuna, lo que es muy positivo para nosotros\u201d, recalc\u00f3.<br \/>\nAs\u00ed mismo, Jara agreg\u00f3 que \u201cestas luminarias se van a instalar en 46 sectores diversos en villas, poblaciones y calles de la ciudad, lo que beneficiar\u00e1 a cerca de los 19 mil vecinos en esta tercera intervenci\u00f3n. El paso siguiente es preparar las bases de licitaci\u00f3n del proyecto para adjudicarlo y entreg\u00e1rselo a la empresa para que lo ejecute, esto en un plazo no mayor a 60 d\u00edas\u201d, destac\u00f3.<br \/>\nPor otro lado, el segundo proyecto que podr\u00e1 ser ejecutado gracias al financiamiento otorgado en el pleno del gobierno regional es el de la construcci\u00f3n de la sede comunitaria de la villa San Rafael, la cual, tendr\u00e1 una inversi\u00f3n de $ 82.995.000 y seg\u00fan Jara permitir\u00e1 \u201cla edificaci\u00f3n de dependencias en 102 metros cuadrados, que contemplan sala auditorio, dos oficinas, cocina, ba\u00f1o, ba\u00f1o de discapacitados y cierre perimetral\u201d, explic\u00f3.<br \/>\nPara el alcalde subrogante, este \u00faltimo proyecto es de suma relevancia puesto que \u201cSan Rafael es una de las tantas localidades rurales que tiene San Felipe, est\u00e1 en el l\u00edmite con la comuna de Los Andes y nosotros en el gobierno comunal de Patricio Freire, hemos desarrollado m\u00faltiples iniciativas en ese sector, para que los vecinos sientan m\u00e1s pertenencia con nuestra comuna\u201d, enfatiz\u00f3.<br \/>\nCabe destacar que ambos proyectos suman un total de $ 818.568.000 de inversi\u00f3n p\u00fablica, con lo que durante el 2015 la Municipalidad de San Felipe registra una cifra de $ 2.898.382.000 en diversos proyectos que han sido seleccionados y aprobados por el Core.<\/p>\n","protected":false},"excerpt":{"rendered":"<p>Con la construcci\u00f3n de la sede en este sector, municipio sanfelipe\u00f1o pretende contribuir al sentido de pertenencia de esa localidad con la ciudad de San Felipe El abogado Jorge Jara Catal\u00e1n, alcalde&#8230;<\/p>\n","protected":false},"author":482,"featured_media":64205,"comment_status":"open","ping_status":"open","sticky":false,"template":"","format":"standard","meta":{"advanced_seo_description":"","jetpack_seo_html_title":"","jetpack_seo_noindex":false,"_jetpack_memberships_contains_paid_content":false,"footnotes":""},"categories":[1],"tags":[],"class_list":["post-64204","post","type-post","status-publish","format-standard","has-post-thumbnail","hentry","category-cronica"],"jetpack_featured_media_url":"https:\/\/i0.wp.com\/eltrabajo.cl\/portal\/wp-content\/uploads\/2015\/11\/Jorge-Jara.jpg?fit=530%2C348&ssl=1","jetpack_sharing_enabled":true,"jetpack_likes_enabled":true,"jetpack-related-posts":[],"_links":{"self":[{"href":"https:\/\/eltrabajo.cl\/portal\/wp-json\/wp\/v2\/posts\/64204","targetHints":{"allow":["GET"]}}],"collection":[{"href":"https:\/\/eltrabajo.cl\/portal\/wp-json\/wp\/v2\/posts"}],"about":[{"href":"https:\/\/eltrabajo.cl\/portal\/wp-json\/wp\/v2\/types\/post"}],"author":[{"embeddable":true,"href":"https:\/\/eltrabajo.cl\/portal\/wp-json\/wp\/v2\/users\/482"}],"replies":[{"embeddable":true,"href":"https:\/\/eltrabajo.cl\/portal\/wp-json\/wp\/v2\/comments?post=64204"}],"version-history":[{"count":0,"href":"https:\/\/eltrabajo.cl\/portal\/wp-json\/wp\/v2\/posts\/64204\/revisions"}],"wp:featuredmedia":[{"embeddable":true,"href":"https:\/\/eltrabajo.cl\/portal\/wp-json\/wp\/v2\/media\/64205"}],"wp:attachment":[{"href":"https:\/\/eltrabajo.cl\/portal\/wp-json\/wp\/v2\/media?parent=64204"}],"wp:term":[{"taxonomy":"category","embeddable":true,"href":"https:\/\/eltrabajo.cl\/portal\/wp-json\/wp\/v2\/categories?post=64204"},{"taxonomy":"post_tag","embeddable":true,"href":"https:\/\/eltrabajo.cl\/portal\/wp-json\/wp\/v2\/tags?post=64204"}],"curies":[{"name":"wp","href":"https:\/\/api.w.org\/{rel}","templated":true}]}}