{"id":64207,"date":"2015-11-24T09:39:12","date_gmt":"2015-11-24T12:39:12","guid":{"rendered":"http:\/\/www.eltrabajo.cl\/portal\/?p=64207"},"modified":"2015-11-24T09:39:12","modified_gmt":"2015-11-24T12:39:12","slug":"meningitis-viral-ataca-nuevamente-en-la-comuna-de-llay-llay","status":"publish","type":"post","link":"https:\/\/eltrabajo.cl\/portal\/meningitis-viral-ataca-nuevamente-en-la-comuna-de-llay-llay\/","title":{"rendered":"Meningitis viral ataca nuevamente en la comuna de Llay Llay"},"content":{"rendered":"<figure id=\"attachment_64208\" aria-describedby=\"caption-attachment-64208\" style=\"width: 300px\" class=\"wp-caption alignleft\"><a href=\"https:\/\/i0.wp.com\/www.eltrabajo.cl\/portal\/wp-content\/uploads\/2015\/11\/mario-mendez.jpg\"><img data-recalc-dims=\"1\" loading=\"lazy\" decoding=\"async\" class=\"wp-image-64208 size-medium\" src=\"https:\/\/i0.wp.com\/www.eltrabajo.cl\/portal\/wp-content\/uploads\/2015\/11\/mario-mendez-300x198.jpg?resize=300%2C198\" alt=\"Mario M\u00e9ndez, jefe de la oficina Aconcagua, Seremi Salud Regi\u00f3n de Valpara\u00edso.\" width=\"300\" height=\"198\" srcset=\"https:\/\/i0.wp.com\/eltrabajo.cl\/portal\/wp-content\/uploads\/2015\/11\/mario-mendez.jpg?resize=300%2C198&amp;ssl=1 300w, https:\/\/i0.wp.com\/eltrabajo.cl\/portal\/wp-content\/uploads\/2015\/11\/mario-mendez.jpg?resize=200%2C132&amp;ssl=1 200w, https:\/\/i0.wp.com\/eltrabajo.cl\/portal\/wp-content\/uploads\/2015\/11\/mario-mendez.jpg?resize=228%2C150&amp;ssl=1 228w, https:\/\/i0.wp.com\/eltrabajo.cl\/portal\/wp-content\/uploads\/2015\/11\/mario-mendez.jpg?resize=400%2C263&amp;ssl=1 400w, https:\/\/i0.wp.com\/eltrabajo.cl\/portal\/wp-content\/uploads\/2015\/11\/mario-mendez.jpg?w=530&amp;ssl=1 530w\" sizes=\"auto, (max-width: 300px) 100vw, 300px\" \/><\/a><figcaption id=\"caption-attachment-64208\" class=\"wp-caption-text\">Mario M\u00e9ndez, jefe de la oficina Aconcagua, Seremi Salud Regi\u00f3n de Valpara\u00edso.<\/figcaption><\/figure>\n<ul>\n<li><strong>Autoridad Sanitaria intensificar\u00e1 fiscalizaciones en los establecimientos educacionales, mientras tanto, se reuni\u00f3 con directores de distintos colegios para sentar bases en torno a la prevenci\u00f3n del contagio de esta patolog\u00eda.<\/strong><\/li>\n<\/ul>\n<p>La comuna de Llay Llay nuevamente se ve afectada por la meningitis viral. En esta oportunidad son dos casos los que se encuentran en estudio, uno de ellos ya confirmado, trat\u00e1ndose de una adolescente de 16 a\u00f1os quien presenta una alta probabilidad de haber contra\u00eddo esta patolog\u00eda en su establecimiento educacional.<br \/>\nMario M\u00e9ndez, Jefe de la Oficina Aconcagua Seremi Salud Regi\u00f3n de Valpara\u00edso, reafirm\u00f3 esta situaci\u00f3n diciendo que \u201cson dos casos nuevos, uno que a\u00fan est\u00e1 siendo analizado y estamos esperando su confirmaci\u00f3n, y otro ya confirmado, el cual fue derivado al Hospital Militar. En virtud de eso, all\u00ed se le hicieron los ex\u00e1menes de rigor y se confirm\u00f3 que se trataba de meningitis viral, de acuerdo a los protocolos de salud que est\u00e1n alineados con los del Ministerio\u201d, explic\u00f3.<br \/>\nLa declaraci\u00f3n de M\u00e9ndez se realiz\u00f3 justamente en el marco de una reuni\u00f3n que sostuvo la Autoridad Sanitaria con los directores de los distintos establecimientos educacionales del Valle de Aconcagua, la cual se desarroll\u00f3 precisamente con el objetivo de instruir a los colegios en torno a esta enfermedad, ya que, seg\u00fan el personero, \u00e9sta presenta un brote importante en la V regi\u00f3n.<br \/>\nRespecto de que sea Llay Llay nuevamente la comuna afectada, transform\u00e1ndose en una de las que mayor alerta ha suscitado luego de los diversos casos de meningitis viral presentados en la regi\u00f3n, M\u00e9ndez declar\u00f3 que ya se han intensificado las fiscalizaciones y enfatiz\u00f3 que \u201cestamos tomando especial cuidado en las comunas que est\u00e1n presentando m\u00e1s casos, como son Valpara\u00edso, Vi\u00f1a del Mar, Quillota y Llay Llay\u201d, relat\u00f3.<br \/>\nEn relaci\u00f3n a las estrategias que est\u00e1 tomando la Autoridad Sanitaria para poder controlar el brote de la patolog\u00eda, M\u00e9ndez cont\u00f3 que la reuni\u00f3n con autoridades educacionales, realizada ayer en el Teatro Municipal de San Felipe, es precisamente para poder entregar instrucciones respecto de las medidas preventivas, del manejo y particularmente de explicar lo que significa esta enfermedad.<br \/>\n\u201cLos directores de los distintos colegios, p\u00fablicos y privados, deben ser agentes multiplicadores en sus respectivos establecimientos, especialmente de dos presentaciones realizadas hoy (ayer), que tienen relaci\u00f3n con el estado de avance de esta enfermedad en la regi\u00f3n y el Valle de Aconcagua y tambi\u00e9n con las normas que se les solicita a ellos principalmente en el manejo de la higiene, aseo de manos y el manejo que deben realizar los auxiliares de aseo dentro de los establecimientos\u201d, relat\u00f3 M\u00e9ndez.<br \/>\nEn este mismo punto, el personero agreg\u00f3 que \u201cel problema de la meningitis viral se instala principalmente en el sector educacional, tenemos que mejorar las condiciones sanitarias. En fiscalizaciones anteriores hemos detectado que no hay jab\u00f3n, toalla Nova o incluso papel higi\u00e9nico en los ba\u00f1os de estos establecimientos. Hay quejas en las unidades educativas de que no existen recursos y los responsables son los administradores, en el caso de los colegios municipales, son los Daem, Direcci\u00f3n de Administraci\u00f3n Municipal, los que deben otorgar el presupuesto adecuado\u201d, enfatiz\u00f3, sumando que \u201ctambi\u00e9n en el \u00e1mbito privado es indispensable que los directores contemplen en el presupuesto anual estos elementos que son fundamentales y que deben incorporarlos para contar durante todo el a\u00f1o con estos insumos de aseo, que nos van a permitir controlar este tipo de enfermedades, no s\u00f3lo la meningitis, sino otras patolog\u00edas como la hepatitis, la influenza, etc. Si no tenemos estos dispositivos de higiene, ser\u00e1 m\u00e1s probable que presentemos este tipo de patolog\u00edas que estamos describiendo\u201d, finaliz\u00f3<br \/>\nCabe destacar que en la actualidad un 50 % de los colegios de Aconcagua no tienen autorizaci\u00f3n sanitaria o \u00e9sta se encuentra obsoleta, por lo que M\u00e9ndez hizo un llamado a regularizar y a mejorar las condiciones de servicios higi\u00e9nicos y de alimentaci\u00f3n en todos los colegios y, por supuesto, en los propios hogares, en los locales de alimentos y en todo punto de contacto que pueda provocar transmisi\u00f3n de una enfermedad microbiana.<\/p>\n","protected":false},"excerpt":{"rendered":"<p>Autoridad Sanitaria intensificar\u00e1 fiscalizaciones en los establecimientos educacionales, mientras tanto, se reuni\u00f3 con directores de distintos colegios para sentar bases en torno a la prevenci\u00f3n del contagio de esta patolog\u00eda. La comuna&#8230;<\/p>\n","protected":false},"author":482,"featured_media":64208,"comment_status":"open","ping_status":"open","sticky":false,"template":"","format":"standard","meta":{"advanced_seo_description":"","jetpack_seo_html_title":"","jetpack_seo_noindex":false,"_jetpack_memberships_contains_paid_content":false,"footnotes":""},"categories":[15],"tags":[],"class_list":["post-64207","post","type-post","status-publish","format-standard","has-post-thumbnail","hentry","category-comunidad"],"jetpack_featured_media_url":"https:\/\/i0.wp.com\/eltrabajo.cl\/portal\/wp-content\/uploads\/2015\/11\/mario-mendez.jpg?fit=530%2C349&ssl=1","jetpack_sharing_enabled":true,"jetpack_likes_enabled":true,"jetpack-related-posts":[],"_links":{"self":[{"href":"https:\/\/eltrabajo.cl\/portal\/wp-json\/wp\/v2\/posts\/64207","targetHints":{"allow":["GET"]}}],"collection":[{"href":"https:\/\/eltrabajo.cl\/portal\/wp-json\/wp\/v2\/posts"}],"about":[{"href":"https:\/\/eltrabajo.cl\/portal\/wp-json\/wp\/v2\/types\/post"}],"author":[{"embeddable":true,"href":"https:\/\/eltrabajo.cl\/portal\/wp-json\/wp\/v2\/users\/482"}],"replies":[{"embeddable":true,"href":"https:\/\/eltrabajo.cl\/portal\/wp-json\/wp\/v2\/comments?post=64207"}],"version-history":[{"count":0,"href":"https:\/\/eltrabajo.cl\/portal\/wp-json\/wp\/v2\/posts\/64207\/revisions"}],"wp:featuredmedia":[{"embeddable":true,"href":"https:\/\/eltrabajo.cl\/portal\/wp-json\/wp\/v2\/media\/64208"}],"wp:attachment":[{"href":"https:\/\/eltrabajo.cl\/portal\/wp-json\/wp\/v2\/media?parent=64207"}],"wp:term":[{"taxonomy":"category","embeddable":true,"href":"https:\/\/eltrabajo.cl\/portal\/wp-json\/wp\/v2\/categories?post=64207"},{"taxonomy":"post_tag","embeddable":true,"href":"https:\/\/eltrabajo.cl\/portal\/wp-json\/wp\/v2\/tags?post=64207"}],"curies":[{"name":"wp","href":"https:\/\/api.w.org\/{rel}","templated":true}]}}