{"id":64210,"date":"2015-11-24T09:40:48","date_gmt":"2015-11-24T12:40:48","guid":{"rendered":"http:\/\/www.eltrabajo.cl\/portal\/?p=64210"},"modified":"2015-11-24T09:40:48","modified_gmt":"2015-11-24T12:40:48","slug":"a-escopetazos-amenazo-de-muerte-a-vecino-por-rencillas-anteriores","status":"publish","type":"post","link":"https:\/\/eltrabajo.cl\/portal\/a-escopetazos-amenazo-de-muerte-a-vecino-por-rencillas-anteriores\/","title":{"rendered":"A escopetazos amenaz\u00f3 de muerte a vecino por rencillas anteriores"},"content":{"rendered":"<figure id=\"attachment_64211\" aria-describedby=\"caption-attachment-64211\" style=\"width: 300px\" class=\"wp-caption alignleft\"><a href=\"https:\/\/i0.wp.com\/www.eltrabajo.cl\/portal\/wp-content\/uploads\/2015\/11\/Miguel-Angel-Quijanes-Leiva.jpg\"><img data-recalc-dims=\"1\" loading=\"lazy\" decoding=\"async\" class=\"wp-image-64211 size-medium\" src=\"https:\/\/i0.wp.com\/www.eltrabajo.cl\/portal\/wp-content\/uploads\/2015\/11\/Miguel-Angel-Quijanes-Leiva-300x197.jpg?resize=300%2C197\" alt=\"El imputado Miguel \u00c1ngel Quijanes Leiva, a sus cortos 19 a\u00f1os de edad, cuenta con un historial delictivo desde que era adolescente. La justicia determin\u00f3 que su libertad es un peligro para la seguridad de la sociedad. \" width=\"300\" height=\"197\" srcset=\"https:\/\/i0.wp.com\/eltrabajo.cl\/portal\/wp-content\/uploads\/2015\/11\/Miguel-Angel-Quijanes-Leiva.jpg?resize=300%2C197&amp;ssl=1 300w, https:\/\/i0.wp.com\/eltrabajo.cl\/portal\/wp-content\/uploads\/2015\/11\/Miguel-Angel-Quijanes-Leiva.jpg?resize=200%2C131&amp;ssl=1 200w, https:\/\/i0.wp.com\/eltrabajo.cl\/portal\/wp-content\/uploads\/2015\/11\/Miguel-Angel-Quijanes-Leiva.jpg?resize=228%2C150&amp;ssl=1 228w, https:\/\/i0.wp.com\/eltrabajo.cl\/portal\/wp-content\/uploads\/2015\/11\/Miguel-Angel-Quijanes-Leiva.jpg?resize=400%2C263&amp;ssl=1 400w, https:\/\/i0.wp.com\/eltrabajo.cl\/portal\/wp-content\/uploads\/2015\/11\/Miguel-Angel-Quijanes-Leiva.jpg?w=530&amp;ssl=1 530w\" sizes=\"auto, (max-width: 300px) 100vw, 300px\" \/><\/a><figcaption id=\"caption-attachment-64211\" class=\"wp-caption-text\">El imputado Miguel \u00c1ngel Quijanes Leiva, a sus cortos 19 a\u00f1os de edad, cuenta con un historial delictivo desde que era adolescente. La justicia determin\u00f3 que su libertad es un peligro para la seguridad de la sociedad.<\/figcaption><\/figure>\n<ul>\n<li><strong>Carabineros captur\u00f3 al sujeto que portaba una escopeta hechiza, cuando escapaba hacia al cerro, lugar donde fue arrestado para ser entregado a la justicia que determin\u00f3 que su libertad es un serio peligro para la sociedad.<\/strong><\/li>\n<\/ul>\n<p>Rencillas anteriores habr\u00edan provocado que un sujeto disparara con una escopeta hechiza a una vivienda del sector Algarrobal de San Felipe, amenazando a sus ocupantes, los que debieron requerir la intervenci\u00f3n de Carabineros que a los pocos minutos logr\u00f3 la captura de este sujeto.<br \/>\nDe acuerdo a los hechos vertidos por el denunciante a Carabineros, el delito se produjo en los momentos en que el imputado, identificado como Miguel \u00c1ngel Quijanes Leiva, concurri\u00f3 hasta el domicilio de las v\u00edctimas armado con una escopeta, amenazando que dar\u00eda muerte a la v\u00edctima y sus hermanos, aparentemente por rencillas anteriores.<br \/>\nEl afectado asegur\u00f3 que Quijanes Leiva se dirigi\u00f3 hasta otro domicilio de propiedad del denunciante, efectuando disparos al aire, instantes en que la v\u00edctima a fin de evitar alg\u00fan tipo de desgracia, requiri\u00f3 la presencia de Carabineros quienes se trasladaron al lugar encontrando en la v\u00eda p\u00fablica al imputado.<br \/>\nLa polic\u00eda uniformada individualiz\u00f3 al sospechoso en los momentos que \u00e9ste arroj\u00f3 al suelo un objeto contundente y escap\u00f3 en direcci\u00f3n al cerro, comprob\u00e1ndose posteriormente que se trataba de la escopeta de fabricaci\u00f3n artesanal, motivos por los cuales los uniformados lo arrestaron.<br \/>\nMiguel Quijanes cuenta con un amplio prontuario delictivo y fue derivado hasta el Juzgado de Garant\u00eda de San Felipe para ser sometido a control de detenci\u00f3n por la Fiscal\u00eda, la que requiri\u00f3 la cautelar de prisi\u00f3n preventiva por representar un serio peligro para la seguridad de sociedad.<br \/>\nEl Tribunal accedi\u00f3 a esta petici\u00f3n del Ministerio P\u00fablico ordenando el ingreso del imputado hasta el Centro de Cumplimiento Penitenciario de San Felipe, decretando un plazo de investigaci\u00f3n de 60 d\u00edas.<br \/>\n<strong>Pablo Salinas Sald\u00edas<\/strong><\/p>\n","protected":false},"excerpt":{"rendered":"<p>Carabineros captur\u00f3 al sujeto que portaba una escopeta hechiza, cuando escapaba hacia al cerro, lugar donde fue arrestado para ser entregado a la justicia que determin\u00f3 que su libertad es un serio&#8230;<\/p>\n","protected":false},"author":482,"featured_media":64211,"comment_status":"open","ping_status":"open","sticky":false,"template":"","format":"standard","meta":{"advanced_seo_description":"","jetpack_seo_html_title":"","jetpack_seo_noindex":false,"_jetpack_memberships_contains_paid_content":false,"footnotes":""},"categories":[21],"tags":[],"class_list":["post-64210","post","type-post","status-publish","format-standard","has-post-thumbnail","hentry","category-policial"],"jetpack_featured_media_url":"https:\/\/i0.wp.com\/eltrabajo.cl\/portal\/wp-content\/uploads\/2015\/11\/Miguel-Angel-Quijanes-Leiva.jpg?fit=530%2C348&ssl=1","jetpack_sharing_enabled":true,"jetpack_likes_enabled":true,"jetpack-related-posts":[],"_links":{"self":[{"href":"https:\/\/eltrabajo.cl\/portal\/wp-json\/wp\/v2\/posts\/64210","targetHints":{"allow":["GET"]}}],"collection":[{"href":"https:\/\/eltrabajo.cl\/portal\/wp-json\/wp\/v2\/posts"}],"about":[{"href":"https:\/\/eltrabajo.cl\/portal\/wp-json\/wp\/v2\/types\/post"}],"author":[{"embeddable":true,"href":"https:\/\/eltrabajo.cl\/portal\/wp-json\/wp\/v2\/users\/482"}],"replies":[{"embeddable":true,"href":"https:\/\/eltrabajo.cl\/portal\/wp-json\/wp\/v2\/comments?post=64210"}],"version-history":[{"count":0,"href":"https:\/\/eltrabajo.cl\/portal\/wp-json\/wp\/v2\/posts\/64210\/revisions"}],"wp:featuredmedia":[{"embeddable":true,"href":"https:\/\/eltrabajo.cl\/portal\/wp-json\/wp\/v2\/media\/64211"}],"wp:attachment":[{"href":"https:\/\/eltrabajo.cl\/portal\/wp-json\/wp\/v2\/media?parent=64210"}],"wp:term":[{"taxonomy":"category","embeddable":true,"href":"https:\/\/eltrabajo.cl\/portal\/wp-json\/wp\/v2\/categories?post=64210"},{"taxonomy":"post_tag","embeddable":true,"href":"https:\/\/eltrabajo.cl\/portal\/wp-json\/wp\/v2\/tags?post=64210"}],"curies":[{"name":"wp","href":"https:\/\/api.w.org\/{rel}","templated":true}]}}