{"id":64213,"date":"2015-11-25T09:19:13","date_gmt":"2015-11-25T12:19:13","guid":{"rendered":"http:\/\/www.eltrabajo.cl\/portal\/?p=64213"},"modified":"2015-11-25T09:19:13","modified_gmt":"2015-11-25T12:19:13","slug":"critican-a-municipio-por-falta-de-informacion-sobre-instalacion-de-tuberias-de-gas-natural","status":"publish","type":"post","link":"https:\/\/eltrabajo.cl\/portal\/critican-a-municipio-por-falta-de-informacion-sobre-instalacion-de-tuberias-de-gas-natural\/","title":{"rendered":"Critican a municipio por falta de informaci\u00f3n sobre instalaci\u00f3n de tuber\u00edas de gas natural"},"content":{"rendered":"<figure id=\"attachment_64214\" aria-describedby=\"caption-attachment-64214\" style=\"width: 300px\" class=\"wp-caption alignleft\"><a href=\"https:\/\/i0.wp.com\/www.eltrabajo.cl\/portal\/wp-content\/uploads\/2015\/11\/jorge-ponce-gasnatural.jpg\"><img data-recalc-dims=\"1\" loading=\"lazy\" decoding=\"async\" class=\"wp-image-64214 size-medium\" src=\"https:\/\/i0.wp.com\/www.eltrabajo.cl\/portal\/wp-content\/uploads\/2015\/11\/jorge-ponce-gasnatural-300x198.jpg?resize=300%2C198\" alt=\"Jorge Ponce, presidente de la Uni\u00f3n Comunal de Juntas de Vecinos de Los Andes.\" width=\"300\" height=\"198\" srcset=\"https:\/\/i0.wp.com\/eltrabajo.cl\/portal\/wp-content\/uploads\/2015\/11\/jorge-ponce-gasnatural.jpg?resize=300%2C198&amp;ssl=1 300w, https:\/\/i0.wp.com\/eltrabajo.cl\/portal\/wp-content\/uploads\/2015\/11\/jorge-ponce-gasnatural.jpg?resize=200%2C132&amp;ssl=1 200w, https:\/\/i0.wp.com\/eltrabajo.cl\/portal\/wp-content\/uploads\/2015\/11\/jorge-ponce-gasnatural.jpg?resize=228%2C150&amp;ssl=1 228w, https:\/\/i0.wp.com\/eltrabajo.cl\/portal\/wp-content\/uploads\/2015\/11\/jorge-ponce-gasnatural.jpg?resize=400%2C263&amp;ssl=1 400w, https:\/\/i0.wp.com\/eltrabajo.cl\/portal\/wp-content\/uploads\/2015\/11\/jorge-ponce-gasnatural.jpg?w=530&amp;ssl=1 530w\" sizes=\"auto, (max-width: 300px) 100vw, 300px\" \/><\/a><figcaption id=\"caption-attachment-64214\" class=\"wp-caption-text\">Jorge Ponce, presidente de la Uni\u00f3n Comunal de Juntas de Vecinos de Los Andes.<\/figcaption><\/figure>\n<ul>\n<li><strong>Presidente de la Unco dijo que la municipalidad entreg\u00f3 las autorizaciones a la empresa para poder intervenir en las poblaciones.<\/strong><\/li>\n<\/ul>\n<p><strong>LOS ANDES.<\/strong>&#8211; El Presidente de la Uni\u00f3n Comunal de Juntas de Vecinos de Los Andes, Jorge Ponce, responsabiliz\u00f3 en forma directa al municipio por no haber sociabilizado los trabajos de instalaci\u00f3n de tuber\u00edas de gas natural en diversos puntos de la ciudad, generando el airado reclamo de los vecinos.<br \/>\nPonce dijo que si bien la empresa Energas cuenta con los permisos otorgados por el municipio conforme a los requisitos exigidos por la direcci\u00f3n de obras, lo realizado por la empresa en orden a no informar a los residentes y usuarios ha provocado problemas, sobre todo porque en muchos sectores en que ya se instalaron las tuber\u00edas las veredas no han sido repavimentadas, transform\u00e1ndose en un riesgo para los peatones, especialmente los adultos mayores.<br \/>\nEl personero puntualiz\u00f3 que la municipalidad no puede prohibir que la empresa realice estas obras si cumple con lo exigido por la ley y record\u00f3 que la instalaci\u00f3n del gas natural obedece a una necesidad de las empresas Jumbo, Cormec\u00e1nica y el Hospital San Juan de Dios, no a un tema netamente domiciliario.<br \/>\nAgreg\u00f3 que Energas est\u00e1 aprovechando esto para poder ofrecer el servicio de gas natural domiciliario, aun cuando los vecinos se opongan.<br \/>\nDijo que han sostenido reuniones con la empresa que se ha mostrado dispuesta a trabajar con los vecinos para informar sobre los trabajos y tambi\u00e9n respecto a las medidas de seguridad que deben tener estas tuber\u00edas para evitar que se rompan en caso un sismo u otro factor clim\u00e1tico.<br \/>\nRespecto a los reclamos de los vecinos de la Vista Cordillera I, que incluso los llev\u00f3 a realizar una protesta pac\u00edfica, Ponce manifest\u00f3 que es comprensible, pero no se puede impedir que la empresa no realce los trabajos, asegurando que existe un compromiso de Energas de intervenir las salidas de veh\u00edculos de la casas y colocar estabilizado en forma inmediata, debiendo proceder a la repavimentaci\u00f3n de los accesos en un m\u00e1ximo de cuatro d\u00edas.<\/p>\n","protected":false},"excerpt":{"rendered":"<p>Presidente de la Unco dijo que la municipalidad entreg\u00f3 las autorizaciones a la empresa para poder intervenir en las poblaciones. LOS ANDES.&#8211; El Presidente de la Uni\u00f3n Comunal de Juntas de Vecinos&#8230;<\/p>\n","protected":false},"author":482,"featured_media":64214,"comment_status":"open","ping_status":"open","sticky":false,"template":"","format":"standard","meta":{"advanced_seo_description":"","jetpack_seo_html_title":"","jetpack_seo_noindex":false,"_jetpack_memberships_contains_paid_content":false,"footnotes":""},"categories":[15],"tags":[],"class_list":["post-64213","post","type-post","status-publish","format-standard","has-post-thumbnail","hentry","category-comunidad"],"jetpack_featured_media_url":"https:\/\/i0.wp.com\/eltrabajo.cl\/portal\/wp-content\/uploads\/2015\/11\/jorge-ponce-gasnatural.jpg?fit=530%2C349&ssl=1","jetpack_sharing_enabled":true,"jetpack_likes_enabled":true,"jetpack-related-posts":[],"_links":{"self":[{"href":"https:\/\/eltrabajo.cl\/portal\/wp-json\/wp\/v2\/posts\/64213","targetHints":{"allow":["GET"]}}],"collection":[{"href":"https:\/\/eltrabajo.cl\/portal\/wp-json\/wp\/v2\/posts"}],"about":[{"href":"https:\/\/eltrabajo.cl\/portal\/wp-json\/wp\/v2\/types\/post"}],"author":[{"embeddable":true,"href":"https:\/\/eltrabajo.cl\/portal\/wp-json\/wp\/v2\/users\/482"}],"replies":[{"embeddable":true,"href":"https:\/\/eltrabajo.cl\/portal\/wp-json\/wp\/v2\/comments?post=64213"}],"version-history":[{"count":0,"href":"https:\/\/eltrabajo.cl\/portal\/wp-json\/wp\/v2\/posts\/64213\/revisions"}],"wp:featuredmedia":[{"embeddable":true,"href":"https:\/\/eltrabajo.cl\/portal\/wp-json\/wp\/v2\/media\/64214"}],"wp:attachment":[{"href":"https:\/\/eltrabajo.cl\/portal\/wp-json\/wp\/v2\/media?parent=64213"}],"wp:term":[{"taxonomy":"category","embeddable":true,"href":"https:\/\/eltrabajo.cl\/portal\/wp-json\/wp\/v2\/categories?post=64213"},{"taxonomy":"post_tag","embeddable":true,"href":"https:\/\/eltrabajo.cl\/portal\/wp-json\/wp\/v2\/tags?post=64213"}],"curies":[{"name":"wp","href":"https:\/\/api.w.org\/{rel}","templated":true}]}}