{"id":64216,"date":"2015-11-25T09:20:45","date_gmt":"2015-11-25T12:20:45","guid":{"rendered":"http:\/\/www.eltrabajo.cl\/portal\/?p=64216"},"modified":"2015-11-25T09:20:45","modified_gmt":"2015-11-25T12:20:45","slug":"autoridades-participan-de-jornada-ante-aumento-de-casos-de-meningitis-viral","status":"publish","type":"post","link":"https:\/\/eltrabajo.cl\/portal\/autoridades-participan-de-jornada-ante-aumento-de-casos-de-meningitis-viral\/","title":{"rendered":"Autoridades participan de jornada ante aumento de casos de Meningitis viral"},"content":{"rendered":"<figure id=\"attachment_64217\" aria-describedby=\"caption-attachment-64217\" style=\"width: 300px\" class=\"wp-caption alignleft\"><a href=\"https:\/\/i0.wp.com\/www.eltrabajo.cl\/portal\/wp-content\/uploads\/2015\/11\/Julia-marin.jpg\"><img data-recalc-dims=\"1\" loading=\"lazy\" decoding=\"async\" class=\"wp-image-64217 size-medium\" src=\"https:\/\/i0.wp.com\/www.eltrabajo.cl\/portal\/wp-content\/uploads\/2015\/11\/Julia-marin-300x197.jpg?resize=300%2C197\" alt=\"Julia Mar\u00edn, directora del Daem de Panquehue.\" width=\"300\" height=\"197\" srcset=\"https:\/\/i0.wp.com\/eltrabajo.cl\/portal\/wp-content\/uploads\/2015\/11\/Julia-marin.jpg?resize=300%2C197&amp;ssl=1 300w, https:\/\/i0.wp.com\/eltrabajo.cl\/portal\/wp-content\/uploads\/2015\/11\/Julia-marin.jpg?resize=200%2C131&amp;ssl=1 200w, https:\/\/i0.wp.com\/eltrabajo.cl\/portal\/wp-content\/uploads\/2015\/11\/Julia-marin.jpg?resize=228%2C150&amp;ssl=1 228w, https:\/\/i0.wp.com\/eltrabajo.cl\/portal\/wp-content\/uploads\/2015\/11\/Julia-marin.jpg?resize=400%2C263&amp;ssl=1 400w, https:\/\/i0.wp.com\/eltrabajo.cl\/portal\/wp-content\/uploads\/2015\/11\/Julia-marin.jpg?w=530&amp;ssl=1 530w\" sizes=\"auto, (max-width: 300px) 100vw, 300px\" \/><\/a><figcaption id=\"caption-attachment-64217\" class=\"wp-caption-text\">Julia Mar\u00edn, directora del Daem de Panquehue.<\/figcaption><\/figure>\n<ul>\n<li><strong>Si bien en la comuna de Panquehue no se han registrado casos, la Directora del Daem Julia Mar\u00edn estima que es muy importante tener en conocimiento los protocolos para proceder en caso de ser necesario.<\/strong><\/li>\n<\/ul>\n<p><strong>PANQUEHUE.<\/strong>&#8211; Luego que la Seremi de Salud de la Quinta Regi\u00f3n reconociera un aumento de casos de meningitis viral en el Valle de Aconcagua, la que si bien no presenta tasas de mortalidad alta, donde el contagio afecta principalmente a los ni\u00f1os, la Directora del Daem de Panquehue, Julia Mar\u00edn particip\u00f3 de una jornada orientada a poder fijar los protocolos, que permit\u00edan actuar en caso de emergencia.<br \/>\nSi bien la autoridad de salud manifest\u00f3 que este tipo de meningitis es menos mort\u00edfera que la meningoc\u00f3sica que es bacterial, el modo de transmisi\u00f3n se genera principalmente por v\u00eda fecal oral.<br \/>\nAnte estos escenarios la Directora del Daem reiter\u00f3 que es muy importante el adoptar medidas higi\u00e9nicas necesarias para evitar el contagio, sobre todo en los ni\u00f1os.<br \/>\nEn este contexto afirm\u00f3 que est\u00e1n reforzando las fiscalizaciones en colegios, sobre todo para verificar que cada escuela de la comuna de Panquehue, cuente con jab\u00f3n l\u00edquido, papel higi\u00e9nico y papel para sacarse en los ba\u00f1os.<br \/>\nAsimismo, inst\u00f3 a los establecimientos educacionales a realizar una limpieza de los ba\u00f1os en forma m\u00e1s seguida de lo habitual y reforzar las medidas de higiene en los ni\u00f1os como el lavado de manos antes de comer.<br \/>\nEste tipo de meningitis se presenta con s\u00edntomas parecidos al resfriado, pudiendo ser uno solo o varios malestares, por lo que si estos se prolongan en el tiempo, se debe acudir al Cesfam y solo en caso que exista riesgo vital a un servicio de urgencia de un hospital.<\/p>\n","protected":false},"excerpt":{"rendered":"<p>Si bien en la comuna de Panquehue no se han registrado casos, la Directora del Daem Julia Mar\u00edn estima que es muy importante tener en conocimiento los protocolos para proceder en caso&#8230;<\/p>\n","protected":false},"author":482,"featured_media":64217,"comment_status":"open","ping_status":"open","sticky":false,"template":"","format":"standard","meta":{"advanced_seo_description":"","jetpack_seo_html_title":"","jetpack_seo_noindex":false,"_jetpack_memberships_contains_paid_content":false,"footnotes":""},"categories":[15],"tags":[],"class_list":["post-64216","post","type-post","status-publish","format-standard","has-post-thumbnail","hentry","category-comunidad"],"jetpack_featured_media_url":"https:\/\/i0.wp.com\/eltrabajo.cl\/portal\/wp-content\/uploads\/2015\/11\/Julia-marin.jpg?fit=530%2C348&ssl=1","jetpack_sharing_enabled":true,"jetpack_likes_enabled":true,"jetpack-related-posts":[],"_links":{"self":[{"href":"https:\/\/eltrabajo.cl\/portal\/wp-json\/wp\/v2\/posts\/64216","targetHints":{"allow":["GET"]}}],"collection":[{"href":"https:\/\/eltrabajo.cl\/portal\/wp-json\/wp\/v2\/posts"}],"about":[{"href":"https:\/\/eltrabajo.cl\/portal\/wp-json\/wp\/v2\/types\/post"}],"author":[{"embeddable":true,"href":"https:\/\/eltrabajo.cl\/portal\/wp-json\/wp\/v2\/users\/482"}],"replies":[{"embeddable":true,"href":"https:\/\/eltrabajo.cl\/portal\/wp-json\/wp\/v2\/comments?post=64216"}],"version-history":[{"count":0,"href":"https:\/\/eltrabajo.cl\/portal\/wp-json\/wp\/v2\/posts\/64216\/revisions"}],"wp:featuredmedia":[{"embeddable":true,"href":"https:\/\/eltrabajo.cl\/portal\/wp-json\/wp\/v2\/media\/64217"}],"wp:attachment":[{"href":"https:\/\/eltrabajo.cl\/portal\/wp-json\/wp\/v2\/media?parent=64216"}],"wp:term":[{"taxonomy":"category","embeddable":true,"href":"https:\/\/eltrabajo.cl\/portal\/wp-json\/wp\/v2\/categories?post=64216"},{"taxonomy":"post_tag","embeddable":true,"href":"https:\/\/eltrabajo.cl\/portal\/wp-json\/wp\/v2\/tags?post=64216"}],"curies":[{"name":"wp","href":"https:\/\/api.w.org\/{rel}","templated":true}]}}