{"id":64219,"date":"2015-11-25T09:23:47","date_gmt":"2015-11-25T12:23:47","guid":{"rendered":"http:\/\/www.eltrabajo.cl\/portal\/?p=64219"},"modified":"2015-11-25T09:23:47","modified_gmt":"2015-11-25T12:23:47","slug":"estudiantes-de-colegio-san-jose-visitaron-codelco-y-compartieron-con-sus-profesionales","status":"publish","type":"post","link":"https:\/\/eltrabajo.cl\/portal\/estudiantes-de-colegio-san-jose-visitaron-codelco-y-compartieron-con-sus-profesionales\/","title":{"rendered":"Estudiantes de Colegio San Jos\u00e9 visitaron Codelco y compartieron con sus profesionales"},"content":{"rendered":"<figure id=\"attachment_64220\" aria-describedby=\"caption-attachment-64220\" style=\"width: 300px\" class=\"wp-caption alignleft\"><a href=\"https:\/\/i0.wp.com\/www.eltrabajo.cl\/portal\/wp-content\/uploads\/2015\/11\/Andina-m%C3%A1s-Cerca-2.jpg\"><img data-recalc-dims=\"1\" loading=\"lazy\" decoding=\"async\" class=\"wp-image-64220 size-medium\" src=\"https:\/\/i0.wp.com\/www.eltrabajo.cl\/portal\/wp-content\/uploads\/2015\/11\/Andina-m%C3%A1s-Cerca-2-300x198.jpg?resize=300%2C198\" alt=\"34 alumnos del 7\u00ba A del colegio San Jos\u00e9 participaron atentamente de las charlas que profesionales de Codelco realizaron para ellos.\" width=\"300\" height=\"198\" srcset=\"https:\/\/i0.wp.com\/eltrabajo.cl\/portal\/wp-content\/uploads\/2015\/11\/Andina-m%C3%A1s-Cerca-2.jpg?resize=300%2C198&amp;ssl=1 300w, https:\/\/i0.wp.com\/eltrabajo.cl\/portal\/wp-content\/uploads\/2015\/11\/Andina-m%C3%A1s-Cerca-2.jpg?resize=200%2C132&amp;ssl=1 200w, https:\/\/i0.wp.com\/eltrabajo.cl\/portal\/wp-content\/uploads\/2015\/11\/Andina-m%C3%A1s-Cerca-2.jpg?resize=228%2C150&amp;ssl=1 228w, https:\/\/i0.wp.com\/eltrabajo.cl\/portal\/wp-content\/uploads\/2015\/11\/Andina-m%C3%A1s-Cerca-2.jpg?resize=400%2C263&amp;ssl=1 400w, https:\/\/i0.wp.com\/eltrabajo.cl\/portal\/wp-content\/uploads\/2015\/11\/Andina-m%C3%A1s-Cerca-2.jpg?w=530&amp;ssl=1 530w\" sizes=\"auto, (max-width: 300px) 100vw, 300px\" \/><\/a><figcaption id=\"caption-attachment-64220\" class=\"wp-caption-text\">34 alumnos del 7\u00ba A del colegio San Jos\u00e9 participaron atentamente de las charlas que profesionales de Codelco realizaron para ellos.<\/figcaption><\/figure>\n<ul>\n<li><strong>En un recorrido guiado, los estudiantes del 7\u00ba b\u00e1sico conocieron acerca de los usos de cobre, su cadena de producci\u00f3n y el Centro Integrado de Operaciones.<\/strong><\/li>\n<\/ul>\n<p><strong>LOS ANDES.<\/strong>&#8211; Estudiantes del s\u00e9ptimo b\u00e1sico A del Colegio San Jos\u00e9 recorrieron el edificio institucional de Codelco, en el marco del programa Andina M\u00e1s Cerca. A trav\u00e9s de esta iniciativa \u2013por la que han pasado m\u00e1s de 250 ni\u00f1os de once establecimientos p\u00fablicos de la comuna\u2013 la empresa busca acercar sus operaciones a la comunidad.<br \/>\n\u201cCon el programa Andina m\u00e1s Cerca hemos podido mostrarles un mundo nuevo a los j\u00f3venes de la zona, presentarles la realidad en la que estamos insertos y acercarlos a nuestro quehacer diario y desaf\u00edos futuros. Es realmente un privilegio y orgullo ser un embajador de la Divisi\u00f3n frente a ellos\u201d, destac\u00f3 el especialista s\u00e9nior de Andina, Gerardo Alarc\u00f3n, encargado de iniciar la jornada.<br \/>\nCon mucha atenci\u00f3n, los 34 alumnos presenciaron una charla sobre los trabajos realizados por los profesionales de la Divisi\u00f3n y la cadena de producci\u00f3n para extraer el metal desde las monta\u00f1as. Tambi\u00e9n conocieron sobre el \u00e1rea de la geolog\u00eda y vieron, en tiempo real, c\u00f3mo trabajan los camiones en la alta cordillera a trav\u00e9s de las pantallas del Centro Integrado de Operaciones.<br \/>\nPara el profesor Ronald Rojas, el programa es \u201cuna buena iniciativa por parte de Codelco porque los ni\u00f1os pueden informarse y aprender cosas nuevas. As\u00ed tambi\u00e9n desarrollan un m\u00e1s amplio conocimiento sobre qu\u00e9 hace Divisi\u00f3n Andina en la zona, y c\u00f3mo se trabaja desde la extracci\u00f3n del mineral hasta su comercializaci\u00f3n\u201d.<\/p>\n<p><strong>AMPLIANDO LA VISI\u00d3N<\/strong><br \/>\n<strong>Benjam\u00edn Estefo, estudiante 7\u00ba b\u00e1sico A<\/strong><br \/>\n\u201cHe aprendido sobre todo lo que se puede hacer con el cobre y la geolog\u00eda. Aqu\u00ed nos entregaron datos nuevos como la reutilizaci\u00f3n del agua que es muy importante\u201d.<br \/>\n<strong>Nicol\u00e1s Escobar, estudiante 7\u00ba b\u00e1sico A<\/strong><br \/>\n\u201cMe gust\u00f3 todo. La presentaci\u00f3n fue muy completa. No conoc\u00eda los tipos de rocas ni las minas que hay en Chile. Fue muy interesante. Es un buen lugar para aprender\u201d.<br \/>\n<strong>Antonella Arias, estudiante 7\u00ba b\u00e1sico A<\/strong><br \/>\n\u201cEs importante conocer los tipos de minerales y todo lo que nuestro pa\u00eds puede hacer con el cobre. Y es motivante saber que ahora hay mujeres que manejan camiones\u201d.<br \/>\nMauricio Morales, apoderado Colegio San Jos\u00e9, \u201cEs una instancia positiva que la empresa acerque a los colegios, y sobre todo a los m\u00e1s peque\u00f1os, para incentivarlos y darles a conocer sobre el mundo de la miner\u00eda\u201d.<\/p>\n<div class=\"tiled-gallery type-rectangular tiled-gallery-unresized\" data-original-width=\"640\" data-carousel-extra='null' itemscope itemtype=\"http:\/\/schema.org\/ImageGallery\" > <div class=\"gallery-row\" style=\"width: 640px; height: 211px;\" data-original-width=\"640\" data-original-height=\"211\" > <div class=\"gallery-group images-1\" style=\"width: 320px; height: 211px;\" data-original-width=\"320\" data-original-height=\"211\" > <div class=\"tiled-gallery-item tiled-gallery-item-large\" itemprop=\"associatedMedia\" itemscope itemtype=\"http:\/\/schema.org\/ImageObject\"> <a href=\"https:\/\/eltrabajo.cl\/portal\/estudiantes-de-colegio-san-jose-visitaron-codelco-y-compartieron-con-sus-profesionales\/antonella-arias\/\" border=\"0\" itemprop=\"url\"> <meta itemprop=\"width\" content=\"316\"> <meta itemprop=\"height\" content=\"207\"> <img decoding=\"async\" class=\"\" data-attachment-id=\"64221\" data-orig-file=\"https:\/\/eltrabajo.cl\/portal\/wp-content\/uploads\/2015\/11\/antonella-arias.jpg\" data-orig-size=\"530,348\" data-comments-opened=\"1\" data-image-meta=\"{&quot;aperture&quot;:&quot;0&quot;,&quot;credit&quot;:&quot;&quot;,&quot;camera&quot;:&quot;&quot;,&quot;caption&quot;:&quot;&quot;,&quot;created_timestamp&quot;:&quot;0&quot;,&quot;copyright&quot;:&quot;&quot;,&quot;focal_length&quot;:&quot;0&quot;,&quot;iso&quot;:&quot;0&quot;,&quot;shutter_speed&quot;:&quot;0&quot;,&quot;title&quot;:&quot;&quot;,&quot;orientation&quot;:&quot;0&quot;}\" data-image-title=\"antonella arias\" data-image-description=\"&lt;p&gt;Alumna del 7\u00ba A del colegio San Jos\u00e9.&lt;\/p&gt; \" data-medium-file=\"https:\/\/i0.wp.com\/eltrabajo.cl\/portal\/wp-content\/uploads\/2015\/11\/antonella-arias.jpg?fit=300%2C197&#038;ssl=1\" data-large-file=\"https:\/\/i0.wp.com\/eltrabajo.cl\/portal\/wp-content\/uploads\/2015\/11\/antonella-arias.jpg?fit=530%2C348&#038;ssl=1\" src=\"https:\/\/i0.wp.com\/eltrabajo.cl\/portal\/wp-content\/uploads\/2015\/11\/antonella-arias.jpg?w=316&#038;h=207&#038;ssl=1\" srcset=\"https:\/\/i0.wp.com\/eltrabajo.cl\/portal\/wp-content\/uploads\/2015\/11\/antonella-arias.jpg?w=530&amp;ssl=1 530w, https:\/\/i0.wp.com\/eltrabajo.cl\/portal\/wp-content\/uploads\/2015\/11\/antonella-arias.jpg?resize=200%2C131&amp;ssl=1 200w, https:\/\/i0.wp.com\/eltrabajo.cl\/portal\/wp-content\/uploads\/2015\/11\/antonella-arias.jpg?resize=300%2C197&amp;ssl=1 300w, https:\/\/i0.wp.com\/eltrabajo.cl\/portal\/wp-content\/uploads\/2015\/11\/antonella-arias.jpg?resize=228%2C150&amp;ssl=1 228w, https:\/\/i0.wp.com\/eltrabajo.cl\/portal\/wp-content\/uploads\/2015\/11\/antonella-arias.jpg?resize=400%2C263&amp;ssl=1 400w\" width=\"316\" height=\"207\" loading=\"lazy\" data-original-width=\"316\" data-original-height=\"207\" itemprop=\"http:\/\/schema.org\/image\" title=\"antonella arias\" alt=\"Alumna del 7\u00ba A del colegio San Jos\u00e9.\" style=\"width: 316px; height: 207px;\" \/> <\/a> <div class=\"tiled-gallery-caption\" itemprop=\"caption description\"> Alumna del 7\u00ba A del colegio San Jos\u00e9. <\/div> <\/div> <\/div> <!-- close group --> <div class=\"gallery-group images-1\" style=\"width: 320px; height: 211px;\" data-original-width=\"320\" data-original-height=\"211\" > <div class=\"tiled-gallery-item tiled-gallery-item-large\" itemprop=\"associatedMedia\" itemscope itemtype=\"http:\/\/schema.org\/ImageObject\"> <a href=\"https:\/\/eltrabajo.cl\/portal\/estudiantes-de-colegio-san-jose-visitaron-codelco-y-compartieron-con-sus-profesionales\/mauricio-morales\/\" border=\"0\" itemprop=\"url\"> <meta itemprop=\"width\" content=\"316\"> <meta itemprop=\"height\" content=\"207\"> <img decoding=\"async\" class=\"\" data-attachment-id=\"64222\" data-orig-file=\"https:\/\/eltrabajo.cl\/portal\/wp-content\/uploads\/2015\/11\/mauricio-morales.jpg\" data-orig-size=\"530,348\" data-comments-opened=\"1\" data-image-meta=\"{&quot;aperture&quot;:&quot;0&quot;,&quot;credit&quot;:&quot;&quot;,&quot;camera&quot;:&quot;&quot;,&quot;caption&quot;:&quot;&quot;,&quot;created_timestamp&quot;:&quot;0&quot;,&quot;copyright&quot;:&quot;&quot;,&quot;focal_length&quot;:&quot;0&quot;,&quot;iso&quot;:&quot;0&quot;,&quot;shutter_speed&quot;:&quot;0&quot;,&quot;title&quot;:&quot;&quot;,&quot;orientation&quot;:&quot;0&quot;}\" data-image-title=\"mauricio morales\" data-image-description=\"&lt;p&gt;Mauricio Morales, apoderado Colegio San Jos\u00e9&lt;\/p&gt; \" data-medium-file=\"https:\/\/i0.wp.com\/eltrabajo.cl\/portal\/wp-content\/uploads\/2015\/11\/mauricio-morales.jpg?fit=300%2C197&#038;ssl=1\" data-large-file=\"https:\/\/i0.wp.com\/eltrabajo.cl\/portal\/wp-content\/uploads\/2015\/11\/mauricio-morales.jpg?fit=530%2C348&#038;ssl=1\" src=\"https:\/\/i0.wp.com\/eltrabajo.cl\/portal\/wp-content\/uploads\/2015\/11\/mauricio-morales.jpg?w=316&#038;h=207&#038;ssl=1\" srcset=\"https:\/\/i0.wp.com\/eltrabajo.cl\/portal\/wp-content\/uploads\/2015\/11\/mauricio-morales.jpg?w=530&amp;ssl=1 530w, https:\/\/i0.wp.com\/eltrabajo.cl\/portal\/wp-content\/uploads\/2015\/11\/mauricio-morales.jpg?resize=200%2C131&amp;ssl=1 200w, https:\/\/i0.wp.com\/eltrabajo.cl\/portal\/wp-content\/uploads\/2015\/11\/mauricio-morales.jpg?resize=300%2C197&amp;ssl=1 300w, https:\/\/i0.wp.com\/eltrabajo.cl\/portal\/wp-content\/uploads\/2015\/11\/mauricio-morales.jpg?resize=228%2C150&amp;ssl=1 228w, https:\/\/i0.wp.com\/eltrabajo.cl\/portal\/wp-content\/uploads\/2015\/11\/mauricio-morales.jpg?resize=400%2C263&amp;ssl=1 400w\" width=\"316\" height=\"207\" loading=\"lazy\" data-original-width=\"316\" data-original-height=\"207\" itemprop=\"http:\/\/schema.org\/image\" title=\"mauricio morales\" alt=\"Mauricio Morales, apoderado Colegio San Jos\u00e9\" style=\"width: 316px; height: 207px;\" \/> <\/a> <div class=\"tiled-gallery-caption\" itemprop=\"caption description\"> Mauricio Morales, apoderado Colegio San Jos\u00e9 <\/div> <\/div> <\/div> <!-- close group --> <\/div> <!-- close row --> <\/div>\n","protected":false},"excerpt":{"rendered":"<p>En un recorrido guiado, los estudiantes del 7\u00ba b\u00e1sico conocieron acerca de los usos de cobre, su cadena de producci\u00f3n y el Centro Integrado de Operaciones. LOS ANDES.&#8211; Estudiantes del s\u00e9ptimo b\u00e1sico&#8230;<\/p>\n","protected":false},"author":482,"featured_media":64220,"comment_status":"open","ping_status":"open","sticky":false,"template":"","format":"standard","meta":{"advanced_seo_description":"","jetpack_seo_html_title":"","jetpack_seo_noindex":false,"_jetpack_memberships_contains_paid_content":false,"footnotes":""},"categories":[15],"tags":[],"class_list":["post-64219","post","type-post","status-publish","format-standard","has-post-thumbnail","hentry","category-comunidad"],"jetpack_featured_media_url":"https:\/\/i0.wp.com\/eltrabajo.cl\/portal\/wp-content\/uploads\/2015\/11\/Andina-m%C3%A1s-Cerca-2.jpg?fit=530%2C349&ssl=1","jetpack_sharing_enabled":true,"jetpack_likes_enabled":true,"jetpack-related-posts":[],"_links":{"self":[{"href":"https:\/\/eltrabajo.cl\/portal\/wp-json\/wp\/v2\/posts\/64219","targetHints":{"allow":["GET"]}}],"collection":[{"href":"https:\/\/eltrabajo.cl\/portal\/wp-json\/wp\/v2\/posts"}],"about":[{"href":"https:\/\/eltrabajo.cl\/portal\/wp-json\/wp\/v2\/types\/post"}],"author":[{"embeddable":true,"href":"https:\/\/eltrabajo.cl\/portal\/wp-json\/wp\/v2\/users\/482"}],"replies":[{"embeddable":true,"href":"https:\/\/eltrabajo.cl\/portal\/wp-json\/wp\/v2\/comments?post=64219"}],"version-history":[{"count":0,"href":"https:\/\/eltrabajo.cl\/portal\/wp-json\/wp\/v2\/posts\/64219\/revisions"}],"wp:featuredmedia":[{"embeddable":true,"href":"https:\/\/eltrabajo.cl\/portal\/wp-json\/wp\/v2\/media\/64220"}],"wp:attachment":[{"href":"https:\/\/eltrabajo.cl\/portal\/wp-json\/wp\/v2\/media?parent=64219"}],"wp:term":[{"taxonomy":"category","embeddable":true,"href":"https:\/\/eltrabajo.cl\/portal\/wp-json\/wp\/v2\/categories?post=64219"},{"taxonomy":"post_tag","embeddable":true,"href":"https:\/\/eltrabajo.cl\/portal\/wp-json\/wp\/v2\/tags?post=64219"}],"curies":[{"name":"wp","href":"https:\/\/api.w.org\/{rel}","templated":true}]}}