{"id":64224,"date":"2015-11-25T09:25:53","date_gmt":"2015-11-25T12:25:53","guid":{"rendered":"http:\/\/www.eltrabajo.cl\/portal\/?p=64224"},"modified":"2015-11-25T09:25:53","modified_gmt":"2015-11-25T12:25:53","slug":"autoridad-mapuche-del-valle-de-aconcagua-fue-reconocido-por-el-consejo-regional-de-cultura","status":"publish","type":"post","link":"https:\/\/eltrabajo.cl\/portal\/autoridad-mapuche-del-valle-de-aconcagua-fue-reconocido-por-el-consejo-regional-de-cultura\/","title":{"rendered":"Autoridad Mapuche del Valle de Aconcagua fue reconocido por el Consejo Regional de Cultura"},"content":{"rendered":"<figure id=\"attachment_64225\" aria-describedby=\"caption-attachment-64225\" style=\"width: 300px\" class=\"wp-caption alignleft\"><a href=\"https:\/\/i0.wp.com\/www.eltrabajo.cl\/portal\/wp-content\/uploads\/2015\/11\/mapuches.jpg\"><img data-recalc-dims=\"1\" loading=\"lazy\" decoding=\"async\" class=\"wp-image-64225 size-medium\" src=\"https:\/\/i0.wp.com\/www.eltrabajo.cl\/portal\/wp-content\/uploads\/2015\/11\/mapuches-300x197.jpg?resize=300%2C197\" alt=\"El Premio al Reconocimiento y Transmisi\u00f3n de la cultura de los Pueblos Originarios recay\u00f3 en Don Manuel Currilem Cheuquel \u00d1idol Lonko (Lonko mayor) de Santa Mar\u00eda. \" width=\"300\" height=\"197\" srcset=\"https:\/\/i0.wp.com\/eltrabajo.cl\/portal\/wp-content\/uploads\/2015\/11\/mapuches.jpg?resize=300%2C197&amp;ssl=1 300w, https:\/\/i0.wp.com\/eltrabajo.cl\/portal\/wp-content\/uploads\/2015\/11\/mapuches.jpg?resize=200%2C131&amp;ssl=1 200w, https:\/\/i0.wp.com\/eltrabajo.cl\/portal\/wp-content\/uploads\/2015\/11\/mapuches.jpg?resize=228%2C150&amp;ssl=1 228w, https:\/\/i0.wp.com\/eltrabajo.cl\/portal\/wp-content\/uploads\/2015\/11\/mapuches.jpg?resize=400%2C263&amp;ssl=1 400w, https:\/\/i0.wp.com\/eltrabajo.cl\/portal\/wp-content\/uploads\/2015\/11\/mapuches.jpg?w=530&amp;ssl=1 530w\" sizes=\"auto, (max-width: 300px) 100vw, 300px\" \/><\/a><figcaption id=\"caption-attachment-64225\" class=\"wp-caption-text\">El Premio al Reconocimiento y Transmisi\u00f3n de la cultura de los Pueblos Originarios recay\u00f3 en Don Manuel Currilem Cheuquel \u00d1idol Lonko (Lonko mayor) de Santa Mar\u00eda.<\/figcaption><\/figure>\n<p>El pasado mi\u00e9rcoles 18 de noviembre el Consejo Regional de la Cultura entreg\u00f3 los \u2018Premios de Arte y Cultura\u2019 en su tercera versi\u00f3n. \u201c\u201cEn la ceremonia por primera vez nuestro Valle de Aconcagua recibi\u00f3 tres premios destac\u00e1ndose entre ellos el \u2018Reconocimiento y Transmisi\u00f3n de la cultura de los Pueblos Originarios\u2019 que lo obtuvo el \u00d1idol Lonko (Lonko Mayor) Manuel Currilem Cheuquel, Lonko de Santa Mar\u00eda del Valle de Aconcagua, La Ligua Petorca y Quilpue quien, muy emocionado y con palabras entre cortadas, destac\u00f3 este reconocimiento \u201cfue gracias a la constancia y resistencia cultural que han mantenido por m\u00e1s de 40 a\u00f1os ac\u00e1 en Aconcagua, lucha que no ha estado exenta de dificultades y problemas, pero este galard\u00f3n\u201d \u2013indic\u00f3 el Lonko mapuche aconcag\u00fcino- \u201cEste premio es hist\u00f3rico, estamos viviendo un hito hist\u00f3rico en el mundo mapuche, pero no es un premio para m\u00ed, es un reconocimiento para todo nosotros, los mapuche, que seguimos vivos y manteniendo nuestra cultura, pol\u00edtica y tradiciones\u201d.\u201c\u201cLa ceremonia se realiz\u00f3 en el Parque Cultural de Valpara\u00edso (Ex C\u00e1rcel P\u00fablica) y Gloria Mundaca Ossa, Coordinadora General de turismo y cultura de Los Andes y jurado del certamen, nos se\u00f1al\u00f3 que \u201ca trav\u00e9s de esta instancia se busca reconocer el esfuerzo a los trabajos y proyectos que aportan al desarrollo cultural de nuestra regi\u00f3n y nuestro valle recibi\u00f3 3 galardones muy especiales y significativos, sobre todo el que ha sido entregado a los Pueblos Originarios\u201d.\u201c\u201cEl \u2018Premio a la Actividad Cultural de Participaci\u00f3n Ciudadana\u2019 recay\u00f3 en la Fiesta religiosa de Santa Filomena de la comuna de Santa Mar\u00eda, cuyo templo data del siglo XIX y es Monumento Nacional desde el 2009.\u201cAl Museo y Centro Cultural Presidente Pedro Aguirre Cerda de Calle Larga se le galardono por \u2018la Puesta en Valor del Patrimonio\u2019 del vetusto edificio. \u201cLa ceremonia cont\u00f3 con las presentaciones del Ballet Folkl\u00f3rico Kuska Risum de la comuna de Llay Llay y del Conjunto de C\u00e1mara Tesus Canticum de la Universidad de Playa Ancha que rindieron homenaje a la m\u00edtica Violeta Parra.<\/p>\n","protected":false},"excerpt":{"rendered":"<p>El pasado mi\u00e9rcoles 18 de noviembre el Consejo Regional de la Cultura entreg\u00f3 los \u2018Premios de Arte y Cultura\u2019 en su tercera versi\u00f3n. \u201c\u201cEn la ceremonia por primera vez nuestro Valle de&#8230;<\/p>\n","protected":false},"author":482,"featured_media":64225,"comment_status":"open","ping_status":"open","sticky":false,"template":"","format":"standard","meta":{"advanced_seo_description":"","jetpack_seo_html_title":"","jetpack_seo_noindex":false,"_jetpack_memberships_contains_paid_content":false,"footnotes":""},"categories":[1],"tags":[],"class_list":["post-64224","post","type-post","status-publish","format-standard","has-post-thumbnail","hentry","category-cronica"],"jetpack_featured_media_url":"https:\/\/i0.wp.com\/eltrabajo.cl\/portal\/wp-content\/uploads\/2015\/11\/mapuches.jpg?fit=530%2C348&ssl=1","jetpack_sharing_enabled":true,"jetpack_likes_enabled":true,"jetpack-related-posts":[],"_links":{"self":[{"href":"https:\/\/eltrabajo.cl\/portal\/wp-json\/wp\/v2\/posts\/64224","targetHints":{"allow":["GET"]}}],"collection":[{"href":"https:\/\/eltrabajo.cl\/portal\/wp-json\/wp\/v2\/posts"}],"about":[{"href":"https:\/\/eltrabajo.cl\/portal\/wp-json\/wp\/v2\/types\/post"}],"author":[{"embeddable":true,"href":"https:\/\/eltrabajo.cl\/portal\/wp-json\/wp\/v2\/users\/482"}],"replies":[{"embeddable":true,"href":"https:\/\/eltrabajo.cl\/portal\/wp-json\/wp\/v2\/comments?post=64224"}],"version-history":[{"count":0,"href":"https:\/\/eltrabajo.cl\/portal\/wp-json\/wp\/v2\/posts\/64224\/revisions"}],"wp:featuredmedia":[{"embeddable":true,"href":"https:\/\/eltrabajo.cl\/portal\/wp-json\/wp\/v2\/media\/64225"}],"wp:attachment":[{"href":"https:\/\/eltrabajo.cl\/portal\/wp-json\/wp\/v2\/media?parent=64224"}],"wp:term":[{"taxonomy":"category","embeddable":true,"href":"https:\/\/eltrabajo.cl\/portal\/wp-json\/wp\/v2\/categories?post=64224"},{"taxonomy":"post_tag","embeddable":true,"href":"https:\/\/eltrabajo.cl\/portal\/wp-json\/wp\/v2\/tags?post=64224"}],"curies":[{"name":"wp","href":"https:\/\/api.w.org\/{rel}","templated":true}]}}