{"id":64227,"date":"2015-11-25T09:27:21","date_gmt":"2015-11-25T12:27:21","guid":{"rendered":"http:\/\/www.eltrabajo.cl\/portal\/?p=64227"},"modified":"2015-11-25T09:27:21","modified_gmt":"2015-11-25T12:27:21","slug":"invitan-a-artistas-locales-a-participar-durante-el-sabado-en-show-de-la-teleton-en-san-felipe","status":"publish","type":"post","link":"https:\/\/eltrabajo.cl\/portal\/invitan-a-artistas-locales-a-participar-durante-el-sabado-en-show-de-la-teleton-en-san-felipe\/","title":{"rendered":"Invitan a artistas locales a participar durante el s\u00e1bado en show de la Telet\u00f3n en San Felipe"},"content":{"rendered":"<figure id=\"attachment_64228\" aria-describedby=\"caption-attachment-64228\" style=\"width: 300px\" class=\"wp-caption alignleft\"><a href=\"https:\/\/i0.wp.com\/www.eltrabajo.cl\/portal\/wp-content\/uploads\/2015\/11\/FOTO-1-Sabina-Castro-Encargada-de-la-Oficina-de-la-Juventud-de-la-I-Municipalidad-de-San-Felipe.jpg\"><img data-recalc-dims=\"1\" loading=\"lazy\" decoding=\"async\" class=\"wp-image-64228 size-medium\" src=\"https:\/\/i0.wp.com\/www.eltrabajo.cl\/portal\/wp-content\/uploads\/2015\/11\/FOTO-1-Sabina-Castro-Encargada-de-la-Oficina-de-la-Juventud-de-la-I-Municipalidad-de-San-Felipe-300x197.jpg?resize=300%2C197\" alt=\"Sabina Castro, encargada de la Oficina Municipal de la Juventud.\" width=\"300\" height=\"197\" srcset=\"https:\/\/i0.wp.com\/eltrabajo.cl\/portal\/wp-content\/uploads\/2015\/11\/FOTO-1-Sabina-Castro-Encargada-de-la-Oficina-de-la-Juventud-de-la-I-Municipalidad-de-San-Felipe.jpg?resize=300%2C197&amp;ssl=1 300w, https:\/\/i0.wp.com\/eltrabajo.cl\/portal\/wp-content\/uploads\/2015\/11\/FOTO-1-Sabina-Castro-Encargada-de-la-Oficina-de-la-Juventud-de-la-I-Municipalidad-de-San-Felipe.jpg?resize=200%2C131&amp;ssl=1 200w, https:\/\/i0.wp.com\/eltrabajo.cl\/portal\/wp-content\/uploads\/2015\/11\/FOTO-1-Sabina-Castro-Encargada-de-la-Oficina-de-la-Juventud-de-la-I-Municipalidad-de-San-Felipe.jpg?resize=228%2C150&amp;ssl=1 228w, https:\/\/i0.wp.com\/eltrabajo.cl\/portal\/wp-content\/uploads\/2015\/11\/FOTO-1-Sabina-Castro-Encargada-de-la-Oficina-de-la-Juventud-de-la-I-Municipalidad-de-San-Felipe.jpg?resize=400%2C263&amp;ssl=1 400w, https:\/\/i0.wp.com\/eltrabajo.cl\/portal\/wp-content\/uploads\/2015\/11\/FOTO-1-Sabina-Castro-Encargada-de-la-Oficina-de-la-Juventud-de-la-I-Municipalidad-de-San-Felipe.jpg?w=530&amp;ssl=1 530w\" sizes=\"auto, (max-width: 300px) 100vw, 300px\" \/><\/a><figcaption id=\"caption-attachment-64228\" class=\"wp-caption-text\">Sabina Castro, encargada de la Oficina Municipal de la Juventud.<\/figcaption><\/figure>\n<ul>\n<li><strong>Actividad se desarrollar\u00e1 en la Plaza C\u00edvica con la idea de motivar a los vecinos a realizar su aporte a esta cruzada solidaria.<\/strong><\/li>\n<\/ul>\n<p>Una invitaci\u00f3n abierta a los artistas locales de nuestra comuna y de todo el Valle de Aconcagua para que participen este s\u00e1bado en el show de la Telet\u00f3n que se realizar\u00e1 en la Plaza C\u00edvica, formul\u00f3 la encargada de la Oficina Municipal de la Juventud, Sabina Castro.<br \/>\nLa intenci\u00f3n a trav\u00e9s de esta actividad, que ser\u00e1 animada por Mauricio Henr\u00edquez, es motivar a los vecinos de nuestra ciudad, para que realicen su aporte solidario en esta cruzada de amor que une a los chilenos y concurran al Banco de Chile, para que efect\u00faen su contribuci\u00f3n en la Cuenta 24.500-03.<br \/>\nSeg\u00fan dijo Sabina Castro, \u201cse ha abierto un espacio que est\u00e1 organizando y coordinando la Municipalidad de San Felipe a prop\u00f3sito de la Telet\u00f3n, que se realizar\u00e1 este s\u00e1bado a partir de las 19:00 horas en la Plaza C\u00edvica de la comuna y por lo tanto, la invitaci\u00f3n es amplia a todos los j\u00f3venes artistas o bandas que quieran participar de manera voluntaria y gratuita\u201d.<br \/>\nLa profesional manifest\u00f3 que el municipio est\u00e1 llano a recibir la cooperaci\u00f3n de los artistas locales, para que participen de esta actividad.<br \/>\nPrecis\u00f3 que los interesados pueden acercarse al edificio de la Municipalidad de San Felipe, en el departamento de Comunicaciones, ubicado en el tercer piso, donde se les solicitar\u00e1 sus datos, para luego ser contactados y as\u00ed coordinar sus requerimientos y el horario de presentaci\u00f3n.<br \/>\n\u201cYa tenemos confirmadas algunas bandas, que siempre nos han colaborado y por lo tanto, hacemos extensiva la invitaci\u00f3n a todos los artistas del Valle de Aconcagua, para que participen en esta \u00faltima parte de la campa\u00f1a, que se extender\u00e1 hasta la medianoche\u201d, se\u00f1al\u00f3 la encargada de la Oficina de la Juventud.<br \/>\nSabina Castro manifest\u00f3 que desde el municipio, el alcalde Patricio Freire ha dispuesto la realizaci\u00f3n de distintas actividades durante la jornada del viernes y el s\u00e1bado, que permitan entusiasmar y sensibilizar a la comunidad acerca de la relevancia de su aporte solidario en esta cruzada de 27 horas de amor.<\/p>\n","protected":false},"excerpt":{"rendered":"<p>Actividad se desarrollar\u00e1 en la Plaza C\u00edvica con la idea de motivar a los vecinos a realizar su aporte a esta cruzada solidaria. Una invitaci\u00f3n abierta a los artistas locales de nuestra&#8230;<\/p>\n","protected":false},"author":482,"featured_media":64228,"comment_status":"open","ping_status":"open","sticky":false,"template":"","format":"standard","meta":{"advanced_seo_description":"","jetpack_seo_html_title":"","jetpack_seo_noindex":false,"_jetpack_memberships_contains_paid_content":false,"footnotes":""},"categories":[1],"tags":[],"class_list":["post-64227","post","type-post","status-publish","format-standard","has-post-thumbnail","hentry","category-cronica"],"jetpack_featured_media_url":"https:\/\/i0.wp.com\/eltrabajo.cl\/portal\/wp-content\/uploads\/2015\/11\/FOTO-1-Sabina-Castro-Encargada-de-la-Oficina-de-la-Juventud-de-la-I-Municipalidad-de-San-Felipe.jpg?fit=530%2C348&ssl=1","jetpack_sharing_enabled":true,"jetpack_likes_enabled":true,"jetpack-related-posts":[],"_links":{"self":[{"href":"https:\/\/eltrabajo.cl\/portal\/wp-json\/wp\/v2\/posts\/64227","targetHints":{"allow":["GET"]}}],"collection":[{"href":"https:\/\/eltrabajo.cl\/portal\/wp-json\/wp\/v2\/posts"}],"about":[{"href":"https:\/\/eltrabajo.cl\/portal\/wp-json\/wp\/v2\/types\/post"}],"author":[{"embeddable":true,"href":"https:\/\/eltrabajo.cl\/portal\/wp-json\/wp\/v2\/users\/482"}],"replies":[{"embeddable":true,"href":"https:\/\/eltrabajo.cl\/portal\/wp-json\/wp\/v2\/comments?post=64227"}],"version-history":[{"count":0,"href":"https:\/\/eltrabajo.cl\/portal\/wp-json\/wp\/v2\/posts\/64227\/revisions"}],"wp:featuredmedia":[{"embeddable":true,"href":"https:\/\/eltrabajo.cl\/portal\/wp-json\/wp\/v2\/media\/64228"}],"wp:attachment":[{"href":"https:\/\/eltrabajo.cl\/portal\/wp-json\/wp\/v2\/media?parent=64227"}],"wp:term":[{"taxonomy":"category","embeddable":true,"href":"https:\/\/eltrabajo.cl\/portal\/wp-json\/wp\/v2\/categories?post=64227"},{"taxonomy":"post_tag","embeddable":true,"href":"https:\/\/eltrabajo.cl\/portal\/wp-json\/wp\/v2\/tags?post=64227"}],"curies":[{"name":"wp","href":"https:\/\/api.w.org\/{rel}","templated":true}]}}