{"id":64235,"date":"2015-11-25T09:33:48","date_gmt":"2015-11-25T12:33:48","guid":{"rendered":"http:\/\/www.eltrabajo.cl\/portal\/?p=64235"},"modified":"2015-11-25T09:33:48","modified_gmt":"2015-11-25T12:33:48","slug":"jornada-de-participacion-salud-dialoga-tuvo-exito-de-concurrencia","status":"publish","type":"post","link":"https:\/\/eltrabajo.cl\/portal\/jornada-de-participacion-salud-dialoga-tuvo-exito-de-concurrencia\/","title":{"rendered":"Jornada de participaci\u00f3n \u2018Salud Dialoga\u2019 tuvo \u00e9xito de concurrencia"},"content":{"rendered":"<figure id=\"attachment_64236\" aria-describedby=\"caption-attachment-64236\" style=\"width: 300px\" class=\"wp-caption alignleft\"><a href=\"https:\/\/i0.wp.com\/www.eltrabajo.cl\/portal\/wp-content\/uploads\/2015\/11\/FOTO-9-AUTORIDADES-EXPOSITORES-DE-LA-JORNADA-MATUTINA-DE-SALUD-DIALOGA.jpg\"><img data-recalc-dims=\"1\" loading=\"lazy\" decoding=\"async\" class=\"wp-image-64236 size-medium\" src=\"https:\/\/i0.wp.com\/www.eltrabajo.cl\/portal\/wp-content\/uploads\/2015\/11\/FOTO-9-AUTORIDADES-EXPOSITORES-DE-LA-JORNADA-MATUTINA-DE-SALUD-DIALOGA-300x199.jpg?resize=300%2C199\" alt=\"Autoridades, expositores de la jornada matutina de \u2018Salud Dialoga\u2019.\" width=\"300\" height=\"199\" srcset=\"https:\/\/i0.wp.com\/eltrabajo.cl\/portal\/wp-content\/uploads\/2015\/11\/FOTO-9-AUTORIDADES-EXPOSITORES-DE-LA-JORNADA-MATUTINA-DE-SALUD-DIALOGA.jpg?resize=300%2C199&amp;ssl=1 300w, https:\/\/i0.wp.com\/eltrabajo.cl\/portal\/wp-content\/uploads\/2015\/11\/FOTO-9-AUTORIDADES-EXPOSITORES-DE-LA-JORNADA-MATUTINA-DE-SALUD-DIALOGA.jpg?resize=200%2C133&amp;ssl=1 200w, https:\/\/i0.wp.com\/eltrabajo.cl\/portal\/wp-content\/uploads\/2015\/11\/FOTO-9-AUTORIDADES-EXPOSITORES-DE-LA-JORNADA-MATUTINA-DE-SALUD-DIALOGA.jpg?resize=226%2C150&amp;ssl=1 226w, https:\/\/i0.wp.com\/eltrabajo.cl\/portal\/wp-content\/uploads\/2015\/11\/FOTO-9-AUTORIDADES-EXPOSITORES-DE-LA-JORNADA-MATUTINA-DE-SALUD-DIALOGA.jpg?resize=400%2C265&amp;ssl=1 400w, https:\/\/i0.wp.com\/eltrabajo.cl\/portal\/wp-content\/uploads\/2015\/11\/FOTO-9-AUTORIDADES-EXPOSITORES-DE-LA-JORNADA-MATUTINA-DE-SALUD-DIALOGA.jpg?w=528&amp;ssl=1 528w\" sizes=\"auto, (max-width: 300px) 100vw, 300px\" \/><\/a><figcaption id=\"caption-attachment-64236\" class=\"wp-caption-text\">Autoridades, expositores de la jornada matutina de \u2018Salud Dialoga\u2019.<\/figcaption><\/figure>\n<ul>\n<li><strong>Con presencia de diversos estamentos sociales y comunitarios se recogieron puntos de vista en torno a las necesidades del sector salud del Valle de Aconcagua.<\/strong><\/li>\n<\/ul>\n<p>Con la presencia de la Directora del Servicio de Salud Aconcagua, Vilma Olave, el Director Nacional de la Divisi\u00f3n de Organizaciones Sociales, Camilo Ballesteros, la Jefa del Departamento Participaci\u00f3n Ciudadana y Trato al Usuario de la Subsecretar\u00eda de Redes Asistenciales, Lidice Tobar y diversas organizaciones sociales y comunitarias se desarroll\u00f3 ayer una jornada de participaci\u00f3n denominada \u2018Salud Dialoga\u2019, realizada en la casa de retiro Juan XXIII de calle Cajales, San Felipe.<br \/>\nSeg\u00fan Olave, el principal objetivo de la actividad es sentarse a conversar junto a la comunidad y a los equipos territoriales de Salud respecto de c\u00f3mo se trabaja el tema y c\u00f3mo se construye salud entre todos. De acuerdo esto afirm\u00f3 que \u201clas pol\u00edticas p\u00fablicas tienen que ser construidas con la ciudadan\u00eda, ellos deben participar en el dise\u00f1o, la implementaci\u00f3n y la evaluaci\u00f3n de las pol\u00edticas p\u00fablicas. En eso consiste nuestro plan trienal (sic) y este es el primer hito que estamos generando\u201d, apunt\u00f3.<br \/>\nAs\u00ed mismo, Olave describi\u00f3 un segundo objetivo por cumplir aludiendo que \u201cesta es una primera etapa, este es un camino que se inicia, una primera actividad de la cual, pretendemos sacar algunos productos concretos, respecto de cu\u00e1l es el modo de relaci\u00f3n que les interesa tener con el sector Salud\u201d, narr\u00f3. Destacando tambi\u00e9n que \u201cinstancias como estas en las que nos podemos reunir la comunidad, las organizaciones del sector salud, nos permiten avanzar en ponernos de acuerdo de qu\u00e9 podemos entregar, qu\u00e9 es lo que la gente necesita\u201d, dijo.<br \/>\nEn la cita, la autoridad aprovech\u00f3 de recordar que \u201csalud para nosotros es calidad de vida, se hace en el vecindario, teniendo lugares de vida y trabajo saludables, es educaci\u00f3n y tambi\u00e9n tener la posibilidad de participar en las leyes que rigen en el pa\u00eds y, por cierto, de c\u00f3mo recibimos la atenci\u00f3n de salud, c\u00f3mo nos atienden en un servicio de urgencias, en un Cesfam, eso tambi\u00e9n es calidad de vida\u201d, recalc\u00f3.<br \/>\nPor \u00faltimo, la Directora del Servicio de Salud Aconcagua, se refiri\u00f3 a c\u00f3mo la crisis que se vive a nivel nacional en la Cartera de Salud ha afectado el \u00e1mbito local, Olave fue enf\u00e1tica en expresar que \u201crespecto del Valle de Aconcagua hay que establecer que se ha avanzado bastante en el sector salud. Tenemos una red completa, con infraestructura adecuada, con buen equipamiento, estamos avanzando en saldar las brechas que no son de hoy d\u00eda, tenemos listas de espera en traumatolog\u00eda que vienen desde el gobierno anterior y hoy en conjunto a todos los equipos m\u00e9dicos, especialistas, estamos trabajando en saldar esa brecha\u201d, puntualiz\u00f3.<br \/>\nPor su lado, Lidice Tobar destac\u00f3 la diversidad que logr\u00f3 la jornada afirmando que \u201ca esto es lo que tenemos que apuntar, a llegar a muchas personas, tener esta capacidad de convocatoria, es el reflejo de un trabajo que se est\u00e1 haciendo con la comunidad, de una planificaci\u00f3n que se agradece porque es determinante para mejorar el sector\u201d, expres\u00f3.<br \/>\nA su vez, Camilo Ballesteros, representante del Gobierno de Michelle Bachelet, agradeci\u00f3 la invitaci\u00f3n que se le realiz\u00f3 a participar de este espacio y declar\u00f3 que \u201cla participaci\u00f3n de la ciudadan\u00eda es fundamental para nosotros, los grandes cambios deben lograrse en conjunto con la ciudadan\u00eda, por lo que instancias como estas son muy gravitantes porque tenemos la posibilidad de intercambiar, de contarles qu\u00e9 es lo que viene y seguir construyendo en conjunto\u201d, aclar\u00f3.<br \/>\nEn este mismo \u00e1mbito, Ballesteros tambi\u00e9n tuvo palabras para la gran diversidad que logr\u00f3 la convocatoria especificando que \u201ctenemos clubes de adulto mayor, juntas de vecinos, consejos de la sociedad civil, tanto del municipio como de los servicios presentes y eso demuestra que hay un inter\u00e9s de la ciudan\u00eda, que es transversal, tenemos estudiantes tambi\u00e9n y eso demuestra la transversalidad de edades y de sectores participando y siendo protagonistas de lo que hoy est\u00e1 desarrollando nuestro pa\u00eds\u201d, finaliz\u00f3.<br \/>\nUno de los participantes de la Jornada fue el Presidente del Consejo Consultivo de desarrollo del Hospital San Camilo, Max Riquelme, quien dijo estar satisfecho con la instancia y sobretodo con la participaci\u00f3n de gente joven, apuntando que \u201cgeneralmente los grupos de participaci\u00f3n son grupos mayores de edad y una de las cosas que nos sorprende es ver mucho adolescente y eso es muy bueno\u201d, destac\u00f3.<br \/>\nRespecto de los temas que m\u00e1s interesan a la comunidad Riquelme describi\u00f3 que \u201clos conceptos que se han planteado van en torno a las necesidades urgentes del valle como el trato, la atenci\u00f3n, la infraestructura, la falta de m\u00e9dicos, que son problemas eternos, pero que tiene relaci\u00f3n con lo estructural del sistema y que a nosotros nos pesa bastante, porque muchas veces los problemas que se generan en las listas de espera es por la falta de profesionales y de c\u00f3mo el sector privado se lleva a los m\u00e9dicos y queda en desmedro la mayor parte de la poblaci\u00f3n que se atiende en el \u00e1rea p\u00fablica, ese es un tema para poder trabajar\u201d, finaliz\u00f3.<\/p>\n<div class=\"tiled-gallery type-rectangular tiled-gallery-unresized\" data-original-width=\"640\" data-carousel-extra='null' itemscope itemtype=\"http:\/\/schema.org\/ImageGallery\" > <div class=\"gallery-row\" style=\"width: 640px; height: 282px;\" data-original-width=\"640\" data-original-height=\"282\" > <div class=\"gallery-group images-1\" style=\"width: 427px; height: 282px;\" data-original-width=\"427\" data-original-height=\"282\" > <div class=\"tiled-gallery-item tiled-gallery-item-large\" itemprop=\"associatedMedia\" itemscope itemtype=\"http:\/\/schema.org\/ImageObject\"> <a href=\"https:\/\/eltrabajo.cl\/portal\/jornada-de-participacion-salud-dialoga-tuvo-exito-de-concurrencia\/foto-5-vilma-olave-directora-del-servicio-de-salud-aconcagua\/\" border=\"0\" itemprop=\"url\"> <meta itemprop=\"width\" content=\"423\"> <meta itemprop=\"height\" content=\"278\"> <img decoding=\"async\" class=\"\" data-attachment-id=\"64237\" data-orig-file=\"https:\/\/eltrabajo.cl\/portal\/wp-content\/uploads\/2015\/11\/FOTO-5-VILMA-OLAVE-DIRECTORA-DEL-SERVICIO-DE-SALUD-ACONCAGUA.jpg\" data-orig-size=\"530,348\" data-comments-opened=\"1\" data-image-meta=\"{&quot;aperture&quot;:&quot;0&quot;,&quot;credit&quot;:&quot;&quot;,&quot;camera&quot;:&quot;&quot;,&quot;caption&quot;:&quot;&quot;,&quot;created_timestamp&quot;:&quot;0&quot;,&quot;copyright&quot;:&quot;Copyright 2012&quot;,&quot;focal_length&quot;:&quot;0&quot;,&quot;iso&quot;:&quot;0&quot;,&quot;shutter_speed&quot;:&quot;0&quot;,&quot;title&quot;:&quot;&quot;,&quot;orientation&quot;:&quot;0&quot;}\" data-image-title=\"FOTO 5 VILMA OLAVE DIRECTORA DEL SERVICIO DE SALUD ACONCAGUA\" data-image-description=\"&lt;p&gt;Vilma Olave, directora del Servicio de Salud Aconcagua.&lt;\/p&gt; \" data-medium-file=\"https:\/\/i0.wp.com\/eltrabajo.cl\/portal\/wp-content\/uploads\/2015\/11\/FOTO-5-VILMA-OLAVE-DIRECTORA-DEL-SERVICIO-DE-SALUD-ACONCAGUA.jpg?fit=300%2C197&#038;ssl=1\" data-large-file=\"https:\/\/i0.wp.com\/eltrabajo.cl\/portal\/wp-content\/uploads\/2015\/11\/FOTO-5-VILMA-OLAVE-DIRECTORA-DEL-SERVICIO-DE-SALUD-ACONCAGUA.jpg?fit=530%2C348&#038;ssl=1\" src=\"https:\/\/i0.wp.com\/eltrabajo.cl\/portal\/wp-content\/uploads\/2015\/11\/FOTO-5-VILMA-OLAVE-DIRECTORA-DEL-SERVICIO-DE-SALUD-ACONCAGUA.jpg?w=423&#038;h=278&#038;ssl=1\" srcset=\"https:\/\/i0.wp.com\/eltrabajo.cl\/portal\/wp-content\/uploads\/2015\/11\/FOTO-5-VILMA-OLAVE-DIRECTORA-DEL-SERVICIO-DE-SALUD-ACONCAGUA.jpg?w=530&amp;ssl=1 530w, https:\/\/i0.wp.com\/eltrabajo.cl\/portal\/wp-content\/uploads\/2015\/11\/FOTO-5-VILMA-OLAVE-DIRECTORA-DEL-SERVICIO-DE-SALUD-ACONCAGUA.jpg?resize=200%2C131&amp;ssl=1 200w, https:\/\/i0.wp.com\/eltrabajo.cl\/portal\/wp-content\/uploads\/2015\/11\/FOTO-5-VILMA-OLAVE-DIRECTORA-DEL-SERVICIO-DE-SALUD-ACONCAGUA.jpg?resize=300%2C197&amp;ssl=1 300w, https:\/\/i0.wp.com\/eltrabajo.cl\/portal\/wp-content\/uploads\/2015\/11\/FOTO-5-VILMA-OLAVE-DIRECTORA-DEL-SERVICIO-DE-SALUD-ACONCAGUA.jpg?resize=228%2C150&amp;ssl=1 228w, https:\/\/i0.wp.com\/eltrabajo.cl\/portal\/wp-content\/uploads\/2015\/11\/FOTO-5-VILMA-OLAVE-DIRECTORA-DEL-SERVICIO-DE-SALUD-ACONCAGUA.jpg?resize=400%2C263&amp;ssl=1 400w\" width=\"423\" height=\"278\" loading=\"lazy\" data-original-width=\"423\" data-original-height=\"278\" itemprop=\"http:\/\/schema.org\/image\" title=\"FOTO 5 VILMA OLAVE DIRECTORA DEL SERVICIO DE SALUD ACONCAGUA\" alt=\"Vilma Olave, directora del Servicio de Salud Aconcagua.\" style=\"width: 423px; height: 278px;\" \/> <\/a> <div class=\"tiled-gallery-caption\" itemprop=\"caption description\"> Vilma Olave, directora del Servicio de Salud Aconcagua. <\/div> <\/div> <\/div> <!-- close group --> <div class=\"gallery-group images-2\" style=\"width: 213px; height: 282px;\" data-original-width=\"213\" data-original-height=\"282\" > <div class=\"tiled-gallery-item tiled-gallery-item-small\" itemprop=\"associatedMedia\" itemscope itemtype=\"http:\/\/schema.org\/ImageObject\"> <a href=\"https:\/\/eltrabajo.cl\/portal\/jornada-de-participacion-salud-dialoga-tuvo-exito-de-concurrencia\/foto-6-camilo-ballesteros\/\" border=\"0\" itemprop=\"url\"> <meta itemprop=\"width\" content=\"209\"> <meta itemprop=\"height\" content=\"137\"> <img decoding=\"async\" class=\"\" data-attachment-id=\"64238\" data-orig-file=\"https:\/\/eltrabajo.cl\/portal\/wp-content\/uploads\/2015\/11\/FOTO-6-Camilo-Ballesteros.jpg\" data-orig-size=\"530,348\" data-comments-opened=\"1\" data-image-meta=\"{&quot;aperture&quot;:&quot;0&quot;,&quot;credit&quot;:&quot;&quot;,&quot;camera&quot;:&quot;&quot;,&quot;caption&quot;:&quot;&quot;,&quot;created_timestamp&quot;:&quot;0&quot;,&quot;copyright&quot;:&quot;Copyright 2012&quot;,&quot;focal_length&quot;:&quot;0&quot;,&quot;iso&quot;:&quot;0&quot;,&quot;shutter_speed&quot;:&quot;0&quot;,&quot;title&quot;:&quot;&quot;,&quot;orientation&quot;:&quot;0&quot;}\" data-image-title=\"FOTO 6 Camilo Ballesteros\" data-image-description=\"&lt;p&gt;Director Nacional de la Divisi\u00f3n de Organizaciones Sociales, Camilo Ballesteros.&lt;\/p&gt; \" data-medium-file=\"https:\/\/i0.wp.com\/eltrabajo.cl\/portal\/wp-content\/uploads\/2015\/11\/FOTO-6-Camilo-Ballesteros.jpg?fit=300%2C197&#038;ssl=1\" data-large-file=\"https:\/\/i0.wp.com\/eltrabajo.cl\/portal\/wp-content\/uploads\/2015\/11\/FOTO-6-Camilo-Ballesteros.jpg?fit=530%2C348&#038;ssl=1\" src=\"https:\/\/i0.wp.com\/eltrabajo.cl\/portal\/wp-content\/uploads\/2015\/11\/FOTO-6-Camilo-Ballesteros.jpg?w=209&#038;h=137&#038;ssl=1\" srcset=\"https:\/\/i0.wp.com\/eltrabajo.cl\/portal\/wp-content\/uploads\/2015\/11\/FOTO-6-Camilo-Ballesteros.jpg?w=530&amp;ssl=1 530w, https:\/\/i0.wp.com\/eltrabajo.cl\/portal\/wp-content\/uploads\/2015\/11\/FOTO-6-Camilo-Ballesteros.jpg?resize=200%2C131&amp;ssl=1 200w, https:\/\/i0.wp.com\/eltrabajo.cl\/portal\/wp-content\/uploads\/2015\/11\/FOTO-6-Camilo-Ballesteros.jpg?resize=300%2C197&amp;ssl=1 300w, https:\/\/i0.wp.com\/eltrabajo.cl\/portal\/wp-content\/uploads\/2015\/11\/FOTO-6-Camilo-Ballesteros.jpg?resize=228%2C150&amp;ssl=1 228w, https:\/\/i0.wp.com\/eltrabajo.cl\/portal\/wp-content\/uploads\/2015\/11\/FOTO-6-Camilo-Ballesteros.jpg?resize=400%2C263&amp;ssl=1 400w\" width=\"209\" height=\"137\" loading=\"lazy\" data-original-width=\"209\" data-original-height=\"137\" itemprop=\"http:\/\/schema.org\/image\" title=\"FOTO 6 Camilo Ballesteros\" alt=\"Director Nacional de la Divisi\u00f3n de Organizaciones Sociales, Camilo Ballesteros.\" style=\"width: 209px; height: 137px;\" \/> <\/a> <div class=\"tiled-gallery-caption\" itemprop=\"caption description\"> Director Nacional de la Divisi\u00f3n de Organizaciones Sociales, Camilo Ballesteros. <\/div> <\/div> <div class=\"tiled-gallery-item tiled-gallery-item-small\" itemprop=\"associatedMedia\" itemscope itemtype=\"http:\/\/schema.org\/ImageObject\"> <a href=\"https:\/\/eltrabajo.cl\/portal\/jornada-de-participacion-salud-dialoga-tuvo-exito-de-concurrencia\/foto-7-lidice-tobar-quezada\/\" border=\"0\" itemprop=\"url\"> <meta itemprop=\"width\" content=\"209\"> <meta itemprop=\"height\" content=\"137\"> <img decoding=\"async\" class=\"\" data-attachment-id=\"64239\" data-orig-file=\"https:\/\/eltrabajo.cl\/portal\/wp-content\/uploads\/2015\/11\/FOTO-7-LiDICE-TOBAR-QUEZADA-.jpg\" data-orig-size=\"530,348\" data-comments-opened=\"1\" data-image-meta=\"{&quot;aperture&quot;:&quot;0&quot;,&quot;credit&quot;:&quot;&quot;,&quot;camera&quot;:&quot;&quot;,&quot;caption&quot;:&quot;&quot;,&quot;created_timestamp&quot;:&quot;0&quot;,&quot;copyright&quot;:&quot;Copyright 2012&quot;,&quot;focal_length&quot;:&quot;0&quot;,&quot;iso&quot;:&quot;0&quot;,&quot;shutter_speed&quot;:&quot;0&quot;,&quot;title&quot;:&quot;&quot;,&quot;orientation&quot;:&quot;0&quot;}\" data-image-title=\"FOTO 7 LiDICE TOBAR QUEZADA\" data-image-description=\"&lt;p&gt;L\u00eddice Tobar Quezada, jefa dpto. de Participaci\u00f3n Ciudadana, Subsecretar\u00eda de Redes Asistenciales.&lt;\/p&gt; \" data-medium-file=\"https:\/\/i0.wp.com\/eltrabajo.cl\/portal\/wp-content\/uploads\/2015\/11\/FOTO-7-LiDICE-TOBAR-QUEZADA-.jpg?fit=300%2C197&#038;ssl=1\" data-large-file=\"https:\/\/i0.wp.com\/eltrabajo.cl\/portal\/wp-content\/uploads\/2015\/11\/FOTO-7-LiDICE-TOBAR-QUEZADA-.jpg?fit=530%2C348&#038;ssl=1\" src=\"https:\/\/i0.wp.com\/eltrabajo.cl\/portal\/wp-content\/uploads\/2015\/11\/FOTO-7-LiDICE-TOBAR-QUEZADA-.jpg?w=209&#038;h=137&#038;ssl=1\" srcset=\"https:\/\/i0.wp.com\/eltrabajo.cl\/portal\/wp-content\/uploads\/2015\/11\/FOTO-7-LiDICE-TOBAR-QUEZADA-.jpg?w=530&amp;ssl=1 530w, https:\/\/i0.wp.com\/eltrabajo.cl\/portal\/wp-content\/uploads\/2015\/11\/FOTO-7-LiDICE-TOBAR-QUEZADA-.jpg?resize=200%2C131&amp;ssl=1 200w, https:\/\/i0.wp.com\/eltrabajo.cl\/portal\/wp-content\/uploads\/2015\/11\/FOTO-7-LiDICE-TOBAR-QUEZADA-.jpg?resize=300%2C197&amp;ssl=1 300w, https:\/\/i0.wp.com\/eltrabajo.cl\/portal\/wp-content\/uploads\/2015\/11\/FOTO-7-LiDICE-TOBAR-QUEZADA-.jpg?resize=228%2C150&amp;ssl=1 228w, https:\/\/i0.wp.com\/eltrabajo.cl\/portal\/wp-content\/uploads\/2015\/11\/FOTO-7-LiDICE-TOBAR-QUEZADA-.jpg?resize=400%2C263&amp;ssl=1 400w\" width=\"209\" height=\"137\" loading=\"lazy\" data-original-width=\"209\" data-original-height=\"137\" itemprop=\"http:\/\/schema.org\/image\" title=\"FOTO 7 LiDICE TOBAR QUEZADA\" alt=\"L\u00eddice Tobar Quezada, jefa dpto. de Participaci\u00f3n Ciudadana, Subsecretar\u00eda de Redes Asistenciales.\" style=\"width: 209px; height: 137px;\" \/> <\/a> <div class=\"tiled-gallery-caption\" itemprop=\"caption description\"> L\u00eddice Tobar Quezada, jefa dpto. de Participaci\u00f3n Ciudadana, Subsecretar\u00eda de Redes Asistenciales. <\/div> <\/div> <\/div> <!-- close group --> <\/div> <!-- close row --> <div class=\"gallery-row\" style=\"width: 640px; height: 422px;\" data-original-width=\"640\" data-original-height=\"422\" > <div class=\"gallery-group images-1\" style=\"width: 640px; height: 422px;\" data-original-width=\"640\" data-original-height=\"422\" > <div class=\"tiled-gallery-item tiled-gallery-item-large\" itemprop=\"associatedMedia\" itemscope itemtype=\"http:\/\/schema.org\/ImageObject\"> <a href=\"https:\/\/eltrabajo.cl\/portal\/jornada-de-participacion-salud-dialoga-tuvo-exito-de-concurrencia\/foto-8-max-riquelme-presidente-del-consejo-consultivo-de-desarrollo-del-hospital-san-camilo\/\" border=\"0\" itemprop=\"url\"> <meta itemprop=\"width\" content=\"636\"> <meta itemprop=\"height\" content=\"418\"> <img decoding=\"async\" class=\"\" data-attachment-id=\"64240\" data-orig-file=\"https:\/\/eltrabajo.cl\/portal\/wp-content\/uploads\/2015\/11\/FOTO-8-MAX-RIQUELME-Presidente-del-Consejo-Consultivo-de-desarrollo-del-Hospital-San-Camilo.jpg\" data-orig-size=\"530,348\" data-comments-opened=\"1\" data-image-meta=\"{&quot;aperture&quot;:&quot;0&quot;,&quot;credit&quot;:&quot;&quot;,&quot;camera&quot;:&quot;&quot;,&quot;caption&quot;:&quot;&quot;,&quot;created_timestamp&quot;:&quot;0&quot;,&quot;copyright&quot;:&quot;Copyright 2012&quot;,&quot;focal_length&quot;:&quot;0&quot;,&quot;iso&quot;:&quot;0&quot;,&quot;shutter_speed&quot;:&quot;0&quot;,&quot;title&quot;:&quot;&quot;,&quot;orientation&quot;:&quot;0&quot;}\" data-image-title=\"FOTO 8 MAX RIQUELME Presidente del Consejo Consultivo de desarrollo del Hospital San Camilo\" data-image-description=\"&lt;p&gt;Max Riquelme, presidente del Consejo Consultivo de desarrollo del Hospital San Camilo.&lt;\/p&gt; \" data-medium-file=\"https:\/\/i0.wp.com\/eltrabajo.cl\/portal\/wp-content\/uploads\/2015\/11\/FOTO-8-MAX-RIQUELME-Presidente-del-Consejo-Consultivo-de-desarrollo-del-Hospital-San-Camilo.jpg?fit=300%2C197&#038;ssl=1\" data-large-file=\"https:\/\/i0.wp.com\/eltrabajo.cl\/portal\/wp-content\/uploads\/2015\/11\/FOTO-8-MAX-RIQUELME-Presidente-del-Consejo-Consultivo-de-desarrollo-del-Hospital-San-Camilo.jpg?fit=530%2C348&#038;ssl=1\" src=\"https:\/\/i0.wp.com\/eltrabajo.cl\/portal\/wp-content\/uploads\/2015\/11\/FOTO-8-MAX-RIQUELME-Presidente-del-Consejo-Consultivo-de-desarrollo-del-Hospital-San-Camilo.jpg?w=636&#038;h=418&#038;ssl=1\" srcset=\"https:\/\/i0.wp.com\/eltrabajo.cl\/portal\/wp-content\/uploads\/2015\/11\/FOTO-8-MAX-RIQUELME-Presidente-del-Consejo-Consultivo-de-desarrollo-del-Hospital-San-Camilo.jpg?w=530&amp;ssl=1 530w, https:\/\/i0.wp.com\/eltrabajo.cl\/portal\/wp-content\/uploads\/2015\/11\/FOTO-8-MAX-RIQUELME-Presidente-del-Consejo-Consultivo-de-desarrollo-del-Hospital-San-Camilo.jpg?resize=200%2C131&amp;ssl=1 200w, https:\/\/i0.wp.com\/eltrabajo.cl\/portal\/wp-content\/uploads\/2015\/11\/FOTO-8-MAX-RIQUELME-Presidente-del-Consejo-Consultivo-de-desarrollo-del-Hospital-San-Camilo.jpg?resize=300%2C197&amp;ssl=1 300w, https:\/\/i0.wp.com\/eltrabajo.cl\/portal\/wp-content\/uploads\/2015\/11\/FOTO-8-MAX-RIQUELME-Presidente-del-Consejo-Consultivo-de-desarrollo-del-Hospital-San-Camilo.jpg?resize=228%2C150&amp;ssl=1 228w, https:\/\/i0.wp.com\/eltrabajo.cl\/portal\/wp-content\/uploads\/2015\/11\/FOTO-8-MAX-RIQUELME-Presidente-del-Consejo-Consultivo-de-desarrollo-del-Hospital-San-Camilo.jpg?resize=400%2C263&amp;ssl=1 400w\" width=\"636\" height=\"418\" loading=\"lazy\" data-original-width=\"636\" data-original-height=\"418\" itemprop=\"http:\/\/schema.org\/image\" title=\"FOTO 8 MAX RIQUELME Presidente del Consejo Consultivo de desarrollo del Hospital San Camilo\" alt=\"Max Riquelme, presidente del Consejo Consultivo de desarrollo del Hospital San Camilo.\" style=\"width: 636px; height: 418px;\" \/> <\/a> <div class=\"tiled-gallery-caption\" itemprop=\"caption description\"> Max Riquelme, presidente del Consejo Consultivo de desarrollo del Hospital San Camilo. <\/div> <\/div> <\/div> <!-- close group --> <\/div> <!-- close row --> <\/div>\n","protected":false},"excerpt":{"rendered":"<p>Con presencia de diversos estamentos sociales y comunitarios se recogieron puntos de vista en torno a las necesidades del sector salud del Valle de Aconcagua. Con la presencia de la Directora del&#8230;<\/p>\n","protected":false},"author":482,"featured_media":64236,"comment_status":"open","ping_status":"open","sticky":false,"template":"","format":"standard","meta":{"advanced_seo_description":"","jetpack_seo_html_title":"","jetpack_seo_noindex":false,"_jetpack_memberships_contains_paid_content":false,"footnotes":""},"categories":[1],"tags":[],"class_list":["post-64235","post","type-post","status-publish","format-standard","has-post-thumbnail","hentry","category-cronica"],"jetpack_featured_media_url":"https:\/\/i0.wp.com\/eltrabajo.cl\/portal\/wp-content\/uploads\/2015\/11\/FOTO-9-AUTORIDADES-EXPOSITORES-DE-LA-JORNADA-MATUTINA-DE-SALUD-DIALOGA.jpg?fit=528%2C350&ssl=1","jetpack_sharing_enabled":true,"jetpack_likes_enabled":true,"jetpack-related-posts":[],"_links":{"self":[{"href":"https:\/\/eltrabajo.cl\/portal\/wp-json\/wp\/v2\/posts\/64235","targetHints":{"allow":["GET"]}}],"collection":[{"href":"https:\/\/eltrabajo.cl\/portal\/wp-json\/wp\/v2\/posts"}],"about":[{"href":"https:\/\/eltrabajo.cl\/portal\/wp-json\/wp\/v2\/types\/post"}],"author":[{"embeddable":true,"href":"https:\/\/eltrabajo.cl\/portal\/wp-json\/wp\/v2\/users\/482"}],"replies":[{"embeddable":true,"href":"https:\/\/eltrabajo.cl\/portal\/wp-json\/wp\/v2\/comments?post=64235"}],"version-history":[{"count":0,"href":"https:\/\/eltrabajo.cl\/portal\/wp-json\/wp\/v2\/posts\/64235\/revisions"}],"wp:featuredmedia":[{"embeddable":true,"href":"https:\/\/eltrabajo.cl\/portal\/wp-json\/wp\/v2\/media\/64236"}],"wp:attachment":[{"href":"https:\/\/eltrabajo.cl\/portal\/wp-json\/wp\/v2\/media?parent=64235"}],"wp:term":[{"taxonomy":"category","embeddable":true,"href":"https:\/\/eltrabajo.cl\/portal\/wp-json\/wp\/v2\/categories?post=64235"},{"taxonomy":"post_tag","embeddable":true,"href":"https:\/\/eltrabajo.cl\/portal\/wp-json\/wp\/v2\/tags?post=64235"}],"curies":[{"name":"wp","href":"https:\/\/api.w.org\/{rel}","templated":true}]}}