{"id":64242,"date":"2015-11-25T09:35:18","date_gmt":"2015-11-25T12:35:18","guid":{"rendered":"http:\/\/www.eltrabajo.cl\/portal\/?p=64242"},"modified":"2015-11-25T09:35:18","modified_gmt":"2015-11-25T12:35:18","slug":"aumenta-y-mejora-el-mantenimiento-de-plazas-y-areas-verdes-de-san-felipe","status":"publish","type":"post","link":"https:\/\/eltrabajo.cl\/portal\/aumenta-y-mejora-el-mantenimiento-de-plazas-y-areas-verdes-de-san-felipe\/","title":{"rendered":"Aumenta y mejora el mantenimiento de plazas y \u00e1reas verdes de San Felipe"},"content":{"rendered":"<figure id=\"attachment_64243\" aria-describedby=\"caption-attachment-64243\" style=\"width: 300px\" class=\"wp-caption alignleft\"><a href=\"https:\/\/i0.wp.com\/www.eltrabajo.cl\/portal\/wp-content\/uploads\/2015\/11\/patricio-gonzalez.jpg\"><img data-recalc-dims=\"1\" loading=\"lazy\" decoding=\"async\" class=\"wp-image-64243 size-medium\" src=\"https:\/\/i0.wp.com\/www.eltrabajo.cl\/portal\/wp-content\/uploads\/2015\/11\/patricio-gonzalez-300x199.jpg?resize=300%2C199\" alt=\"Patricio Gonz\u00e1lez, administrador municipal.\" width=\"300\" height=\"199\" srcset=\"https:\/\/i0.wp.com\/eltrabajo.cl\/portal\/wp-content\/uploads\/2015\/11\/patricio-gonzalez.jpg?resize=300%2C199&amp;ssl=1 300w, https:\/\/i0.wp.com\/eltrabajo.cl\/portal\/wp-content\/uploads\/2015\/11\/patricio-gonzalez.jpg?resize=200%2C133&amp;ssl=1 200w, https:\/\/i0.wp.com\/eltrabajo.cl\/portal\/wp-content\/uploads\/2015\/11\/patricio-gonzalez.jpg?resize=226%2C150&amp;ssl=1 226w, https:\/\/i0.wp.com\/eltrabajo.cl\/portal\/wp-content\/uploads\/2015\/11\/patricio-gonzalez.jpg?resize=400%2C265&amp;ssl=1 400w, https:\/\/i0.wp.com\/eltrabajo.cl\/portal\/wp-content\/uploads\/2015\/11\/patricio-gonzalez.jpg?w=528&amp;ssl=1 528w\" sizes=\"auto, (max-width: 300px) 100vw, 300px\" \/><\/a><figcaption id=\"caption-attachment-64243\" class=\"wp-caption-text\">Patricio Gonz\u00e1lez, administrador municipal.<\/figcaption><\/figure>\n<ul>\n<li><strong>\u00c1rea que es uno de los ejes fundamentales de la gesti\u00f3n del alcalde Patricio Freire.<\/strong><\/li>\n<\/ul>\n<p>Un 95% de cobertura de mantenimiento de plazas y \u00e1reas verdes logr\u00f3 la Municipalidad de San Felipe este 2015, mejorando los contratos que mantiene la corporaci\u00f3n edilicia con las empresas dedicadas a esta \u00e1rea.<br \/>\nAs\u00ed lo dio a conocer el administrador municipal, Patricio Gonz\u00e1lez, quien se\u00f1al\u00f3 que al inicio de esta gesti\u00f3n alcaldicia se contaba con 298 mil metros cuadrados de mantenimiento de \u00e1reas verdes, pasando este a\u00f1o a una cobertura de 356 mil metros cuadrados.<br \/>\n\u201cEsto ha sido impulsado por nuestro alcalde y por el esfuerzo econ\u00f3mico de la municipalidad, de haber aumentado el presupuesto caso en un 30% para el mantenimiento de \u00e1reas verdes y finalmente se puede concretar este objetivo que es muy sentido por la comunidad\u201d, dijo el profesional,<br \/>\nSeg\u00fan detall\u00f3 el administrador, el municipio est\u00e1 realizando una ampliaci\u00f3n de casi 31 mil metros cuadrados de cobertura de \u00e1reas verdes, que incluyen las villas Los Lirios de La Troya, Las Camelias, El Se\u00f1orial en la VI etapa, El Carmen, algunos jardines infantiles, la plaza de San Rafael y el sendero l\u00fadico del parque Borde Estero, lo que significa un gran esfuerzo para el municipio, cumpliendo as\u00ed un compromiso del alcalde Patricio Freire con la comunidad, un aspecto que ha sido eje central de esta administraci\u00f3n.<br \/>\n\u201cDeben quedar como 3 \u00f3 4 espacios de plazas que no han sido ampliadas dentro de los contratos que mantenemos con las empresas y esperamos el pr\u00f3ximo mes llegar a decir que tenemos el 100% de cobertura del mantenimiento de los espacios de plazas y areas verdes de la comuna\u201d, ampli\u00f3 Patricio Gonz\u00e1lez.<br \/>\nY explic\u00f3 que de las 120 plazas que hoy d\u00eda se encuentran en mantenimiento, hab\u00eda muchas que no estaban dentro de ning\u00fan contrato, mostrando un importante deterioro. \u201cPor ello el deterioro que durante a\u00f1o sufrieron estos sectores ha significado que hemos tenido que recuperar e invertir bastantes recursos en ese sentido y tambi\u00e9n la creaci\u00f3n de nuevas plazas ha significado incluirlas en este servicio de mantenimiento. De un total de 40 plazas que nosotros recibimos, podemos decir que tenemos 120 plazas que est\u00e1n siendo mantenidas\u201d.<br \/>\nA lo que se suma un proceso estricto de fiscalizaci\u00f3n de cumplimiento del contrato, para mantener un control diario del proceso de mantenimiento de parte de las empresas.<\/p>\n","protected":false},"excerpt":{"rendered":"<p>\u00c1rea que es uno de los ejes fundamentales de la gesti\u00f3n del alcalde Patricio Freire. Un 95% de cobertura de mantenimiento de plazas y \u00e1reas verdes logr\u00f3 la Municipalidad de San Felipe&#8230;<\/p>\n","protected":false},"author":482,"featured_media":64243,"comment_status":"open","ping_status":"open","sticky":false,"template":"","format":"standard","meta":{"advanced_seo_description":"","jetpack_seo_html_title":"","jetpack_seo_noindex":false,"_jetpack_memberships_contains_paid_content":false,"footnotes":""},"categories":[1],"tags":[],"class_list":["post-64242","post","type-post","status-publish","format-standard","has-post-thumbnail","hentry","category-cronica"],"jetpack_featured_media_url":"https:\/\/i0.wp.com\/eltrabajo.cl\/portal\/wp-content\/uploads\/2015\/11\/patricio-gonzalez.jpg?fit=528%2C350&ssl=1","jetpack_sharing_enabled":true,"jetpack_likes_enabled":true,"jetpack-related-posts":[],"_links":{"self":[{"href":"https:\/\/eltrabajo.cl\/portal\/wp-json\/wp\/v2\/posts\/64242","targetHints":{"allow":["GET"]}}],"collection":[{"href":"https:\/\/eltrabajo.cl\/portal\/wp-json\/wp\/v2\/posts"}],"about":[{"href":"https:\/\/eltrabajo.cl\/portal\/wp-json\/wp\/v2\/types\/post"}],"author":[{"embeddable":true,"href":"https:\/\/eltrabajo.cl\/portal\/wp-json\/wp\/v2\/users\/482"}],"replies":[{"embeddable":true,"href":"https:\/\/eltrabajo.cl\/portal\/wp-json\/wp\/v2\/comments?post=64242"}],"version-history":[{"count":0,"href":"https:\/\/eltrabajo.cl\/portal\/wp-json\/wp\/v2\/posts\/64242\/revisions"}],"wp:featuredmedia":[{"embeddable":true,"href":"https:\/\/eltrabajo.cl\/portal\/wp-json\/wp\/v2\/media\/64243"}],"wp:attachment":[{"href":"https:\/\/eltrabajo.cl\/portal\/wp-json\/wp\/v2\/media?parent=64242"}],"wp:term":[{"taxonomy":"category","embeddable":true,"href":"https:\/\/eltrabajo.cl\/portal\/wp-json\/wp\/v2\/categories?post=64242"},{"taxonomy":"post_tag","embeddable":true,"href":"https:\/\/eltrabajo.cl\/portal\/wp-json\/wp\/v2\/tags?post=64242"}],"curies":[{"name":"wp","href":"https:\/\/api.w.org\/{rel}","templated":true}]}}