{"id":64245,"date":"2015-11-25T09:37:36","date_gmt":"2015-11-25T12:37:36","guid":{"rendered":"http:\/\/www.eltrabajo.cl\/portal\/?p=64245"},"modified":"2015-11-25T09:37:36","modified_gmt":"2015-11-25T12:37:36","slug":"en-menos-de-una-hora-carabineros-recupera-auto-robado-en-villa-250-anos","status":"publish","type":"post","link":"https:\/\/eltrabajo.cl\/portal\/en-menos-de-una-hora-carabineros-recupera-auto-robado-en-villa-250-anos\/","title":{"rendered":"En menos de una hora Carabineros recupera auto robado en villa 250 A\u00f1os"},"content":{"rendered":"<figure id=\"attachment_64246\" aria-describedby=\"caption-attachment-64246\" style=\"width: 300px\" class=\"wp-caption alignleft\"><a href=\"https:\/\/i0.wp.com\/www.eltrabajo.cl\/portal\/wp-content\/uploads\/2015\/11\/AUTO-ROBADO.jpg\"><img data-recalc-dims=\"1\" loading=\"lazy\" decoding=\"async\" class=\"wp-image-64246 size-medium\" src=\"https:\/\/i0.wp.com\/www.eltrabajo.cl\/portal\/wp-content\/uploads\/2015\/11\/AUTO-ROBADO-300x197.jpg?resize=300%2C197\" alt=\"El veh\u00edculo marca Nissan fue robado desde calle Artem\u00f3n Cifuentes en San Felipe siendo encontrado por Carabineros al interior de la villa 250 A\u00f1os de esta comuna. Los antisociales s\u00f3lo lograron apoderarse de algunas especies que se encontraban en el m\u00f3vil avaluadas en $100.000.\" width=\"300\" height=\"197\" srcset=\"https:\/\/i0.wp.com\/eltrabajo.cl\/portal\/wp-content\/uploads\/2015\/11\/AUTO-ROBADO.jpg?resize=300%2C197&amp;ssl=1 300w, https:\/\/i0.wp.com\/eltrabajo.cl\/portal\/wp-content\/uploads\/2015\/11\/AUTO-ROBADO.jpg?resize=200%2C131&amp;ssl=1 200w, https:\/\/i0.wp.com\/eltrabajo.cl\/portal\/wp-content\/uploads\/2015\/11\/AUTO-ROBADO.jpg?resize=228%2C150&amp;ssl=1 228w, https:\/\/i0.wp.com\/eltrabajo.cl\/portal\/wp-content\/uploads\/2015\/11\/AUTO-ROBADO.jpg?resize=400%2C263&amp;ssl=1 400w, https:\/\/i0.wp.com\/eltrabajo.cl\/portal\/wp-content\/uploads\/2015\/11\/AUTO-ROBADO.jpg?w=530&amp;ssl=1 530w\" sizes=\"auto, (max-width: 300px) 100vw, 300px\" \/><\/a><figcaption id=\"caption-attachment-64246\" class=\"wp-caption-text\">El veh\u00edculo marca Nissan fue robado desde calle Artem\u00f3n Cifuentes en San Felipe siendo encontrado por Carabineros al interior de la villa 250 A\u00f1os de esta comuna. Los antisociales s\u00f3lo lograron apoderarse de algunas especies que se encontraban en el m\u00f3vil avaluadas en $100.000.<\/figcaption><\/figure>\n<ul>\n<li><strong>Los antisociales robaron el veh\u00edculo estacionado en calle Artem\u00f3n Cifuentes para luego dirigirse hasta la villa 250 A\u00f1os donde se inici\u00f3 su desmantelaci\u00f3n, sin embargo la oportuna intervenci\u00f3n de Carabineros obtuvo como resultado la recuperaci\u00f3n del m\u00f3vil.<\/strong><\/li>\n<\/ul>\n<p>En un intenso operativo policial desplegado al interior de la villa 250 A\u00f1os de San Felipe, se logr\u00f3 recuperar un veh\u00edculo que hab\u00eda sido sustra\u00eddo cuando estaba estacionado en calle Artem\u00f3n Cifuentes, circunstancias que Carabineros encontr\u00f3 el m\u00f3vil comandando por delincuentes que escaparon en distintas direcciones sin obtener su detenci\u00f3n.<br \/>\nTras el procedimiento ejecutado en horas de la tarde de ayer martes, Carabineros se dirigi\u00f3 hasta las inmediaciones de esa poblaci\u00f3n luego de recibir la denuncia de la v\u00edctima, quien se\u00f1al\u00f3 haber dejado su autom\u00f3vil en la v\u00eda p\u00fablica para realizar algunas compras y al regresar se percat\u00f3 del robo.<br \/>\nFue as\u00ed que el personal policial, al trasladarse al interior de la villa 250 A\u00f1os de San Felipe, espec\u00edficamente en la intersecci\u00f3n de calle 9 esquina El Bosque, sorprendieron a unos sujetos que trasladaban un veh\u00edculo marca Nissan de color celeste, utilizando una soga para movilizarlo hasta ese sector.<br \/>\nLos antisociales, al percatarse de la presencia policial, escaparon por la v\u00eda p\u00fablica ingresando hasta el interior de distintos domicilios sin lograr su detenci\u00f3n. Carabineros en tanto, al consultar la placa patente del autom\u00f3vil, \u00e9sta coincid\u00eda con la denuncia efectuada minutos antes por su propietario.<br \/>\nNo obstante los delincuentes s\u00f3lo lograron apoderarse de una rueda de repuesto, un carro met\u00e1lico de transporte y la bater\u00eda del m\u00f3vil, cuyas especies fueron avaluadas en la suma de $100.000.<br \/>\nEl veh\u00edculo fue trasladado hasta las dependencias de la Segunda Comisar\u00eda de Carabineros para luego tomar contacto con su propietario para hacer entrega de esta especie sustra\u00edda.<br \/>\n<strong>Pablo Salinas Sald\u00edas<\/strong><\/p>\n","protected":false},"excerpt":{"rendered":"<p>Los antisociales robaron el veh\u00edculo estacionado en calle Artem\u00f3n Cifuentes para luego dirigirse hasta la villa 250 A\u00f1os donde se inici\u00f3 su desmantelaci\u00f3n, sin embargo la oportuna intervenci\u00f3n de Carabineros obtuvo como&#8230;<\/p>\n","protected":false},"author":482,"featured_media":64246,"comment_status":"open","ping_status":"open","sticky":false,"template":"","format":"standard","meta":{"advanced_seo_description":"","jetpack_seo_html_title":"","jetpack_seo_noindex":false,"_jetpack_memberships_contains_paid_content":false,"footnotes":""},"categories":[21],"tags":[],"class_list":["post-64245","post","type-post","status-publish","format-standard","has-post-thumbnail","hentry","category-policial"],"jetpack_featured_media_url":"https:\/\/i0.wp.com\/eltrabajo.cl\/portal\/wp-content\/uploads\/2015\/11\/AUTO-ROBADO.jpg?fit=530%2C348&ssl=1","jetpack_sharing_enabled":true,"jetpack_likes_enabled":true,"jetpack-related-posts":[],"_links":{"self":[{"href":"https:\/\/eltrabajo.cl\/portal\/wp-json\/wp\/v2\/posts\/64245","targetHints":{"allow":["GET"]}}],"collection":[{"href":"https:\/\/eltrabajo.cl\/portal\/wp-json\/wp\/v2\/posts"}],"about":[{"href":"https:\/\/eltrabajo.cl\/portal\/wp-json\/wp\/v2\/types\/post"}],"author":[{"embeddable":true,"href":"https:\/\/eltrabajo.cl\/portal\/wp-json\/wp\/v2\/users\/482"}],"replies":[{"embeddable":true,"href":"https:\/\/eltrabajo.cl\/portal\/wp-json\/wp\/v2\/comments?post=64245"}],"version-history":[{"count":0,"href":"https:\/\/eltrabajo.cl\/portal\/wp-json\/wp\/v2\/posts\/64245\/revisions"}],"wp:featuredmedia":[{"embeddable":true,"href":"https:\/\/eltrabajo.cl\/portal\/wp-json\/wp\/v2\/media\/64246"}],"wp:attachment":[{"href":"https:\/\/eltrabajo.cl\/portal\/wp-json\/wp\/v2\/media?parent=64245"}],"wp:term":[{"taxonomy":"category","embeddable":true,"href":"https:\/\/eltrabajo.cl\/portal\/wp-json\/wp\/v2\/categories?post=64245"},{"taxonomy":"post_tag","embeddable":true,"href":"https:\/\/eltrabajo.cl\/portal\/wp-json\/wp\/v2\/tags?post=64245"}],"curies":[{"name":"wp","href":"https:\/\/api.w.org\/{rel}","templated":true}]}}