{"id":64248,"date":"2015-11-25T09:41:47","date_gmt":"2015-11-25T12:41:47","guid":{"rendered":"http:\/\/www.eltrabajo.cl\/portal\/?p=64248"},"modified":"2015-11-25T09:41:47","modified_gmt":"2015-11-25T12:41:47","slug":"joven-de-31-anos-muere-en-accidente-en-moto-en-las-minillas","status":"publish","type":"post","link":"https:\/\/eltrabajo.cl\/portal\/joven-de-31-anos-muere-en-accidente-en-moto-en-las-minillas\/","title":{"rendered":"Joven de 31 a\u00f1os muere en accidente en moto en Las Minillas"},"content":{"rendered":"<figure id=\"attachment_64249\" aria-describedby=\"caption-attachment-64249\" style=\"width: 300px\" class=\"wp-caption alignleft\"><a href=\"https:\/\/i0.wp.com\/www.eltrabajo.cl\/portal\/wp-content\/uploads\/2015\/11\/motorista-muere-minillas1.jpg\"><img data-recalc-dims=\"1\" loading=\"lazy\" decoding=\"async\" class=\"wp-image-64249 size-medium\" src=\"https:\/\/i0.wp.com\/www.eltrabajo.cl\/portal\/wp-content\/uploads\/2015\/11\/motorista-muere-minillas1-300x198.jpg?resize=300%2C198\" alt=\"El cuerpo del infortunado motorista, de solo 31 a\u00f1os, yace sobre un mont\u00edculo de piedras, cerca de su casco, mientras al fondo se aprecia donde fue a detenerse la motocicleta.\" width=\"300\" height=\"198\" srcset=\"https:\/\/i0.wp.com\/eltrabajo.cl\/portal\/wp-content\/uploads\/2015\/11\/motorista-muere-minillas1.jpg?resize=300%2C198&amp;ssl=1 300w, https:\/\/i0.wp.com\/eltrabajo.cl\/portal\/wp-content\/uploads\/2015\/11\/motorista-muere-minillas1.jpg?resize=200%2C132&amp;ssl=1 200w, https:\/\/i0.wp.com\/eltrabajo.cl\/portal\/wp-content\/uploads\/2015\/11\/motorista-muere-minillas1.jpg?resize=227%2C150&amp;ssl=1 227w, https:\/\/i0.wp.com\/eltrabajo.cl\/portal\/wp-content\/uploads\/2015\/11\/motorista-muere-minillas1.jpg?resize=400%2C264&amp;ssl=1 400w, https:\/\/i0.wp.com\/eltrabajo.cl\/portal\/wp-content\/uploads\/2015\/11\/motorista-muere-minillas1.jpg?w=530&amp;ssl=1 530w\" sizes=\"auto, (max-width: 300px) 100vw, 300px\" \/><\/a><figcaption id=\"caption-attachment-64249\" class=\"wp-caption-text\">El cuerpo del infortunado motorista, de solo 31 a\u00f1os, yace sobre un mont\u00edculo de piedras, cerca de su casco, mientras al fondo se aprecia donde fue a detenerse la motocicleta.<\/figcaption><\/figure>\n<p><strong>PUTAENDO<\/strong>.- Un motorista de 31 a\u00f1os de edad falleci\u00f3 la tarde de este martes en el sector Las Minillas en la carretera que une Putaendo con Cabildo.<br \/>\nEl accidente se registr\u00f3 faltando minutos para las 18:00 hrs de ayer a la altura del kil\u00f3metro 53 de la citada ruta, cuando el motorista identificado como Andr\u00e9s Felipe Villarroel Lara, domiciliado en la comuna de Independencia en Santiago, quien se dirig\u00eda desde Cabildo hacia Putaendo, pr\u00e1cticamente pas\u00f3 de largo en una curva existente en el sector, falleciendo en forma instant\u00e1nea en el mismo sitio del accidente.<br \/>\nEn el lugar se pudo apreciar la extensa frenada de la motocicleta y luego las huellas dejadas por el arrastre, hechos que demostrar\u00edan que el motorista conduc\u00eda a una velocidad de cierta consideraci\u00f3n y al parecer no se percat\u00f3 de la existencia de la curva.<\/p>\n<figure id=\"attachment_64250\" aria-describedby=\"caption-attachment-64250\" style=\"width: 300px\" class=\"wp-caption alignright\"><a href=\"https:\/\/i0.wp.com\/www.eltrabajo.cl\/portal\/wp-content\/uploads\/2015\/11\/motorista-muere-minillas2.jpg\"><img data-recalc-dims=\"1\" loading=\"lazy\" decoding=\"async\" class=\"wp-image-64250 size-medium\" src=\"https:\/\/i0.wp.com\/www.eltrabajo.cl\/portal\/wp-content\/uploads\/2015\/11\/motorista-muere-minillas2-300x198.jpg?resize=300%2C198\" alt=\"La curva donde se desat\u00f3 la tragedia ya ha sido protagonista de al menos dos accidentes con motociclistas, uno de ellos tambi\u00e9n fatal.\" width=\"300\" height=\"198\" srcset=\"https:\/\/i0.wp.com\/eltrabajo.cl\/portal\/wp-content\/uploads\/2015\/11\/motorista-muere-minillas2.jpg?resize=300%2C198&amp;ssl=1 300w, https:\/\/i0.wp.com\/eltrabajo.cl\/portal\/wp-content\/uploads\/2015\/11\/motorista-muere-minillas2.jpg?resize=200%2C132&amp;ssl=1 200w, https:\/\/i0.wp.com\/eltrabajo.cl\/portal\/wp-content\/uploads\/2015\/11\/motorista-muere-minillas2.jpg?resize=227%2C150&amp;ssl=1 227w, https:\/\/i0.wp.com\/eltrabajo.cl\/portal\/wp-content\/uploads\/2015\/11\/motorista-muere-minillas2.jpg?resize=400%2C264&amp;ssl=1 400w, https:\/\/i0.wp.com\/eltrabajo.cl\/portal\/wp-content\/uploads\/2015\/11\/motorista-muere-minillas2.jpg?w=530&amp;ssl=1 530w\" sizes=\"auto, (max-width: 300px) 100vw, 300px\" \/><\/a><figcaption id=\"caption-attachment-64250\" class=\"wp-caption-text\">La curva donde se desat\u00f3 la tragedia ya ha sido protagonista de al menos dos accidentes con motociclistas, uno de ellos tambi\u00e9n fatal.<\/figcaption><\/figure>\n<p>La moderna motocicleta qued\u00f3 a varios metros del cuerpo del infortunado joven que transitaba solo y no en grupo como lo hacen habitualmente este tipo de conductores que recorren la ruta Putaendo-Cabildo.<br \/>\nHasta el lugar del accidente lleg\u00f3 una ambulancia del Samu, Bomberos y Carabineros de Putaendo, quienes informaron de lo ocurrido al fiscal de turno que dispuso la concurrencia del equipo investigativo Siat de Carabineros para determinar las reales causas de este lamentable accidente.<\/p>\n<p>Coincidentemente, este accidente se registra en el mismo lugar donde hace poco menos de dos a\u00f1os, otro motorista falleci\u00f3 degollado tras caer de su motocicleta e impactar con los alambres de p\u00faas existentes en el lugar, y donde tambi\u00e9n otro motociclista result\u00f3 gravemente herido en un accidente que han tenido como factor com\u00fan la velocidad y el no percatarse de la existencia de la peligrosa curva existente en el lugar.<br \/>\n<strong>Patricio Gallardo M.<\/strong><\/p>\n","protected":false},"excerpt":{"rendered":"<p>PUTAENDO.- Un motorista de 31 a\u00f1os de edad falleci\u00f3 la tarde de este martes en el sector Las Minillas en la carretera que une Putaendo con Cabildo. El accidente se registr\u00f3 faltando&#8230;<\/p>\n","protected":false},"author":482,"featured_media":64249,"comment_status":"open","ping_status":"open","sticky":false,"template":"","format":"standard","meta":{"advanced_seo_description":"","jetpack_seo_html_title":"","jetpack_seo_noindex":false,"_jetpack_memberships_contains_paid_content":false,"footnotes":""},"categories":[21],"tags":[],"class_list":["post-64248","post","type-post","status-publish","format-standard","has-post-thumbnail","hentry","category-policial"],"jetpack_featured_media_url":"https:\/\/i0.wp.com\/eltrabajo.cl\/portal\/wp-content\/uploads\/2015\/11\/motorista-muere-minillas1.jpg?fit=530%2C350&ssl=1","jetpack_sharing_enabled":true,"jetpack_likes_enabled":true,"jetpack-related-posts":[],"_links":{"self":[{"href":"https:\/\/eltrabajo.cl\/portal\/wp-json\/wp\/v2\/posts\/64248","targetHints":{"allow":["GET"]}}],"collection":[{"href":"https:\/\/eltrabajo.cl\/portal\/wp-json\/wp\/v2\/posts"}],"about":[{"href":"https:\/\/eltrabajo.cl\/portal\/wp-json\/wp\/v2\/types\/post"}],"author":[{"embeddable":true,"href":"https:\/\/eltrabajo.cl\/portal\/wp-json\/wp\/v2\/users\/482"}],"replies":[{"embeddable":true,"href":"https:\/\/eltrabajo.cl\/portal\/wp-json\/wp\/v2\/comments?post=64248"}],"version-history":[{"count":0,"href":"https:\/\/eltrabajo.cl\/portal\/wp-json\/wp\/v2\/posts\/64248\/revisions"}],"wp:featuredmedia":[{"embeddable":true,"href":"https:\/\/eltrabajo.cl\/portal\/wp-json\/wp\/v2\/media\/64249"}],"wp:attachment":[{"href":"https:\/\/eltrabajo.cl\/portal\/wp-json\/wp\/v2\/media?parent=64248"}],"wp:term":[{"taxonomy":"category","embeddable":true,"href":"https:\/\/eltrabajo.cl\/portal\/wp-json\/wp\/v2\/categories?post=64248"},{"taxonomy":"post_tag","embeddable":true,"href":"https:\/\/eltrabajo.cl\/portal\/wp-json\/wp\/v2\/tags?post=64248"}],"curies":[{"name":"wp","href":"https:\/\/api.w.org\/{rel}","templated":true}]}}