{"id":64253,"date":"2015-11-25T09:43:24","date_gmt":"2015-11-25T12:43:24","guid":{"rendered":"http:\/\/www.eltrabajo.cl\/portal\/?p=64253"},"modified":"2015-11-25T09:43:24","modified_gmt":"2015-11-25T12:43:24","slug":"menor-afectada-por-meningitis-habia-sido-enviada-a-su-casa-con-posible-apendice","status":"publish","type":"post","link":"https:\/\/eltrabajo.cl\/portal\/menor-afectada-por-meningitis-habia-sido-enviada-a-su-casa-con-posible-apendice\/","title":{"rendered":"Menor afectada por meningitis hab\u00eda sido enviada a su casa con posible ap\u00e9ndice"},"content":{"rendered":"<figure id=\"attachment_64254\" aria-describedby=\"caption-attachment-64254\" style=\"width: 300px\" class=\"wp-caption alignleft\"><a href=\"https:\/\/i0.wp.com\/www.eltrabajo.cl\/portal\/wp-content\/uploads\/2015\/11\/maria-oses.jpg\"><img data-recalc-dims=\"1\" loading=\"lazy\" decoding=\"async\" class=\"wp-image-64254 size-medium\" src=\"https:\/\/i0.wp.com\/www.eltrabajo.cl\/portal\/wp-content\/uploads\/2015\/11\/maria-oses-300x198.jpg?resize=300%2C198\" alt=\"Mar\u00eda Oses, madre de la menor afectada por meningitis y que fue considerada sospechosa de apendicitis.\" width=\"300\" height=\"198\" srcset=\"https:\/\/i0.wp.com\/eltrabajo.cl\/portal\/wp-content\/uploads\/2015\/11\/maria-oses.jpg?resize=300%2C198&amp;ssl=1 300w, https:\/\/i0.wp.com\/eltrabajo.cl\/portal\/wp-content\/uploads\/2015\/11\/maria-oses.jpg?resize=200%2C132&amp;ssl=1 200w, https:\/\/i0.wp.com\/eltrabajo.cl\/portal\/wp-content\/uploads\/2015\/11\/maria-oses.jpg?resize=228%2C150&amp;ssl=1 228w, https:\/\/i0.wp.com\/eltrabajo.cl\/portal\/wp-content\/uploads\/2015\/11\/maria-oses.jpg?resize=400%2C263&amp;ssl=1 400w, https:\/\/i0.wp.com\/eltrabajo.cl\/portal\/wp-content\/uploads\/2015\/11\/maria-oses.jpg?w=530&amp;ssl=1 530w\" sizes=\"auto, (max-width: 300px) 100vw, 300px\" \/><\/a><figcaption id=\"caption-attachment-64254\" class=\"wp-caption-text\">Mar\u00eda Oses, madre de la menor afectada por meningitis y que fue considerada sospechosa de apendicitis.<\/figcaption><\/figure>\n<p>Su malestar por la atenci\u00f3n recibida en el servicio de urgencia del Hospital de Llay Llay, expres\u00f3 Mar\u00eda Oses Tapia, madre de una adolescente de 17 a\u00f1os que tambi\u00e9n ha sido afectada por la temida meningitis viral en dicha comuna, la cual ha presentado el mayor n\u00famero de casos tanto sospechosos como confirmados en el valle de Aconcagua.<br \/>\nLo anterior debido a que al momento de llevar su hija a urgencia la ma\u00f1ana del mi\u00e9rcoles pasado, a eso de las 08,20 horas, debido a que presentaba v\u00f3mitos, n\u00e1usea, fiebre y fuerte dolor de cabeza, fue devuelta a su casa con la recomendaci\u00f3n que la observara pues pod\u00eda tratarse de un probable problema de ap\u00e9ndice.<br \/>\nYa en casa, por la tarde, a eso de las 18 horas su hija comenz\u00f3 con abundantes y explosivos v\u00f3mitos, por lo que junto al pap\u00e1 de la ni\u00f1a decidieron llevarla por sus propios medios hasta el Hospital Militar en Santiago, donde le practicaron una punci\u00f3n lumbar que vino a confirmar que padec\u00eda meningitis viral. En este mismo sentido Oses critic\u00f3 informaciones entregadas por las autoridades en el sentido que la menor habr\u00eda sido derivada desde el hospital de Llay Llay al Hospital Militar, ya que en dicho centro ni siquiera se enteraron que su hija hab\u00eda contra\u00eddo el virus.<br \/>\nActualmente la adolescente contin\u00faa internada en el Hospital Militar de Santiago, donde le han realizado y le siguen realizando diferentes ex\u00e1menes como una segunda punci\u00f3n lumbar, una resonancia y un electroencefalograma.<br \/>\nFinalmente Mar\u00eda Oses reiter\u00f3 su malestar, pues de haber seguido las instrucciones dadas en el hospital de Llay Llay, su hija ahora podr\u00eda estar muerta.<\/p>\n","protected":false},"excerpt":{"rendered":"<p>Su malestar por la atenci\u00f3n recibida en el servicio de urgencia del Hospital de Llay Llay, expres\u00f3 Mar\u00eda Oses Tapia, madre de una adolescente de 17 a\u00f1os que tambi\u00e9n ha sido afectada&#8230;<\/p>\n","protected":false},"author":482,"featured_media":64254,"comment_status":"open","ping_status":"open","sticky":false,"template":"","format":"standard","meta":{"advanced_seo_description":"","jetpack_seo_html_title":"","jetpack_seo_noindex":false,"_jetpack_memberships_contains_paid_content":false,"footnotes":""},"categories":[15],"tags":[],"class_list":["post-64253","post","type-post","status-publish","format-standard","has-post-thumbnail","hentry","category-comunidad"],"jetpack_featured_media_url":"https:\/\/i0.wp.com\/eltrabajo.cl\/portal\/wp-content\/uploads\/2015\/11\/maria-oses.jpg?fit=530%2C349&ssl=1","jetpack_sharing_enabled":true,"jetpack_likes_enabled":true,"jetpack-related-posts":[],"_links":{"self":[{"href":"https:\/\/eltrabajo.cl\/portal\/wp-json\/wp\/v2\/posts\/64253","targetHints":{"allow":["GET"]}}],"collection":[{"href":"https:\/\/eltrabajo.cl\/portal\/wp-json\/wp\/v2\/posts"}],"about":[{"href":"https:\/\/eltrabajo.cl\/portal\/wp-json\/wp\/v2\/types\/post"}],"author":[{"embeddable":true,"href":"https:\/\/eltrabajo.cl\/portal\/wp-json\/wp\/v2\/users\/482"}],"replies":[{"embeddable":true,"href":"https:\/\/eltrabajo.cl\/portal\/wp-json\/wp\/v2\/comments?post=64253"}],"version-history":[{"count":0,"href":"https:\/\/eltrabajo.cl\/portal\/wp-json\/wp\/v2\/posts\/64253\/revisions"}],"wp:featuredmedia":[{"embeddable":true,"href":"https:\/\/eltrabajo.cl\/portal\/wp-json\/wp\/v2\/media\/64254"}],"wp:attachment":[{"href":"https:\/\/eltrabajo.cl\/portal\/wp-json\/wp\/v2\/media?parent=64253"}],"wp:term":[{"taxonomy":"category","embeddable":true,"href":"https:\/\/eltrabajo.cl\/portal\/wp-json\/wp\/v2\/categories?post=64253"},{"taxonomy":"post_tag","embeddable":true,"href":"https:\/\/eltrabajo.cl\/portal\/wp-json\/wp\/v2\/tags?post=64253"}],"curies":[{"name":"wp","href":"https:\/\/api.w.org\/{rel}","templated":true}]}}