{"id":64259,"date":"2015-11-26T09:21:24","date_gmt":"2015-11-26T12:21:24","guid":{"rendered":"http:\/\/www.eltrabajo.cl\/portal\/?p=64259"},"modified":"2015-11-26T09:21:24","modified_gmt":"2015-11-26T12:21:24","slug":"con-gran-exito-se-presento-orquesta-marga-marga-en-centro-cultural-de-calle-larga","status":"publish","type":"post","link":"https:\/\/eltrabajo.cl\/portal\/con-gran-exito-se-presento-orquesta-marga-marga-en-centro-cultural-de-calle-larga\/","title":{"rendered":"Con gran \u00e9xito se present\u00f3 Orquesta Marga Marga en Centro Cultural de Calle Larga"},"content":{"rendered":"<figure id=\"attachment_64260\" aria-describedby=\"caption-attachment-64260\" style=\"width: 300px\" class=\"wp-caption alignleft\"><a href=\"https:\/\/i0.wp.com\/www.eltrabajo.cl\/portal\/wp-content\/uploads\/2015\/11\/Orquesta-Marga-Marga-1.jpg\"><img data-recalc-dims=\"1\" loading=\"lazy\" decoding=\"async\" class=\"wp-image-64260 size-medium\" src=\"https:\/\/i0.wp.com\/www.eltrabajo.cl\/portal\/wp-content\/uploads\/2015\/11\/Orquesta-Marga-Marga-1-300x198.jpg?resize=300%2C198\" alt=\"La Orquesta Marga Marga se present\u00f3 en el Centro Cultural de Calle Larga ante gran cantidad de adultos mayores y vecinos.\" width=\"300\" height=\"198\" srcset=\"https:\/\/i0.wp.com\/eltrabajo.cl\/portal\/wp-content\/uploads\/2015\/11\/Orquesta-Marga-Marga-1.jpg?resize=300%2C198&amp;ssl=1 300w, https:\/\/i0.wp.com\/eltrabajo.cl\/portal\/wp-content\/uploads\/2015\/11\/Orquesta-Marga-Marga-1.jpg?resize=200%2C132&amp;ssl=1 200w, https:\/\/i0.wp.com\/eltrabajo.cl\/portal\/wp-content\/uploads\/2015\/11\/Orquesta-Marga-Marga-1.jpg?resize=227%2C150&amp;ssl=1 227w, https:\/\/i0.wp.com\/eltrabajo.cl\/portal\/wp-content\/uploads\/2015\/11\/Orquesta-Marga-Marga-1.jpg?resize=400%2C264&amp;ssl=1 400w, https:\/\/i0.wp.com\/eltrabajo.cl\/portal\/wp-content\/uploads\/2015\/11\/Orquesta-Marga-Marga-1.jpg?w=530&amp;ssl=1 530w\" sizes=\"auto, (max-width: 300px) 100vw, 300px\" \/><\/a><figcaption id=\"caption-attachment-64260\" class=\"wp-caption-text\">La Orquesta Marga Marga se present\u00f3 en el Centro Cultural de Calle Larga ante gran cantidad de adultos mayores y vecinos.<\/figcaption><\/figure>\n<p><strong>CALLE LARGA<\/strong>.- La reconocida Orquesta Marga Marga, se present\u00f3 el pasado lunes en dependencias del Centro Cultural y Museo Presidente Pedro Aguirre Cerda, ante gran cantidad de adultos mayores y vecinos que disfrutaron de la presentaci\u00f3n de la prestigiosa agrupaci\u00f3n.<br \/>\nCl\u00e1sicos de la m\u00fasica de c\u00e1mara, como tambi\u00e9n de creadores chilenos contempor\u00e1neos, fue parte del repertorio presentado por la Orquesta, que se present\u00f3 ante gran cantidad de aconcag\u00fcinos.<br \/>\nEl director de la Orquesta Marga Marga, Luis Jos\u00e9 Recart, destac\u00f3 la recepci\u00f3n del p\u00fablico y adem\u00e1s manifest\u00f3 la posibilidad de estrechar lazos con los ni\u00f1os y ni\u00f1as que actualmente forman parte de Orquesta Infantil de Cuerdas de Calle Larga.<br \/>\n\u201cEs segunda vez que nos presentamos en Calle Larga y tal como la vez anterior, la recepci\u00f3n del p\u00fablico fue maravillosa. Tuvimos la posibilidad de estar con los ni\u00f1os y ni\u00f1as de la Orquesta de Calle Larga. La idea es poder apoyarlos y apadrinarlos, darles cl\u00ednicas y clases, apoyar a los profesores tanto en materiales, como en clases. Eso nos dar\u00eda much\u00edsimo gusto\u201d, manifest\u00f3 el director de la Orquesta.<br \/>\nAdultos mayores, familias e incluso ni\u00f1os y j\u00f3venes, disfrutaron la presentaci\u00f3n de la Orquesta. Ellos destacaron la realizaci\u00f3n de este tipo de actividades en la comuna de Calle Larga.<br \/>\n\u201cDisfrut\u00e9 much\u00edsimo del concierto. Fue s\u00faper agradable, sent\u00ed que me traslad\u00e9 a otro lugar. Nunca antes hab\u00eda visto una presentaci\u00f3n as\u00ed y la verdad qued\u00e9 con muchas ganas de volver a disfrutar de este tipo de espect\u00e1culos\u201d, sostuvo Mar\u00eda Reinoso Mura.<br \/>\nOpini\u00f3n similar tuvo Mar\u00eda Antonieta Aguilera, vecina de Calle Larga, \u201cPoder escuchar esta Orquesta al aire libre fue maravilloso, hab\u00eda un ambiente muy agradable que hizo que disfrutara much\u00edsimo del espect\u00e1culo. Antes no me hab\u00eda dado el tiempo de visitar este Centro Cultural y la verdad que me llen\u00e9 de emociones. Agradezco a quienes hicieron posible esta presentaci\u00f3n\u201d.<\/p>\n","protected":false},"excerpt":{"rendered":"<p>CALLE LARGA.- La reconocida Orquesta Marga Marga, se present\u00f3 el pasado lunes en dependencias del Centro Cultural y Museo Presidente Pedro Aguirre Cerda, ante gran cantidad de adultos mayores y vecinos que&#8230;<\/p>\n","protected":false},"author":482,"featured_media":64260,"comment_status":"open","ping_status":"open","sticky":false,"template":"","format":"standard","meta":{"advanced_seo_description":"","jetpack_seo_html_title":"","jetpack_seo_noindex":false,"_jetpack_memberships_contains_paid_content":false,"footnotes":""},"categories":[15],"tags":[],"class_list":["post-64259","post","type-post","status-publish","format-standard","has-post-thumbnail","hentry","category-comunidad"],"jetpack_featured_media_url":"https:\/\/i0.wp.com\/eltrabajo.cl\/portal\/wp-content\/uploads\/2015\/11\/Orquesta-Marga-Marga-1.jpg?fit=530%2C350&ssl=1","jetpack_sharing_enabled":true,"jetpack_likes_enabled":true,"jetpack-related-posts":[],"_links":{"self":[{"href":"https:\/\/eltrabajo.cl\/portal\/wp-json\/wp\/v2\/posts\/64259","targetHints":{"allow":["GET"]}}],"collection":[{"href":"https:\/\/eltrabajo.cl\/portal\/wp-json\/wp\/v2\/posts"}],"about":[{"href":"https:\/\/eltrabajo.cl\/portal\/wp-json\/wp\/v2\/types\/post"}],"author":[{"embeddable":true,"href":"https:\/\/eltrabajo.cl\/portal\/wp-json\/wp\/v2\/users\/482"}],"replies":[{"embeddable":true,"href":"https:\/\/eltrabajo.cl\/portal\/wp-json\/wp\/v2\/comments?post=64259"}],"version-history":[{"count":0,"href":"https:\/\/eltrabajo.cl\/portal\/wp-json\/wp\/v2\/posts\/64259\/revisions"}],"wp:featuredmedia":[{"embeddable":true,"href":"https:\/\/eltrabajo.cl\/portal\/wp-json\/wp\/v2\/media\/64260"}],"wp:attachment":[{"href":"https:\/\/eltrabajo.cl\/portal\/wp-json\/wp\/v2\/media?parent=64259"}],"wp:term":[{"taxonomy":"category","embeddable":true,"href":"https:\/\/eltrabajo.cl\/portal\/wp-json\/wp\/v2\/categories?post=64259"},{"taxonomy":"post_tag","embeddable":true,"href":"https:\/\/eltrabajo.cl\/portal\/wp-json\/wp\/v2\/tags?post=64259"}],"curies":[{"name":"wp","href":"https:\/\/api.w.org\/{rel}","templated":true}]}}