{"id":6427,"date":"2011-11-21T09:01:48","date_gmt":"2011-11-21T13:01:48","guid":{"rendered":"http:\/\/www.eltrabajo.cl\/portal\/?p=6427"},"modified":"2011-11-21T09:01:48","modified_gmt":"2011-11-21T13:01:48","slug":"cuatro-empresas-de-la-provincia-distinguidas-por-buenas-practicas-laborales","status":"publish","type":"post","link":"https:\/\/eltrabajo.cl\/portal\/cuatro-empresas-de-la-provincia-distinguidas-por-buenas-practicas-laborales\/","title":{"rendered":"Cuatro empresas de la provincia distinguidas por buenas pr\u00e1cticas laborales"},"content":{"rendered":"<figure id=\"attachment_6428\" aria-describedby=\"caption-attachment-6428\" style=\"width: 600px\" class=\"wp-caption alignnone\"><a href=\"http:\/\/www.eltrabajo.cl\/portal\/archives\/6427\/premiacion-empresas-2\" rel=\"attachment wp-att-6428\"><img data-recalc-dims=\"1\" loading=\"lazy\" decoding=\"async\" class=\"size-full wp-image-6428\" title=\"premiacion empresas (2)\" src=\"https:\/\/i0.wp.com\/www.eltrabajo.cl\/portal\/wp-content\/uploads\/2011\/11\/premiacion-empresas-2.jpg?resize=600%2C450\" alt=\"\" width=\"600\" height=\"450\" srcset=\"https:\/\/i0.wp.com\/eltrabajo.cl\/portal\/wp-content\/uploads\/2011\/11\/premiacion-empresas-2.jpg?w=600&amp;ssl=1 600w, https:\/\/i0.wp.com\/eltrabajo.cl\/portal\/wp-content\/uploads\/2011\/11\/premiacion-empresas-2.jpg?resize=200%2C150&amp;ssl=1 200w, https:\/\/i0.wp.com\/eltrabajo.cl\/portal\/wp-content\/uploads\/2011\/11\/premiacion-empresas-2.jpg?resize=300%2C225&amp;ssl=1 300w, https:\/\/i0.wp.com\/eltrabajo.cl\/portal\/wp-content\/uploads\/2011\/11\/premiacion-empresas-2.jpg?resize=150%2C112&amp;ssl=1 150w, https:\/\/i0.wp.com\/eltrabajo.cl\/portal\/wp-content\/uploads\/2011\/11\/premiacion-empresas-2.jpg?resize=400%2C300&amp;ssl=1 400w\" sizes=\"auto, (max-width: 600px) 100vw, 600px\" \/><\/a><figcaption id=\"caption-attachment-6428\" class=\"wp-caption-text\">Cuatro empresas de la provincia de San Felipe, de un total de 10 en la regi\u00f3n, fueron distinguidas por sus buenas pr\u00e1cticas laborales.<\/figcaption><\/figure>\n<p>El viernes pasado la Direcci\u00f3n Regional del Trabajo de Valpara\u00edso culmin\u00f3 la mesa de Comercio que se realiz\u00f3 en esta provincia y donde participaron 44 empresas.<\/p>\n<p>Durante el tiempo que se trabaj\u00f3 con las empresas, a todas se les detect\u00f3 alg\u00fan tipo de incumplimiento, tanto en el \u00e1mbito de la normativa laboral como de ambientes laborales al interior de las empresas.<\/p>\n<p>A estas empresas se les entreg\u00f3 un plazo de 7 d\u00edas para mejorar esas deficiencias, logrando todas ellas cumplir en el plazo establecido.<\/p>\n<p>\u00abEsta mesa de comercio fue la \u00fanica en la regi\u00f3n que tuvo un 100% de cumplimiento, las principales deficiencias que se detectaron fueron en dos \u00e1mbitos, en materia laboral y seguridad y salud en el trabajo\u00bb, se\u00f1al\u00f3 la directora provincial del Trabajo, Denisse Fredes.<\/p>\n<p>En materia de Salud, la principal deficiencia fue el tema de los extintores, ya que muchas de las empresas los ten\u00edan, pero no se encontraban bien ubicados o no estaban con sus reglas al d\u00eda.<\/p>\n<p>De no haber cumplido las exigencias, las empresas se habr\u00edan expuesto a una multa de alrededor de 30 millones de pesos.<\/p>\n<p>Para estas 44 empresas, el beneficio que entrega cumplir con estas exigencias, es que sus trabajadores pudieron capacitarse para corregir las irregularidades, antes que se cursaran las multas.<\/p>\n<p>De todas maneras siguen sometidas a fiscalizaci\u00f3n, la que puede realizarse en cualquier momento, ya que el cumplimiento de la normativa laboral es algo que necesariamente debe ser constante.<\/p>\n<p>Ese d\u00eda adem\u00e1s se reconoci\u00f3 a los empleadores, que en esta provincia lograron la acreditaci\u00f3n por buenas pr\u00e1cticas laborales.<\/p>\n<p>\u00abEl llamado sello verde que entrega la Direcci\u00f3n del Trabajo a estas empresas, su nombre, van a ser subidas a la p\u00e1gina web del servicio en enero del pr\u00f3ximo a\u00f1o\u00bb, se\u00f1al\u00f3 Fredes.<\/p>\n<p>Las empresas distinguidas fueron Ferreter\u00edas Andina, Maip\u00fa Autoservicio, Falabella San Felipe y La Cig\u00fce\u00f1a.<\/p>\n<p>Estas 4 empresas lograron la acreditaci\u00f3n, de un total de 10 que fueron certificadas en la regi\u00f3n.<\/p>\n","protected":false},"excerpt":{"rendered":"<p>El viernes pasado la Direcci\u00f3n Regional del Trabajo de Valpara\u00edso culmin\u00f3 la mesa de Comercio que se realiz\u00f3 en esta provincia y donde participaron 44 empresas. Durante el tiempo que se trabaj\u00f3&#8230;<\/p>\n","protected":false},"author":482,"featured_media":6428,"comment_status":"open","ping_status":"open","sticky":false,"template":"","format":"standard","meta":{"advanced_seo_description":"","jetpack_seo_html_title":"","jetpack_seo_noindex":false,"_jetpack_memberships_contains_paid_content":false,"footnotes":""},"categories":[15],"tags":[],"class_list":["post-6427","post","type-post","status-publish","format-standard","has-post-thumbnail","hentry","category-comunidad"],"jetpack_featured_media_url":"https:\/\/i0.wp.com\/eltrabajo.cl\/portal\/wp-content\/uploads\/2011\/11\/premiacion-empresas-2.jpg?fit=600%2C450&ssl=1","jetpack_sharing_enabled":true,"jetpack_likes_enabled":true,"jetpack-related-posts":[],"_links":{"self":[{"href":"https:\/\/eltrabajo.cl\/portal\/wp-json\/wp\/v2\/posts\/6427","targetHints":{"allow":["GET"]}}],"collection":[{"href":"https:\/\/eltrabajo.cl\/portal\/wp-json\/wp\/v2\/posts"}],"about":[{"href":"https:\/\/eltrabajo.cl\/portal\/wp-json\/wp\/v2\/types\/post"}],"author":[{"embeddable":true,"href":"https:\/\/eltrabajo.cl\/portal\/wp-json\/wp\/v2\/users\/482"}],"replies":[{"embeddable":true,"href":"https:\/\/eltrabajo.cl\/portal\/wp-json\/wp\/v2\/comments?post=6427"}],"version-history":[{"count":0,"href":"https:\/\/eltrabajo.cl\/portal\/wp-json\/wp\/v2\/posts\/6427\/revisions"}],"wp:featuredmedia":[{"embeddable":true,"href":"https:\/\/eltrabajo.cl\/portal\/wp-json\/wp\/v2\/media\/6428"}],"wp:attachment":[{"href":"https:\/\/eltrabajo.cl\/portal\/wp-json\/wp\/v2\/media?parent=6427"}],"wp:term":[{"taxonomy":"category","embeddable":true,"href":"https:\/\/eltrabajo.cl\/portal\/wp-json\/wp\/v2\/categories?post=6427"},{"taxonomy":"post_tag","embeddable":true,"href":"https:\/\/eltrabajo.cl\/portal\/wp-json\/wp\/v2\/tags?post=6427"}],"curies":[{"name":"wp","href":"https:\/\/api.w.org\/{rel}","templated":true}]}}