{"id":64272,"date":"2015-11-26T09:31:23","date_gmt":"2015-11-26T12:31:23","guid":{"rendered":"http:\/\/www.eltrabajo.cl\/portal\/?p=64272"},"modified":"2015-11-26T09:31:23","modified_gmt":"2015-11-26T12:31:23","slug":"putaendo-se-prepara-para-enfrentar-alza-de-temperaturas-durante-la-proxima-semana","status":"publish","type":"post","link":"https:\/\/eltrabajo.cl\/portal\/putaendo-se-prepara-para-enfrentar-alza-de-temperaturas-durante-la-proxima-semana\/","title":{"rendered":"Putaendo se prepara para enfrentar alza de temperaturas durante la pr\u00f3xima semana"},"content":{"rendered":"<figure id=\"attachment_64273\" aria-describedby=\"caption-attachment-64273\" style=\"width: 300px\" class=\"wp-caption alignleft\"><a href=\"https:\/\/i0.wp.com\/www.eltrabajo.cl\/portal\/wp-content\/uploads\/2015\/11\/Aumento-de-temperaturas.jpg\"><img data-recalc-dims=\"1\" loading=\"lazy\" decoding=\"async\" class=\"wp-image-64273 size-medium\" src=\"https:\/\/i0.wp.com\/www.eltrabajo.cl\/portal\/wp-content\/uploads\/2015\/11\/Aumento-de-temperaturas-300x198.jpg?resize=300%2C198\" alt=\"Para la pr\u00f3xima semana se espera un alza en las temperaturas, esperando incluso alcanzar los 38\u00ba. \" width=\"300\" height=\"198\" srcset=\"https:\/\/i0.wp.com\/eltrabajo.cl\/portal\/wp-content\/uploads\/2015\/11\/Aumento-de-temperaturas.jpg?resize=300%2C198&amp;ssl=1 300w, https:\/\/i0.wp.com\/eltrabajo.cl\/portal\/wp-content\/uploads\/2015\/11\/Aumento-de-temperaturas.jpg?resize=200%2C132&amp;ssl=1 200w, https:\/\/i0.wp.com\/eltrabajo.cl\/portal\/wp-content\/uploads\/2015\/11\/Aumento-de-temperaturas.jpg?resize=227%2C150&amp;ssl=1 227w, https:\/\/i0.wp.com\/eltrabajo.cl\/portal\/wp-content\/uploads\/2015\/11\/Aumento-de-temperaturas.jpg?resize=400%2C264&amp;ssl=1 400w, https:\/\/i0.wp.com\/eltrabajo.cl\/portal\/wp-content\/uploads\/2015\/11\/Aumento-de-temperaturas.jpg?w=530&amp;ssl=1 530w\" sizes=\"auto, (max-width: 300px) 100vw, 300px\" \/><\/a><figcaption id=\"caption-attachment-64273\" class=\"wp-caption-text\">Para la pr\u00f3xima semana se espera un alza en las temperaturas, esperando incluso alcanzar los 38\u00ba.<\/figcaption><\/figure>\n<p><strong>PUTAENDO.-<\/strong> Temperaturas que podr\u00edan llegar hasta los 35\u00ba, se esperan sentir durante la pr\u00f3xima semana en el Valle del Aconcagua, espec\u00edficamente en la comuna de Putaendo que ya se prepara para soportar lo que se denomina la primera ola de calor intensa de la temporada veraniega.<br \/>\nBomberos de Putaendo, que ha expresado su preocupaci\u00f3n por la cantidad de vegetaci\u00f3n seca existente en alguno sitios y viviendas de la comuna, est\u00e1 preparando un plan de contingencia a prop\u00f3sito de las altas temperaturas que se registrar\u00e1n ya durante este pr\u00f3ximo fin de semana y que incrementar\u00e1n durante los primeros d\u00edas de la pr\u00f3xima semana, teniendo en cuenta la alta posibilidad de tener incendios de tipo pastizales que podr\u00edan derivar en incendios de mayor complejidad.<br \/>\nSobre este tema Manuel Vicencio de aconcaguaclima, indic\u00f3 que efectivamente las temperaturas en el Valle del Aconcagua aumentar\u00e1n, incluso podr\u00edan alcanzar los 38\u00ba, que se mantendr\u00edan por lo menos durante toda la pr\u00f3xima semana.<br \/>\nJVRP ALERTA POR AUMENTO DEL CAUDAL DEL R\u00cdO<br \/>\nEl presidente de la Junta De Vigilancia del R\u00edo Putaendo (JVRP) Miguel Vega, indic\u00f3 que efectivamente esta situaci\u00f3n fue analizada en extenso por el directorio, que ya tom\u00f3 todos los cursos de acci\u00f3n que contemplan por ejemplo la contrataci\u00f3n de maquinaria pesada, camionetas y personal para enfrentar una brusca crecida del caudal del r\u00edo que se estima podr\u00eda llegar a los 25.0000 litros por segundo o m\u00e1s, dependiendo de las temperaturas toda vez que hay mucha nieve y tal como ya se hab\u00eda dicho, a\u00fan no se registran los deshielos m\u00e1s importantes que podr\u00edan concretarse producto de las altas temperaturas pronosticadas.<br \/>\nMiguel Vega, agreg\u00f3 que es preocupaci\u00f3n constante el monitoreo del caudal del r\u00edo y de c\u00f3mo se comporta ya que el Putaendo suele cambiar de direcci\u00f3n y \u2018cargarse\u2019 repentinamente, ocasionando inconvenientes sobre todo en los sectores m\u00e1s cercanos en el lado poniente y oriente. Sin embargo, la comunidad puede estar segura que hoy la JVRP est\u00e1 preparada y en estado de alerta para enfrentar crecidas bruscas del caudal del r\u00edo y suspender oportuna y r\u00e1pidamente el ingreso de agua hasta los canales matrices en caso de ser necesario.<br \/>\n<strong>Patricio Gallardo M.<\/strong><\/p>\n","protected":false},"excerpt":{"rendered":"<p>PUTAENDO.- Temperaturas que podr\u00edan llegar hasta los 35\u00ba, se esperan sentir durante la pr\u00f3xima semana en el Valle del Aconcagua, espec\u00edficamente en la comuna de Putaendo que ya se prepara para soportar&#8230;<\/p>\n","protected":false},"author":482,"featured_media":64273,"comment_status":"open","ping_status":"open","sticky":false,"template":"","format":"standard","meta":{"advanced_seo_description":"","jetpack_seo_html_title":"","jetpack_seo_noindex":false,"_jetpack_memberships_contains_paid_content":false,"footnotes":""},"categories":[15],"tags":[],"class_list":["post-64272","post","type-post","status-publish","format-standard","has-post-thumbnail","hentry","category-comunidad"],"jetpack_featured_media_url":"https:\/\/i0.wp.com\/eltrabajo.cl\/portal\/wp-content\/uploads\/2015\/11\/Aumento-de-temperaturas.jpg?fit=530%2C350&ssl=1","jetpack_sharing_enabled":true,"jetpack_likes_enabled":true,"jetpack-related-posts":[],"_links":{"self":[{"href":"https:\/\/eltrabajo.cl\/portal\/wp-json\/wp\/v2\/posts\/64272","targetHints":{"allow":["GET"]}}],"collection":[{"href":"https:\/\/eltrabajo.cl\/portal\/wp-json\/wp\/v2\/posts"}],"about":[{"href":"https:\/\/eltrabajo.cl\/portal\/wp-json\/wp\/v2\/types\/post"}],"author":[{"embeddable":true,"href":"https:\/\/eltrabajo.cl\/portal\/wp-json\/wp\/v2\/users\/482"}],"replies":[{"embeddable":true,"href":"https:\/\/eltrabajo.cl\/portal\/wp-json\/wp\/v2\/comments?post=64272"}],"version-history":[{"count":0,"href":"https:\/\/eltrabajo.cl\/portal\/wp-json\/wp\/v2\/posts\/64272\/revisions"}],"wp:featuredmedia":[{"embeddable":true,"href":"https:\/\/eltrabajo.cl\/portal\/wp-json\/wp\/v2\/media\/64273"}],"wp:attachment":[{"href":"https:\/\/eltrabajo.cl\/portal\/wp-json\/wp\/v2\/media?parent=64272"}],"wp:term":[{"taxonomy":"category","embeddable":true,"href":"https:\/\/eltrabajo.cl\/portal\/wp-json\/wp\/v2\/categories?post=64272"},{"taxonomy":"post_tag","embeddable":true,"href":"https:\/\/eltrabajo.cl\/portal\/wp-json\/wp\/v2\/tags?post=64272"}],"curies":[{"name":"wp","href":"https:\/\/api.w.org\/{rel}","templated":true}]}}