{"id":64275,"date":"2015-11-26T09:34:16","date_gmt":"2015-11-26T12:34:16","guid":{"rendered":"http:\/\/www.eltrabajo.cl\/portal\/?p=64275"},"modified":"2015-11-26T09:34:16","modified_gmt":"2015-11-26T12:34:16","slug":"estudiantes-de-liceo-calle-larga-participaron-de-charla-dictada-por-maestro-de-la-logia-de-chile","status":"publish","type":"post","link":"https:\/\/eltrabajo.cl\/portal\/estudiantes-de-liceo-calle-larga-participaron-de-charla-dictada-por-maestro-de-la-logia-de-chile\/","title":{"rendered":"Estudiantes de Liceo Calle Larga participaron de charla dictada por Maestro de la Logia de Chile"},"content":{"rendered":"<figure id=\"attachment_64276\" aria-describedby=\"caption-attachment-64276\" style=\"width: 300px\" class=\"wp-caption alignleft\"><a href=\"https:\/\/i0.wp.com\/www.eltrabajo.cl\/portal\/wp-content\/uploads\/2015\/11\/Charla-Masoneria.jpg\"><img data-recalc-dims=\"1\" loading=\"lazy\" decoding=\"async\" class=\"wp-image-64276 size-medium\" src=\"https:\/\/i0.wp.com\/www.eltrabajo.cl\/portal\/wp-content\/uploads\/2015\/11\/Charla-Masoneria-300x198.jpg?resize=300%2C198\" alt=\"Luis Riveros, Gran Maestro de la Logia de Chile, dict\u00f3 una charla a los estudiantes del Liceo de Calle Larga sobre la vida y obra del Presidente Pedro Aguirre Cerda.\" width=\"300\" height=\"198\" srcset=\"https:\/\/i0.wp.com\/eltrabajo.cl\/portal\/wp-content\/uploads\/2015\/11\/Charla-Masoneria.jpg?resize=300%2C198&amp;ssl=1 300w, https:\/\/i0.wp.com\/eltrabajo.cl\/portal\/wp-content\/uploads\/2015\/11\/Charla-Masoneria.jpg?resize=200%2C132&amp;ssl=1 200w, https:\/\/i0.wp.com\/eltrabajo.cl\/portal\/wp-content\/uploads\/2015\/11\/Charla-Masoneria.jpg?resize=228%2C150&amp;ssl=1 228w, https:\/\/i0.wp.com\/eltrabajo.cl\/portal\/wp-content\/uploads\/2015\/11\/Charla-Masoneria.jpg?resize=400%2C263&amp;ssl=1 400w, https:\/\/i0.wp.com\/eltrabajo.cl\/portal\/wp-content\/uploads\/2015\/11\/Charla-Masoneria.jpg?w=530&amp;ssl=1 530w\" sizes=\"auto, (max-width: 300px) 100vw, 300px\" \/><\/a><figcaption id=\"caption-attachment-64276\" class=\"wp-caption-text\">Luis Riveros, Gran Maestro de la Logia de Chile, dict\u00f3 una charla a los estudiantes del Liceo de Calle Larga sobre la vida y obra del Presidente Pedro Aguirre Cerda.<\/figcaption><\/figure>\n<ul>\n<li><strong>La Educaci\u00f3n y el Legado de Pedro Aguirre Cerda\u2019, fue el nombre de la exposici\u00f3n realizada por Luis Riveros Cornejo.<\/strong><\/li>\n<\/ul>\n<p><strong>CALLE LARGA.<\/strong>&#8211; Un extenso recorrido por la vida, legado y obras del Presidente Pedro Aguirre Cerda, realiz\u00f3 a trav\u00e9s de la charla \u2018La Educaci\u00f3n y el Legado de Pedro Aguirre Cerda\u2019 el Gran Maestro de la Logia de Chile, Luis Riveros Cornejo, a los estudiantes del Liceo de Calle Larga, establecimiento que precisamente lleva el nombre del ex Presidente de la Rep\u00fablica.<br \/>\nEsta actividad realizada en el Centro Cultural y Museo Presidente Pedro Aguirre Cerda, permiti\u00f3 a los alumnos conocer m\u00e1s pasajes de la vida del expresidente, en el marco de la conmemoraci\u00f3n del aniversario n\u00famero 74 de su fallecimiento.<br \/>\n\u201cFue sumamente grato dirigirse a los estudiantes del Liceo Pedro Aguirre Cerda. Los alumnos deben ser el gran objetivo de un gobierno y de un pa\u00eds. He sido rector de la Universidad de Chile y precisamente he dedicado gran parte de mi vida a la educaci\u00f3n. Los estudiantes deben ser el gran objetivo que el pa\u00eds debe tener y por eso el pa\u00eds debe mirar el futuro, estar con los estudiantes y conversas este tipo de temas. El di\u00e1logo intergeneracional se ha ido debilitando y, a trav\u00e9s de esta actividades se fortalece\u201d, sostuvo el gran Maestro de la Logia de Chile, Luis Riveros.<br \/>\nSobre esta actividad el alcalde Nelson Venegas destac\u00f3 la presencia de Luis Riveros en Calle Larga, para conversar con las alumnas y alumnos de la comuna.<br \/>\n\u201cContar con la presencia de la m\u00e1xima autoridad de la masoner\u00eda chilena en nuestro Centro Cultural nos llena de orgullo. Siempre la masoner\u00eda ha estado vinculada a los grandes temas de la construcci\u00f3n de la Rep\u00fablica y de la educaci\u00f3n. En ese sentido reafirmamos el compromiso que tenemos como municipalidad y que es seguir trabajando en la l\u00f3gica de generar las pol\u00edticas p\u00fablicas que tienden a resolver los grandes conflictos sobre todos los que tienen que ver con la educaci\u00f3n. Entendemos que mejorar la educaci\u00f3n es la meta a la que todos debemos dirigirnos\u201d, manifest\u00f3 Nelson Venegas.<\/p>\n","protected":false},"excerpt":{"rendered":"<p>La Educaci\u00f3n y el Legado de Pedro Aguirre Cerda\u2019, fue el nombre de la exposici\u00f3n realizada por Luis Riveros Cornejo. CALLE LARGA.&#8211; Un extenso recorrido por la vida, legado y obras del&#8230;<\/p>\n","protected":false},"author":482,"featured_media":64276,"comment_status":"open","ping_status":"open","sticky":false,"template":"","format":"standard","meta":{"advanced_seo_description":"","jetpack_seo_html_title":"","jetpack_seo_noindex":false,"_jetpack_memberships_contains_paid_content":false,"footnotes":""},"categories":[1],"tags":[],"class_list":["post-64275","post","type-post","status-publish","format-standard","has-post-thumbnail","hentry","category-cronica"],"jetpack_featured_media_url":"https:\/\/i0.wp.com\/eltrabajo.cl\/portal\/wp-content\/uploads\/2015\/11\/Charla-Masoneria.jpg?fit=530%2C349&ssl=1","jetpack_sharing_enabled":true,"jetpack_likes_enabled":true,"jetpack-related-posts":[],"_links":{"self":[{"href":"https:\/\/eltrabajo.cl\/portal\/wp-json\/wp\/v2\/posts\/64275","targetHints":{"allow":["GET"]}}],"collection":[{"href":"https:\/\/eltrabajo.cl\/portal\/wp-json\/wp\/v2\/posts"}],"about":[{"href":"https:\/\/eltrabajo.cl\/portal\/wp-json\/wp\/v2\/types\/post"}],"author":[{"embeddable":true,"href":"https:\/\/eltrabajo.cl\/portal\/wp-json\/wp\/v2\/users\/482"}],"replies":[{"embeddable":true,"href":"https:\/\/eltrabajo.cl\/portal\/wp-json\/wp\/v2\/comments?post=64275"}],"version-history":[{"count":0,"href":"https:\/\/eltrabajo.cl\/portal\/wp-json\/wp\/v2\/posts\/64275\/revisions"}],"wp:featuredmedia":[{"embeddable":true,"href":"https:\/\/eltrabajo.cl\/portal\/wp-json\/wp\/v2\/media\/64276"}],"wp:attachment":[{"href":"https:\/\/eltrabajo.cl\/portal\/wp-json\/wp\/v2\/media?parent=64275"}],"wp:term":[{"taxonomy":"category","embeddable":true,"href":"https:\/\/eltrabajo.cl\/portal\/wp-json\/wp\/v2\/categories?post=64275"},{"taxonomy":"post_tag","embeddable":true,"href":"https:\/\/eltrabajo.cl\/portal\/wp-json\/wp\/v2\/tags?post=64275"}],"curies":[{"name":"wp","href":"https:\/\/api.w.org\/{rel}","templated":true}]}}