{"id":64279,"date":"2015-11-26T09:35:40","date_gmt":"2015-11-26T12:35:40","guid":{"rendered":"http:\/\/www.eltrabajo.cl\/portal\/?p=64279"},"modified":"2015-11-26T09:35:40","modified_gmt":"2015-11-26T12:35:40","slug":"invitan-a-toda-la-comunidad-a-participar-de-la-perro-trote-en-san-felipe","status":"publish","type":"post","link":"https:\/\/eltrabajo.cl\/portal\/invitan-a-toda-la-comunidad-a-participar-de-la-perro-trote-en-san-felipe\/","title":{"rendered":"Invitan a toda la comunidad a participar de la \u2018Perro Trote\u2019 en San Felipe"},"content":{"rendered":"<figure id=\"attachment_64280\" aria-describedby=\"caption-attachment-64280\" style=\"width: 300px\" class=\"wp-caption alignleft\"><a href=\"https:\/\/i0.wp.com\/www.eltrabajo.cl\/portal\/wp-content\/uploads\/2015\/11\/perrotrote.jpg\"><img data-recalc-dims=\"1\" loading=\"lazy\" decoding=\"async\" class=\"wp-image-64280 size-medium\" src=\"https:\/\/i0.wp.com\/www.eltrabajo.cl\/portal\/wp-content\/uploads\/2015\/11\/perrotrote-300x198.jpg?resize=300%2C198\" alt=\"Todos los vecinos est\u00e1n invitados a participar de una nueva versi\u00f3n de la \u2018Perro trote\u2019, este domingo desde las 10 de la ma\u00f1ana.\" width=\"300\" height=\"198\" srcset=\"https:\/\/i0.wp.com\/eltrabajo.cl\/portal\/wp-content\/uploads\/2015\/11\/perrotrote.jpg?resize=300%2C198&amp;ssl=1 300w, https:\/\/i0.wp.com\/eltrabajo.cl\/portal\/wp-content\/uploads\/2015\/11\/perrotrote.jpg?resize=200%2C132&amp;ssl=1 200w, https:\/\/i0.wp.com\/eltrabajo.cl\/portal\/wp-content\/uploads\/2015\/11\/perrotrote.jpg?resize=227%2C150&amp;ssl=1 227w, https:\/\/i0.wp.com\/eltrabajo.cl\/portal\/wp-content\/uploads\/2015\/11\/perrotrote.jpg?resize=400%2C264&amp;ssl=1 400w, https:\/\/i0.wp.com\/eltrabajo.cl\/portal\/wp-content\/uploads\/2015\/11\/perrotrote.jpg?w=530&amp;ssl=1 530w\" sizes=\"auto, (max-width: 300px) 100vw, 300px\" \/><\/a><figcaption id=\"caption-attachment-64280\" class=\"wp-caption-text\">Todos los vecinos est\u00e1n invitados a participar de una nueva versi\u00f3n de la \u2018Perro trote\u2019, este domingo desde las 10 de la ma\u00f1ana.<\/figcaption><\/figure>\n<p>Una interesante actividad tiene contemplada el municipio de San Felipe, donde se espera seguir avanzando en la pol\u00edtica comunal de tenencia responsable de mascotas. Se trata de la \u2018Perro trote\u2019, donde todos podr\u00e1n correr junto a sus mascotas.<br \/>\nLa informaci\u00f3n la dio a conocer la encargada del Programa Municipal de Tenencia Responsable de Mascotas, Mariana Bravo, quien coment\u00f3 que el domingo, a partir de las 10 de la ma\u00f1ana, se realizar\u00e1 la \u2018Perro trote\u2019, actividad que por segundo a\u00f1o efect\u00faa la municipalidad de San Felipe, pero que este 2015 tiene una especial relevancia a prop\u00f3sito del plan comunal que se ha impulsado con gran \u00e9xito.<br \/>\n\u201cEsta es una actividad familiar que este a\u00f1o esperamos que tenga una gran respuesta, la idea es correr con nuestros perritos y para ello, quienes deseen participar deber\u00e1n venir con sus animalitos e inscribirse, tendremos invitados especiales, porque adem\u00e1s habr\u00e1 una instancia con stands que apuntan precisamente al cuidado de nuestras mascotas, como inmobiliarias e Isapres, adem\u00e1s de sorpresas para quienes nos acompa\u00f1en\u201d, puntualiz\u00f3 la profesional.<br \/>\nEn ese sentido se contemplan la entrega de interesantes premios a los perritos que terminen la prueba y logren ganar, por lo que la invitaci\u00f3n es a todos los vecinos a participar de esta entretenida actividad.<\/p>\n","protected":false},"excerpt":{"rendered":"<p>Una interesante actividad tiene contemplada el municipio de San Felipe, donde se espera seguir avanzando en la pol\u00edtica comunal de tenencia responsable de mascotas. Se trata de la \u2018Perro trote\u2019, donde todos&#8230;<\/p>\n","protected":false},"author":482,"featured_media":64280,"comment_status":"open","ping_status":"open","sticky":false,"template":"","format":"standard","meta":{"advanced_seo_description":"","jetpack_seo_html_title":"","jetpack_seo_noindex":false,"_jetpack_memberships_contains_paid_content":false,"footnotes":""},"categories":[1],"tags":[],"class_list":["post-64279","post","type-post","status-publish","format-standard","has-post-thumbnail","hentry","category-cronica"],"jetpack_featured_media_url":"https:\/\/i0.wp.com\/eltrabajo.cl\/portal\/wp-content\/uploads\/2015\/11\/perrotrote.jpg?fit=530%2C350&ssl=1","jetpack_sharing_enabled":true,"jetpack_likes_enabled":true,"jetpack-related-posts":[],"_links":{"self":[{"href":"https:\/\/eltrabajo.cl\/portal\/wp-json\/wp\/v2\/posts\/64279","targetHints":{"allow":["GET"]}}],"collection":[{"href":"https:\/\/eltrabajo.cl\/portal\/wp-json\/wp\/v2\/posts"}],"about":[{"href":"https:\/\/eltrabajo.cl\/portal\/wp-json\/wp\/v2\/types\/post"}],"author":[{"embeddable":true,"href":"https:\/\/eltrabajo.cl\/portal\/wp-json\/wp\/v2\/users\/482"}],"replies":[{"embeddable":true,"href":"https:\/\/eltrabajo.cl\/portal\/wp-json\/wp\/v2\/comments?post=64279"}],"version-history":[{"count":0,"href":"https:\/\/eltrabajo.cl\/portal\/wp-json\/wp\/v2\/posts\/64279\/revisions"}],"wp:featuredmedia":[{"embeddable":true,"href":"https:\/\/eltrabajo.cl\/portal\/wp-json\/wp\/v2\/media\/64280"}],"wp:attachment":[{"href":"https:\/\/eltrabajo.cl\/portal\/wp-json\/wp\/v2\/media?parent=64279"}],"wp:term":[{"taxonomy":"category","embeddable":true,"href":"https:\/\/eltrabajo.cl\/portal\/wp-json\/wp\/v2\/categories?post=64279"},{"taxonomy":"post_tag","embeddable":true,"href":"https:\/\/eltrabajo.cl\/portal\/wp-json\/wp\/v2\/tags?post=64279"}],"curies":[{"name":"wp","href":"https:\/\/api.w.org\/{rel}","templated":true}]}}