{"id":64282,"date":"2015-11-26T09:37:25","date_gmt":"2015-11-26T12:37:25","guid":{"rendered":"http:\/\/www.eltrabajo.cl\/portal\/?p=64282"},"modified":"2015-11-26T09:37:25","modified_gmt":"2015-11-26T12:37:25","slug":"adultos-mayores-viviran-su-propia-fiesta-de-la-primavera-2015","status":"publish","type":"post","link":"https:\/\/eltrabajo.cl\/portal\/adultos-mayores-viviran-su-propia-fiesta-de-la-primavera-2015\/","title":{"rendered":"Adultos Mayores vivir\u00e1n su propia Fiesta de la Primavera 2015"},"content":{"rendered":"<figure id=\"attachment_64283\" aria-describedby=\"caption-attachment-64283\" style=\"width: 300px\" class=\"wp-caption alignleft\"><a href=\"https:\/\/i0.wp.com\/www.eltrabajo.cl\/portal\/wp-content\/uploads\/2015\/11\/FOTO-6-VICTOR-OLAVE-Presidente-de-la-Union-Comunal-.jpg\"><img data-recalc-dims=\"1\" loading=\"lazy\" decoding=\"async\" class=\"wp-image-64283 size-medium\" src=\"https:\/\/i0.wp.com\/www.eltrabajo.cl\/portal\/wp-content\/uploads\/2015\/11\/FOTO-6-VICTOR-OLAVE-Presidente-de-la-Union-Comunal--300x197.jpg?resize=300%2C197\" alt=\"Presidente de la Uni\u00f3n Comunal, Unco, de Adultos Mayores, V\u00edctor Olave.\" width=\"300\" height=\"197\" srcset=\"https:\/\/i0.wp.com\/eltrabajo.cl\/portal\/wp-content\/uploads\/2015\/11\/FOTO-6-VICTOR-OLAVE-Presidente-de-la-Union-Comunal-.jpg?resize=300%2C197&amp;ssl=1 300w, https:\/\/i0.wp.com\/eltrabajo.cl\/portal\/wp-content\/uploads\/2015\/11\/FOTO-6-VICTOR-OLAVE-Presidente-de-la-Union-Comunal-.jpg?resize=200%2C131&amp;ssl=1 200w, https:\/\/i0.wp.com\/eltrabajo.cl\/portal\/wp-content\/uploads\/2015\/11\/FOTO-6-VICTOR-OLAVE-Presidente-de-la-Union-Comunal-.jpg?resize=228%2C150&amp;ssl=1 228w, https:\/\/i0.wp.com\/eltrabajo.cl\/portal\/wp-content\/uploads\/2015\/11\/FOTO-6-VICTOR-OLAVE-Presidente-de-la-Union-Comunal-.jpg?resize=400%2C263&amp;ssl=1 400w, https:\/\/i0.wp.com\/eltrabajo.cl\/portal\/wp-content\/uploads\/2015\/11\/FOTO-6-VICTOR-OLAVE-Presidente-de-la-Union-Comunal-.jpg?w=530&amp;ssl=1 530w\" sizes=\"auto, (max-width: 300px) 100vw, 300px\" \/><\/a><figcaption id=\"caption-attachment-64283\" class=\"wp-caption-text\">Presidente de la Uni\u00f3n Comunal, Unco, de Adultos Mayores, V\u00edctor Olave.<\/figcaption><\/figure>\n<p>Tal como en un pie de Cueca, no hay primera sin segunda, ma\u00f1ana viernes se vivir\u00e1 la segunda patita de la exitosa Fiesta de la Primavera 2015 y los protagonistas ser\u00e1n los Clubes de Adulto Mayor de San Felipe, que como ya es tradici\u00f3n, tienen preparada su propia celebraci\u00f3n con carros aleg\u00f3ricos y un recorrido por la ciudad, tal como lo hicieron las Juntas de Vecinos.<br \/>\nAs\u00ed lo manifest\u00f3 el presidente de la Uni\u00f3n Comunal, Unco, de Adultos Mayores, V\u00edctor Olave quien afirm\u00f3 que \u201ces una jornada diferente a la que ya se realiz\u00f3, porque somos puros adultos mayores y no entregamos premios por los carros, solamente queremos mostrar a la ciudadan\u00eda que podemos hacer cosas muy similares\u201d, expres\u00f3, agregando que \u201cac\u00e1 cada club tiene su carro, algunos vienen en autos o en lo que ellos puedan, mostrando sus reinas, a las que nosotros les entregamos un regalo personal y no elegimos una reina representativa porque para nosotros son todas reinas\u201d, destac\u00f3.<br \/>\nRespecto del programa que tendr\u00e1 esta particular celebraci\u00f3n, el dirigente mostr\u00f3 cierta preocupaci\u00f3n al no saber si podr\u00e1n pasar por la Plaza C\u00edvica, puesto que para el viernes 27 est\u00e1 programado el inicio de la Telet\u00f3n. \u201cCada club elige su reina, a las 6 de la tarde salimos desde Yungay frente al terminal, paseamos por la avenidas, estamos solicitando Yungay y Chacabuco, pero no sabemos si podremos utilizar calle Salinas y nos van a dar el permiso para que pasemos, porque siempre las autoridades nos reciben y esta vez coincide con la telet\u00f3n. Despu\u00e9s de aqu\u00ed, nosotros terminamos nuestro recorrido en la c\u00e1mara de Comercio, donde bailamos hasta cerca de las 10 de la noche, para divertirnos un poco con el cotill\u00f3n correspondiente\u201d, relat\u00f3 Olave.<br \/>\nEn cuanto a la importancia que tiene esta actividad el dirigente apunt\u00f3 que \u201cqueremos darle realce a esta iniciativa porque llegan hartos abuelitos, con hartos a\u00f1os y qu\u00e9 mejor que verlos activos a todos\u201d, enfatiz\u00f3<br \/>\nHasta el cierre de esta edici\u00f3n estaban comprometidas unas 25 reinas para participar de esta fiesta y se esperar\u00e1 hasta \u00faltimo instante a todas las personas de la tercera edad que quieran ser parte del festejo.<\/p>\n","protected":false},"excerpt":{"rendered":"<p>Tal como en un pie de Cueca, no hay primera sin segunda, ma\u00f1ana viernes se vivir\u00e1 la segunda patita de la exitosa Fiesta de la Primavera 2015 y los protagonistas ser\u00e1n los&#8230;<\/p>\n","protected":false},"author":482,"featured_media":64283,"comment_status":"open","ping_status":"open","sticky":false,"template":"","format":"standard","meta":{"advanced_seo_description":"","jetpack_seo_html_title":"","jetpack_seo_noindex":false,"_jetpack_memberships_contains_paid_content":false,"footnotes":""},"categories":[15],"tags":[],"class_list":["post-64282","post","type-post","status-publish","format-standard","has-post-thumbnail","hentry","category-comunidad"],"jetpack_featured_media_url":"https:\/\/i0.wp.com\/eltrabajo.cl\/portal\/wp-content\/uploads\/2015\/11\/FOTO-6-VICTOR-OLAVE-Presidente-de-la-Union-Comunal-.jpg?fit=530%2C348&ssl=1","jetpack_sharing_enabled":true,"jetpack_likes_enabled":true,"jetpack-related-posts":[],"_links":{"self":[{"href":"https:\/\/eltrabajo.cl\/portal\/wp-json\/wp\/v2\/posts\/64282","targetHints":{"allow":["GET"]}}],"collection":[{"href":"https:\/\/eltrabajo.cl\/portal\/wp-json\/wp\/v2\/posts"}],"about":[{"href":"https:\/\/eltrabajo.cl\/portal\/wp-json\/wp\/v2\/types\/post"}],"author":[{"embeddable":true,"href":"https:\/\/eltrabajo.cl\/portal\/wp-json\/wp\/v2\/users\/482"}],"replies":[{"embeddable":true,"href":"https:\/\/eltrabajo.cl\/portal\/wp-json\/wp\/v2\/comments?post=64282"}],"version-history":[{"count":0,"href":"https:\/\/eltrabajo.cl\/portal\/wp-json\/wp\/v2\/posts\/64282\/revisions"}],"wp:featuredmedia":[{"embeddable":true,"href":"https:\/\/eltrabajo.cl\/portal\/wp-json\/wp\/v2\/media\/64283"}],"wp:attachment":[{"href":"https:\/\/eltrabajo.cl\/portal\/wp-json\/wp\/v2\/media?parent=64282"}],"wp:term":[{"taxonomy":"category","embeddable":true,"href":"https:\/\/eltrabajo.cl\/portal\/wp-json\/wp\/v2\/categories?post=64282"},{"taxonomy":"post_tag","embeddable":true,"href":"https:\/\/eltrabajo.cl\/portal\/wp-json\/wp\/v2\/tags?post=64282"}],"curies":[{"name":"wp","href":"https:\/\/api.w.org\/{rel}","templated":true}]}}