{"id":64285,"date":"2015-11-26T09:40:26","date_gmt":"2015-11-26T12:40:26","guid":{"rendered":"http:\/\/www.eltrabajo.cl\/portal\/?p=64285"},"modified":"2015-11-26T09:40:26","modified_gmt":"2015-11-26T12:40:26","slug":"provincia-de-san-felipe-celebro-dos-veces-el-dia-internacional-de-la-no-violencia-contra-la-mujer","status":"publish","type":"post","link":"https:\/\/eltrabajo.cl\/portal\/provincia-de-san-felipe-celebro-dos-veces-el-dia-internacional-de-la-no-violencia-contra-la-mujer\/","title":{"rendered":"Provincia de San Felipe celebr\u00f3 dos veces el D\u00eda Internacional de la No Violencia contra la Mujer"},"content":{"rendered":"<figure id=\"attachment_64286\" aria-describedby=\"caption-attachment-64286\" style=\"width: 300px\" class=\"wp-caption alignleft\"><a href=\"https:\/\/i0.wp.com\/www.eltrabajo.cl\/portal\/wp-content\/uploads\/2015\/11\/FOTO-3-Gonernador-Eduardo-Leon-estampa-sus-manos-y-deja-mensaje-en-rechazo-al-maltrato-contra-las-mujeres.jpg\"><img data-recalc-dims=\"1\" loading=\"lazy\" decoding=\"async\" class=\"wp-image-64286 size-medium\" src=\"https:\/\/i0.wp.com\/www.eltrabajo.cl\/portal\/wp-content\/uploads\/2015\/11\/FOTO-3-Gonernador-Eduardo-Leon-estampa-sus-manos-y-deja-mensaje-en-rechazo-al-maltrato-contra-las-mujeres-300x197.jpg?resize=300%2C197\" alt=\"Gobernador Eduardo Le\u00f3n, estampa sus manos y deja mensaje en rechazo al maltrato contra las mujeres\" width=\"300\" height=\"197\" srcset=\"https:\/\/i0.wp.com\/eltrabajo.cl\/portal\/wp-content\/uploads\/2015\/11\/FOTO-3-Gonernador-Eduardo-Leon-estampa-sus-manos-y-deja-mensaje-en-rechazo-al-maltrato-contra-las-mujeres.jpg?resize=300%2C197&amp;ssl=1 300w, https:\/\/i0.wp.com\/eltrabajo.cl\/portal\/wp-content\/uploads\/2015\/11\/FOTO-3-Gonernador-Eduardo-Leon-estampa-sus-manos-y-deja-mensaje-en-rechazo-al-maltrato-contra-las-mujeres.jpg?resize=200%2C131&amp;ssl=1 200w, https:\/\/i0.wp.com\/eltrabajo.cl\/portal\/wp-content\/uploads\/2015\/11\/FOTO-3-Gonernador-Eduardo-Leon-estampa-sus-manos-y-deja-mensaje-en-rechazo-al-maltrato-contra-las-mujeres.jpg?resize=228%2C150&amp;ssl=1 228w, https:\/\/i0.wp.com\/eltrabajo.cl\/portal\/wp-content\/uploads\/2015\/11\/FOTO-3-Gonernador-Eduardo-Leon-estampa-sus-manos-y-deja-mensaje-en-rechazo-al-maltrato-contra-las-mujeres.jpg?resize=400%2C263&amp;ssl=1 400w, https:\/\/i0.wp.com\/eltrabajo.cl\/portal\/wp-content\/uploads\/2015\/11\/FOTO-3-Gonernador-Eduardo-Leon-estampa-sus-manos-y-deja-mensaje-en-rechazo-al-maltrato-contra-las-mujeres.jpg?w=530&amp;ssl=1 530w\" sizes=\"auto, (max-width: 300px) 100vw, 300px\" \/><\/a><figcaption id=\"caption-attachment-64286\" class=\"wp-caption-text\">Gobernador Eduardo Le\u00f3n, estampa sus manos y deja mensaje en rechazo al maltrato contra las mujeres<\/figcaption><\/figure>\n<ul>\n<li><strong>El martes, La Ministra del Sernam se reuni\u00f3n con diversas agrupaciones femeninas, mientras que ayer frente al municipio sanfelipe\u00f1o la Gobernaci\u00f3n Provincial extendi\u00f3 un lienzo blanco para que la poblaci\u00f3n dejara la marca de sus manos y mensajes en rechazo a la tem\u00e1tica.<\/strong><\/li>\n<\/ul>\n<p>Por partida doble se celebr\u00f3 en San Felipe el d\u00eda internacional de la No Violencia contra la mujer, puesto que el martes, la Ministra del Servicio Nacional de la Mujer, Sernam, Claudia Pascual, se reuni\u00f3 en el Colegio de Profesores de San Felipe con diversas agrupaciones femeninas de la Provincia de Aconcagua. Mientras que ayer mi\u00e9rcoles se expuso en la Plaza de Armas, frente al municipio, una tela para que la comunidad dejara mensajes y la marca de manos en rechazo a esta problem\u00e1tica.<br \/>\nEn la cita del martes, se dio el vamos a la campa\u00f1a nacional \u2018Por ti y por todas las mujeres, act\u00faa contra la violencia, detengamos los femicidios\u2019 y junto con esto, se plantearon diversas tem\u00e1ticas referentes a la equidad de g\u00e9nero. Seg\u00fan la Ministra Pascual, el objetivo de la reuni\u00f3n era mostrar la agenda de trabajo de la Presidenta Bachelet, en torno a sus reformas estructurales y principalmente la agenda de g\u00e9nero de la mandataria, que seg\u00fan dijo \u201cbusca promover las autonom\u00edas de las mujeres, mayores derechos para ellas, que tengan que ver con el respaldo legislativo y con la transformaci\u00f3n cultural que buscamos, que hombres y mujeres nos podamos respetar, que podamos trabajar de manera conjunta y valorar lo que realmente hacemos por nuestras familias, nuestra sociedad y nuestro pa\u00eds\u201d, puntualiz\u00f3.<br \/>\nSeg\u00fan la autoridad de gobierno, lo m\u00e1s provechoso de este encuentro fue principalmente haberse dado cuenta de que las inquietudes y necesidades que plantearon las mujeres presentes, ratifican y refuerzan la orientaci\u00f3n y el sentido de la agenda de trabajo que el ministerio se ha propuesto.<br \/>\nEn relaci\u00f3n a la difusi\u00f3n de esta nueva campa\u00f1a que busca disminuir los \u00edndices de violencia en contra del sexo femenino y erradicar los femicidios, que durante el a\u00f1o ya alcanzan los 39 casos en el pa\u00eds, Pascual enfatiz\u00f3 que \u201cesta no es una lucha que tengan que dar las mujeres que son violentadas solas, todos y todas somos responsables, esto es algo que tenemos que hacer como sociedad, como pa\u00eds. Debemos estar alerta, poder acompa\u00f1ar a las mujeres, poder derivarlas y que las redes familiares y sociales sirvan para acompa\u00f1arlas\u201d, dijo.<br \/>\nEn este mismo sentido agreg\u00f3 que \u201chay un compromiso de la pol\u00edtica p\u00fablica, el Sernam y el Ministerio de la Mujer, la equidad de g\u00e9nero est\u00e1n sumamente comprometidos, estamos duplicando las casa de acogida, generando m\u00e1s centros de la mujer, estamos generando planes y programas que nos permitan luchar contra la violencia, pero no basta si los chilenos y las chilenas nos comprometemos a detener la violencia\u201d, declar\u00f3 la Ministra.<br \/>\nEn la posibilidad de recuperar la casa de acogida de San Felipe, la cual fue devastada por un incendio, Pascual asegur\u00f3 que \u201cestamos conversando las posibilidades de reparar lo que ocurri\u00f3 en aquel siniestro, indudablemente estamos buscando ampliar la cobertura de las casas de acogida, que ojal\u00e1 no tuvi\u00e9ramos que tener, porque hay que recordar que son un dispositivo que nos permite proteger a las mujeres que han sido v\u00edctimas de un ataque femicida y han sobrevvivido, o bien est\u00e1n en riesgo de ser atacadas y contin\u00faan con un riesgo vital, pero mientras tengamos estos fen\u00f3menos, vamos a seguir potenciando ese \u00e1mbito, llegamos con 23 casa al gobierno y vamos a terminar el per\u00edodo con 25 nuevas casas\u201d, destac\u00f3.<br \/>\nEmilia Fern\u00e1ndez, Presidenta de la Uni\u00f3n Comunal de Juntas de Vecinos de Catemu, se mostr\u00f3 feliz de poder compartir un momentos y algunas impresiones con la Ministra y respecto a eso afirm\u00f3 que \u201ces muy provechoso, nos trajo muy buenas noticias, estamos contentas que se proteja a la mujer y se nos d\u00e9 mayor importancia, que haya m\u00e1s igualdad con los hombres todas las oportunidades\u201d, destac\u00f3<br \/>\nAdem\u00e1s Fern\u00e1ndez arguy\u00f3 que \u201ces importante hablar de la violencia, porque hay muchas mujeres que son golpeadas por el marido y est\u00e1n en silencio en su hogar sin que nadie se entere y se haga parte del problema\u201d, declar\u00f3.<br \/>\nPor su parte, Adelaida Escalona, dirigente de la Democracia Cristiana, mostr\u00f3 cierta inquietud y expres\u00f3 que \u201cme encant\u00f3 que existiera un di\u00e1logo, me hubiese gustado que fuera m\u00e1s amplio y lo que m\u00e1s me llama la atenci\u00f3n es que en todos los programas la clase media no est\u00e1 incluida, si bien est\u00e1n bien dirigidos para las personas con menos recursos, pero la clase media tiene tantas necesidades como otras y muchas veces no est\u00e1n incluidos en los programas\u201d, recalc\u00f3.<br \/>\nReferente al tema de No violencia contra las mujeres escalona insisti\u00f3 en la desigualdad de oportunidades que existe entre algunas clases sociales y a\u00f1adi\u00f3 que \u201clas mujeres siempre se preguntan, nosotros que somos de la clase media, en qu\u00e9 nos beneficiamos, cu\u00e1les son los beneficios que vamos a obtener y para eso no hay muchas respuestas y eso no est\u00e1 bien\u201d, expuso.<\/p>\n<p><strong>CONMEMORACI\u00d3N<\/strong><br \/>\nFinalmente, ayer, d\u00eda en el que se celebr\u00f3 de forma oficial, el d\u00eda Internacional contra la Violencia hacia las mujeres, en el centro de San Felipe la Gobernaci\u00f3n Provincial, en conjunto con el Centro de la Mujer de San Felipe, extendieron un lienzo blanco para que las personas marcaran su mano o escribieran un mensaje en rechazo a esta problem\u00e1tica.<br \/>\nEn la oportunidad, Valeria Iturrieta, coordinadora del Centro de la Mujer San Felipe apunt\u00f3 que el norte de este tipo de actividades es contribuir a disminuir y desnaturalizar la violencia que se produce en las relaciones de pareja, expresando que \u201ces uno de los temas m\u00e1s crudos que tenemos en nuestra sociedad y ac\u00e1 en la provincia se despliegan todas las acciones para atender a las mujeres que son v\u00edctimas de violencia, como para genera acciones de prevenci\u00f3n con toda la comunidad\u201d, expres\u00f3.<br \/>\nAs\u00ed mismo Iturrieta entreg\u00f3 datos duros fundamentales para entender la gravedad de este problema a nivel provincial y se\u00f1al\u00f3 que \u201ctenemos cifras que nos dicen que durante el a\u00f1o tenemos 650 denuncias de violencia intrafamiliar, lo cual es una cifra alta, pero nos pone en antecedentes de que las mujeres se est\u00e1n atreviendo a denunciar y eso es lo que queremos, que se visibilice la materia, que lo conversemos y que todos nos hagamos cargo en ese sentido\u201d, finaliz\u00f3.<br \/>\nCabe destacar que durante el 2015, el Centro de la Mujer ha atendido cerca de 200 mujeres, ofreciendo un serviciosico-socio-legal, es decir, de todos los profesionales involucrados en el proceso de recuperaci\u00f3n de las mujeres maltratadas y adem\u00e1s orientaci\u00f3n y asesor\u00eda legal en torno a su situaci\u00f3n.<\/p>\n<div class=\"tiled-gallery type-rectangular tiled-gallery-unresized\" data-original-width=\"640\" data-carousel-extra='null' itemscope itemtype=\"http:\/\/schema.org\/ImageGallery\" > <div class=\"gallery-row\" style=\"width: 640px; height: 282px;\" data-original-width=\"640\" data-original-height=\"282\" > <div class=\"gallery-group images-1\" style=\"width: 427px; height: 282px;\" data-original-width=\"427\" data-original-height=\"282\" > <div class=\"tiled-gallery-item tiled-gallery-item-large\" itemprop=\"associatedMedia\" itemscope itemtype=\"http:\/\/schema.org\/ImageObject\"> <a href=\"https:\/\/eltrabajo.cl\/portal\/provincia-de-san-felipe-celebro-dos-veces-el-dia-internacional-de-la-no-violencia-contra-la-mujer\/foto-2-la-ministra-pascual-dialogando-con-mujere-tras-desayuno-en-el-colegio-de-profesores\/\" border=\"0\" itemprop=\"url\"> <meta itemprop=\"width\" content=\"423\"> <meta itemprop=\"height\" content=\"278\"> <img decoding=\"async\" class=\"\" data-attachment-id=\"64287\" data-orig-file=\"https:\/\/eltrabajo.cl\/portal\/wp-content\/uploads\/2015\/11\/FOTO-2-La-Ministra-Pascual-dialogando-con-mujere-tras-desayuno-en-el-Colegio-de-Profesores.jpg\" data-orig-size=\"530,348\" data-comments-opened=\"1\" data-image-meta=\"{&quot;aperture&quot;:&quot;0&quot;,&quot;credit&quot;:&quot;&quot;,&quot;camera&quot;:&quot;&quot;,&quot;caption&quot;:&quot;&quot;,&quot;created_timestamp&quot;:&quot;0&quot;,&quot;copyright&quot;:&quot;Copyright 2012&quot;,&quot;focal_length&quot;:&quot;0&quot;,&quot;iso&quot;:&quot;0&quot;,&quot;shutter_speed&quot;:&quot;0&quot;,&quot;title&quot;:&quot;&quot;,&quot;orientation&quot;:&quot;0&quot;}\" data-image-title=\"FOTO 2 La Ministra Pascual dialogando con mujere tras desayuno en el Colegio de Profesores\" data-image-description=\"&lt;p&gt;La Ministra Pascual dialogando con mujeres, tras desayuno en el Colegio de Profesores.&lt;\/p&gt; \" data-medium-file=\"https:\/\/i0.wp.com\/eltrabajo.cl\/portal\/wp-content\/uploads\/2015\/11\/FOTO-2-La-Ministra-Pascual-dialogando-con-mujere-tras-desayuno-en-el-Colegio-de-Profesores.jpg?fit=300%2C197&#038;ssl=1\" data-large-file=\"https:\/\/i0.wp.com\/eltrabajo.cl\/portal\/wp-content\/uploads\/2015\/11\/FOTO-2-La-Ministra-Pascual-dialogando-con-mujere-tras-desayuno-en-el-Colegio-de-Profesores.jpg?fit=530%2C348&#038;ssl=1\" src=\"https:\/\/i0.wp.com\/eltrabajo.cl\/portal\/wp-content\/uploads\/2015\/11\/FOTO-2-La-Ministra-Pascual-dialogando-con-mujere-tras-desayuno-en-el-Colegio-de-Profesores.jpg?w=423&#038;h=278&#038;ssl=1\" srcset=\"https:\/\/i0.wp.com\/eltrabajo.cl\/portal\/wp-content\/uploads\/2015\/11\/FOTO-2-La-Ministra-Pascual-dialogando-con-mujere-tras-desayuno-en-el-Colegio-de-Profesores.jpg?w=530&amp;ssl=1 530w, https:\/\/i0.wp.com\/eltrabajo.cl\/portal\/wp-content\/uploads\/2015\/11\/FOTO-2-La-Ministra-Pascual-dialogando-con-mujere-tras-desayuno-en-el-Colegio-de-Profesores.jpg?resize=200%2C131&amp;ssl=1 200w, https:\/\/i0.wp.com\/eltrabajo.cl\/portal\/wp-content\/uploads\/2015\/11\/FOTO-2-La-Ministra-Pascual-dialogando-con-mujere-tras-desayuno-en-el-Colegio-de-Profesores.jpg?resize=300%2C197&amp;ssl=1 300w, https:\/\/i0.wp.com\/eltrabajo.cl\/portal\/wp-content\/uploads\/2015\/11\/FOTO-2-La-Ministra-Pascual-dialogando-con-mujere-tras-desayuno-en-el-Colegio-de-Profesores.jpg?resize=228%2C150&amp;ssl=1 228w, https:\/\/i0.wp.com\/eltrabajo.cl\/portal\/wp-content\/uploads\/2015\/11\/FOTO-2-La-Ministra-Pascual-dialogando-con-mujere-tras-desayuno-en-el-Colegio-de-Profesores.jpg?resize=400%2C263&amp;ssl=1 400w\" width=\"423\" height=\"278\" loading=\"lazy\" data-original-width=\"423\" data-original-height=\"278\" itemprop=\"http:\/\/schema.org\/image\" title=\"FOTO 2 La Ministra Pascual dialogando con mujere tras desayuno en el Colegio de Profesores\" alt=\"La Ministra Pascual dialogando con mujeres, tras desayuno en el Colegio de Profesores.\" style=\"width: 423px; height: 278px;\" \/> <\/a> <div class=\"tiled-gallery-caption\" itemprop=\"caption description\"> La Ministra Pascual dialogando con mujeres, tras desayuno en el Colegio de Profesores. <\/div> <\/div> <\/div> <!-- close group --> <div class=\"gallery-group images-2\" style=\"width: 213px; height: 282px;\" data-original-width=\"213\" data-original-height=\"282\" > <div class=\"tiled-gallery-item tiled-gallery-item-small\" itemprop=\"associatedMedia\" itemscope itemtype=\"http:\/\/schema.org\/ImageObject\"> <a href=\"https:\/\/eltrabajo.cl\/portal\/provincia-de-san-felipe-celebro-dos-veces-el-dia-internacional-de-la-no-violencia-contra-la-mujer\/foto-1-ministra-del-sernam-claudia-pascual\/\" border=\"0\" itemprop=\"url\"> <meta itemprop=\"width\" content=\"209\"> <meta itemprop=\"height\" content=\"137\"> <img decoding=\"async\" class=\"\" data-attachment-id=\"64290\" data-orig-file=\"https:\/\/eltrabajo.cl\/portal\/wp-content\/uploads\/2015\/11\/FOTO-1-Ministra-del-SERNAM-Claudia-Pascual.jpg\" data-orig-size=\"530,348\" data-comments-opened=\"1\" data-image-meta=\"{&quot;aperture&quot;:&quot;0&quot;,&quot;credit&quot;:&quot;&quot;,&quot;camera&quot;:&quot;&quot;,&quot;caption&quot;:&quot;&quot;,&quot;created_timestamp&quot;:&quot;0&quot;,&quot;copyright&quot;:&quot;Copyright 2012&quot;,&quot;focal_length&quot;:&quot;0&quot;,&quot;iso&quot;:&quot;0&quot;,&quot;shutter_speed&quot;:&quot;0&quot;,&quot;title&quot;:&quot;&quot;,&quot;orientation&quot;:&quot;0&quot;}\" data-image-title=\"FOTO 1 Ministra del SERNAM Claudia Pascual\" data-image-description=\"&lt;p&gt;Ministra del Sernam, Claudia Pascual&lt;\/p&gt; \" data-medium-file=\"https:\/\/i0.wp.com\/eltrabajo.cl\/portal\/wp-content\/uploads\/2015\/11\/FOTO-1-Ministra-del-SERNAM-Claudia-Pascual.jpg?fit=300%2C197&#038;ssl=1\" data-large-file=\"https:\/\/i0.wp.com\/eltrabajo.cl\/portal\/wp-content\/uploads\/2015\/11\/FOTO-1-Ministra-del-SERNAM-Claudia-Pascual.jpg?fit=530%2C348&#038;ssl=1\" src=\"https:\/\/i0.wp.com\/eltrabajo.cl\/portal\/wp-content\/uploads\/2015\/11\/FOTO-1-Ministra-del-SERNAM-Claudia-Pascual.jpg?w=209&#038;h=137&#038;ssl=1\" srcset=\"https:\/\/i0.wp.com\/eltrabajo.cl\/portal\/wp-content\/uploads\/2015\/11\/FOTO-1-Ministra-del-SERNAM-Claudia-Pascual.jpg?w=530&amp;ssl=1 530w, https:\/\/i0.wp.com\/eltrabajo.cl\/portal\/wp-content\/uploads\/2015\/11\/FOTO-1-Ministra-del-SERNAM-Claudia-Pascual.jpg?resize=200%2C131&amp;ssl=1 200w, https:\/\/i0.wp.com\/eltrabajo.cl\/portal\/wp-content\/uploads\/2015\/11\/FOTO-1-Ministra-del-SERNAM-Claudia-Pascual.jpg?resize=300%2C197&amp;ssl=1 300w, https:\/\/i0.wp.com\/eltrabajo.cl\/portal\/wp-content\/uploads\/2015\/11\/FOTO-1-Ministra-del-SERNAM-Claudia-Pascual.jpg?resize=228%2C150&amp;ssl=1 228w, https:\/\/i0.wp.com\/eltrabajo.cl\/portal\/wp-content\/uploads\/2015\/11\/FOTO-1-Ministra-del-SERNAM-Claudia-Pascual.jpg?resize=400%2C263&amp;ssl=1 400w\" width=\"209\" height=\"137\" loading=\"lazy\" data-original-width=\"209\" data-original-height=\"137\" itemprop=\"http:\/\/schema.org\/image\" title=\"FOTO 1 Ministra del SERNAM Claudia Pascual\" alt=\"Ministra del Sernam, Claudia Pascual\" style=\"width: 209px; height: 137px;\" \/> <\/a> <div class=\"tiled-gallery-caption\" itemprop=\"caption description\"> Ministra del Sernam, Claudia Pascual <\/div> <\/div> <div class=\"tiled-gallery-item tiled-gallery-item-small\" itemprop=\"associatedMedia\" itemscope itemtype=\"http:\/\/schema.org\/ImageObject\"> <a href=\"https:\/\/eltrabajo.cl\/portal\/provincia-de-san-felipe-celebro-dos-veces-el-dia-internacional-de-la-no-violencia-contra-la-mujer\/foto-5-emilia-fernandez-presidenta-de-la-union-comunal-de-juntas-de-vecinos-de-catemu\/\" border=\"0\" itemprop=\"url\"> <meta itemprop=\"width\" content=\"209\"> <meta itemprop=\"height\" content=\"137\"> <img decoding=\"async\" class=\"\" data-attachment-id=\"64289\" data-orig-file=\"https:\/\/eltrabajo.cl\/portal\/wp-content\/uploads\/2015\/11\/FOTO-5-Emilia-Fernandez-Presidenta-de-la-Union-Comunal-de-Juntas-de-Vecinos-de-Catemu.jpg\" data-orig-size=\"530,348\" data-comments-opened=\"1\" data-image-meta=\"{&quot;aperture&quot;:&quot;0&quot;,&quot;credit&quot;:&quot;&quot;,&quot;camera&quot;:&quot;&quot;,&quot;caption&quot;:&quot;&quot;,&quot;created_timestamp&quot;:&quot;0&quot;,&quot;copyright&quot;:&quot;Copyright 2012&quot;,&quot;focal_length&quot;:&quot;0&quot;,&quot;iso&quot;:&quot;0&quot;,&quot;shutter_speed&quot;:&quot;0&quot;,&quot;title&quot;:&quot;&quot;,&quot;orientation&quot;:&quot;0&quot;}\" data-image-title=\"FOTO 5 Emilia Fernandez Presidenta de la Union Comunal de Juntas de Vecinos de Catemu\" data-image-description=\"&lt;p&gt;Emilia Fern\u00e1ndez, Presidenta de la Uni\u00f3n Comunal de Juntas de Vecinos de Catemu.&lt;\/p&gt; \" data-medium-file=\"https:\/\/i0.wp.com\/eltrabajo.cl\/portal\/wp-content\/uploads\/2015\/11\/FOTO-5-Emilia-Fernandez-Presidenta-de-la-Union-Comunal-de-Juntas-de-Vecinos-de-Catemu.jpg?fit=300%2C197&#038;ssl=1\" data-large-file=\"https:\/\/i0.wp.com\/eltrabajo.cl\/portal\/wp-content\/uploads\/2015\/11\/FOTO-5-Emilia-Fernandez-Presidenta-de-la-Union-Comunal-de-Juntas-de-Vecinos-de-Catemu.jpg?fit=530%2C348&#038;ssl=1\" src=\"https:\/\/i0.wp.com\/eltrabajo.cl\/portal\/wp-content\/uploads\/2015\/11\/FOTO-5-Emilia-Fernandez-Presidenta-de-la-Union-Comunal-de-Juntas-de-Vecinos-de-Catemu.jpg?w=209&#038;h=137&#038;ssl=1\" srcset=\"https:\/\/i0.wp.com\/eltrabajo.cl\/portal\/wp-content\/uploads\/2015\/11\/FOTO-5-Emilia-Fernandez-Presidenta-de-la-Union-Comunal-de-Juntas-de-Vecinos-de-Catemu.jpg?w=530&amp;ssl=1 530w, https:\/\/i0.wp.com\/eltrabajo.cl\/portal\/wp-content\/uploads\/2015\/11\/FOTO-5-Emilia-Fernandez-Presidenta-de-la-Union-Comunal-de-Juntas-de-Vecinos-de-Catemu.jpg?resize=200%2C131&amp;ssl=1 200w, https:\/\/i0.wp.com\/eltrabajo.cl\/portal\/wp-content\/uploads\/2015\/11\/FOTO-5-Emilia-Fernandez-Presidenta-de-la-Union-Comunal-de-Juntas-de-Vecinos-de-Catemu.jpg?resize=300%2C197&amp;ssl=1 300w, https:\/\/i0.wp.com\/eltrabajo.cl\/portal\/wp-content\/uploads\/2015\/11\/FOTO-5-Emilia-Fernandez-Presidenta-de-la-Union-Comunal-de-Juntas-de-Vecinos-de-Catemu.jpg?resize=228%2C150&amp;ssl=1 228w, https:\/\/i0.wp.com\/eltrabajo.cl\/portal\/wp-content\/uploads\/2015\/11\/FOTO-5-Emilia-Fernandez-Presidenta-de-la-Union-Comunal-de-Juntas-de-Vecinos-de-Catemu.jpg?resize=400%2C263&amp;ssl=1 400w\" width=\"209\" height=\"137\" loading=\"lazy\" data-original-width=\"209\" data-original-height=\"137\" itemprop=\"http:\/\/schema.org\/image\" title=\"FOTO 5 Emilia Fernandez Presidenta de la Union Comunal de Juntas de Vecinos de Catemu\" alt=\"Emilia Fern\u00e1ndez, Presidenta de la Uni\u00f3n Comunal de Juntas de Vecinos de Catemu.\" style=\"width: 209px; height: 137px;\" \/> <\/a> <div class=\"tiled-gallery-caption\" itemprop=\"caption description\"> Emilia Fern\u00e1ndez, Presidenta de la Uni\u00f3n Comunal de Juntas de Vecinos de Catemu. <\/div> <\/div> <\/div> <!-- close group --> <\/div> <!-- close row --> <div class=\"gallery-row\" style=\"width: 640px; height: 422px;\" data-original-width=\"640\" data-original-height=\"422\" > <div class=\"gallery-group images-1\" style=\"width: 640px; height: 422px;\" data-original-width=\"640\" data-original-height=\"422\" > <div class=\"tiled-gallery-item tiled-gallery-item-large\" itemprop=\"associatedMedia\" itemscope itemtype=\"http:\/\/schema.org\/ImageObject\"> <a href=\"https:\/\/eltrabajo.cl\/portal\/provincia-de-san-felipe-celebro-dos-veces-el-dia-internacional-de-la-no-violencia-contra-la-mujer\/foto-4-adelaida-escalona-dirigente-de-la-democracia-cristiana\/\" border=\"0\" itemprop=\"url\"> <meta itemprop=\"width\" content=\"636\"> <meta itemprop=\"height\" content=\"418\"> <img decoding=\"async\" class=\"\" data-attachment-id=\"64288\" data-orig-file=\"https:\/\/eltrabajo.cl\/portal\/wp-content\/uploads\/2015\/11\/FOTO-4-Adelaida-Escalona-dirigente-de-la-Democracia-Cristiana.jpg\" data-orig-size=\"530,348\" data-comments-opened=\"1\" data-image-meta=\"{&quot;aperture&quot;:&quot;0&quot;,&quot;credit&quot;:&quot;&quot;,&quot;camera&quot;:&quot;&quot;,&quot;caption&quot;:&quot;&quot;,&quot;created_timestamp&quot;:&quot;0&quot;,&quot;copyright&quot;:&quot;Copyright 2012&quot;,&quot;focal_length&quot;:&quot;0&quot;,&quot;iso&quot;:&quot;0&quot;,&quot;shutter_speed&quot;:&quot;0&quot;,&quot;title&quot;:&quot;&quot;,&quot;orientation&quot;:&quot;0&quot;}\" data-image-title=\"FOTO 4 Adelaida Escalona dirigente de la Democracia Cristiana\" data-image-description=\"&lt;p&gt;Adelaida Escalona, dirigente de la Democracia Cristiana.&lt;\/p&gt; \" data-medium-file=\"https:\/\/i0.wp.com\/eltrabajo.cl\/portal\/wp-content\/uploads\/2015\/11\/FOTO-4-Adelaida-Escalona-dirigente-de-la-Democracia-Cristiana.jpg?fit=300%2C197&#038;ssl=1\" data-large-file=\"https:\/\/i0.wp.com\/eltrabajo.cl\/portal\/wp-content\/uploads\/2015\/11\/FOTO-4-Adelaida-Escalona-dirigente-de-la-Democracia-Cristiana.jpg?fit=530%2C348&#038;ssl=1\" src=\"https:\/\/i0.wp.com\/eltrabajo.cl\/portal\/wp-content\/uploads\/2015\/11\/FOTO-4-Adelaida-Escalona-dirigente-de-la-Democracia-Cristiana.jpg?w=636&#038;h=418&#038;ssl=1\" srcset=\"https:\/\/i0.wp.com\/eltrabajo.cl\/portal\/wp-content\/uploads\/2015\/11\/FOTO-4-Adelaida-Escalona-dirigente-de-la-Democracia-Cristiana.jpg?w=530&amp;ssl=1 530w, https:\/\/i0.wp.com\/eltrabajo.cl\/portal\/wp-content\/uploads\/2015\/11\/FOTO-4-Adelaida-Escalona-dirigente-de-la-Democracia-Cristiana.jpg?resize=200%2C131&amp;ssl=1 200w, https:\/\/i0.wp.com\/eltrabajo.cl\/portal\/wp-content\/uploads\/2015\/11\/FOTO-4-Adelaida-Escalona-dirigente-de-la-Democracia-Cristiana.jpg?resize=300%2C197&amp;ssl=1 300w, https:\/\/i0.wp.com\/eltrabajo.cl\/portal\/wp-content\/uploads\/2015\/11\/FOTO-4-Adelaida-Escalona-dirigente-de-la-Democracia-Cristiana.jpg?resize=228%2C150&amp;ssl=1 228w, https:\/\/i0.wp.com\/eltrabajo.cl\/portal\/wp-content\/uploads\/2015\/11\/FOTO-4-Adelaida-Escalona-dirigente-de-la-Democracia-Cristiana.jpg?resize=400%2C263&amp;ssl=1 400w\" width=\"636\" height=\"418\" loading=\"lazy\" data-original-width=\"636\" data-original-height=\"418\" itemprop=\"http:\/\/schema.org\/image\" title=\"FOTO 4 Adelaida Escalona dirigente de la Democracia Cristiana\" alt=\"Adelaida Escalona, dirigente de la Democracia Cristiana.\" style=\"width: 636px; height: 418px;\" \/> <\/a> <div class=\"tiled-gallery-caption\" itemprop=\"caption description\"> Adelaida Escalona, dirigente de la Democracia Cristiana. <\/div> <\/div> <\/div> <!-- close group --> <\/div> <!-- close row --> <\/div>\n","protected":false},"excerpt":{"rendered":"<p>El martes, La Ministra del Sernam se reuni\u00f3n con diversas agrupaciones femeninas, mientras que ayer frente al municipio sanfelipe\u00f1o la Gobernaci\u00f3n Provincial extendi\u00f3 un lienzo blanco para que la poblaci\u00f3n dejara la&#8230;<\/p>\n","protected":false},"author":482,"featured_media":64286,"comment_status":"open","ping_status":"open","sticky":false,"template":"","format":"standard","meta":{"advanced_seo_description":"","jetpack_seo_html_title":"","jetpack_seo_noindex":false,"_jetpack_memberships_contains_paid_content":false,"footnotes":""},"categories":[15],"tags":[],"class_list":["post-64285","post","type-post","status-publish","format-standard","has-post-thumbnail","hentry","category-comunidad"],"jetpack_featured_media_url":"https:\/\/i0.wp.com\/eltrabajo.cl\/portal\/wp-content\/uploads\/2015\/11\/FOTO-3-Gonernador-Eduardo-Leon-estampa-sus-manos-y-deja-mensaje-en-rechazo-al-maltrato-contra-las-mujeres.jpg?fit=530%2C348&ssl=1","jetpack_sharing_enabled":true,"jetpack_likes_enabled":true,"jetpack-related-posts":[],"_links":{"self":[{"href":"https:\/\/eltrabajo.cl\/portal\/wp-json\/wp\/v2\/posts\/64285","targetHints":{"allow":["GET"]}}],"collection":[{"href":"https:\/\/eltrabajo.cl\/portal\/wp-json\/wp\/v2\/posts"}],"about":[{"href":"https:\/\/eltrabajo.cl\/portal\/wp-json\/wp\/v2\/types\/post"}],"author":[{"embeddable":true,"href":"https:\/\/eltrabajo.cl\/portal\/wp-json\/wp\/v2\/users\/482"}],"replies":[{"embeddable":true,"href":"https:\/\/eltrabajo.cl\/portal\/wp-json\/wp\/v2\/comments?post=64285"}],"version-history":[{"count":0,"href":"https:\/\/eltrabajo.cl\/portal\/wp-json\/wp\/v2\/posts\/64285\/revisions"}],"wp:featuredmedia":[{"embeddable":true,"href":"https:\/\/eltrabajo.cl\/portal\/wp-json\/wp\/v2\/media\/64286"}],"wp:attachment":[{"href":"https:\/\/eltrabajo.cl\/portal\/wp-json\/wp\/v2\/media?parent=64285"}],"wp:term":[{"taxonomy":"category","embeddable":true,"href":"https:\/\/eltrabajo.cl\/portal\/wp-json\/wp\/v2\/categories?post=64285"},{"taxonomy":"post_tag","embeddable":true,"href":"https:\/\/eltrabajo.cl\/portal\/wp-json\/wp\/v2\/tags?post=64285"}],"curies":[{"name":"wp","href":"https:\/\/api.w.org\/{rel}","templated":true}]}}