{"id":64292,"date":"2015-11-26T09:43:11","date_gmt":"2015-11-26T12:43:11","guid":{"rendered":"http:\/\/www.eltrabajo.cl\/portal\/?p=64292"},"modified":"2015-11-26T09:43:11","modified_gmt":"2015-11-26T12:43:11","slug":"programa-de-esterilizacion-de-mascotas-beneficio-a-vecinos-de-la-villa-250-anos","status":"publish","type":"post","link":"https:\/\/eltrabajo.cl\/portal\/programa-de-esterilizacion-de-mascotas-beneficio-a-vecinos-de-la-villa-250-anos\/","title":{"rendered":"Programa de esterilizaci\u00f3n de mascotas benefici\u00f3 a vecinos de la villa 250 A\u00f1os"},"content":{"rendered":"<figure id=\"attachment_64293\" aria-describedby=\"caption-attachment-64293\" style=\"width: 300px\" class=\"wp-caption alignleft\"><a href=\"https:\/\/i0.wp.com\/www.eltrabajo.cl\/portal\/wp-content\/uploads\/2015\/11\/esterilizacion.jpg\"><img data-recalc-dims=\"1\" loading=\"lazy\" decoding=\"async\" class=\"wp-image-64293 size-medium\" src=\"https:\/\/i0.wp.com\/www.eltrabajo.cl\/portal\/wp-content\/uploads\/2015\/11\/esterilizacion-300x197.jpg?resize=300%2C197\" alt=\"En la foto de archivo el Alcalde Patricio Freire junto al equipo municipal y el m\u00e9dico veterinario Santiago Gaviola, en sus recorridos en el marco del programa de Tenencia Responsable de Mascotas.\" width=\"300\" height=\"197\" srcset=\"https:\/\/i0.wp.com\/eltrabajo.cl\/portal\/wp-content\/uploads\/2015\/11\/esterilizacion.jpg?resize=300%2C197&amp;ssl=1 300w, https:\/\/i0.wp.com\/eltrabajo.cl\/portal\/wp-content\/uploads\/2015\/11\/esterilizacion.jpg?resize=200%2C131&amp;ssl=1 200w, https:\/\/i0.wp.com\/eltrabajo.cl\/portal\/wp-content\/uploads\/2015\/11\/esterilizacion.jpg?resize=228%2C150&amp;ssl=1 228w, https:\/\/i0.wp.com\/eltrabajo.cl\/portal\/wp-content\/uploads\/2015\/11\/esterilizacion.jpg?resize=400%2C263&amp;ssl=1 400w, https:\/\/i0.wp.com\/eltrabajo.cl\/portal\/wp-content\/uploads\/2015\/11\/esterilizacion.jpg?w=530&amp;ssl=1 530w\" sizes=\"auto, (max-width: 300px) 100vw, 300px\" \/><\/a><figcaption id=\"caption-attachment-64293\" class=\"wp-caption-text\">En la foto de archivo el Alcalde Patricio Freire junto al equipo municipal y el m\u00e9dico veterinario Santiago Gaviola, en sus recorridos en el marco del programa de Tenencia Responsable de Mascotas.<\/figcaption><\/figure>\n<ul>\n<li><strong>En un nuevo operativo fueron atendidos perros con due\u00f1o y en condici\u00f3n de abandono.<\/strong><\/li>\n<\/ul>\n<p>Agradecidos de la pol\u00edtica municipal impulsada por el alcalde Patricio Freire, en torno a Tenencia Responsable de Mascotas, se mostraron los vecinos de la villa 250 A\u00f1os, sector hasta donde se traslad\u00f3 el equipo municipal y el m\u00e9dico veterinario Santiago Gaviola, a cargo de las esterilizaciones gratuitas que desde octubre se est\u00e1n realizando en la comuna.<br \/>\nComo es sabido, este programa de esterilizaciones corresponde a la segunda fase de un proceso iniciado a mediados de a\u00f1o, cuando el alcalde y el concejo municipal lanzaron el Programa Municipal de Tenencia Responsable de Mascotas, el que debido a su enorme y positivo impacto, permiti\u00f3 que la Subsecretar\u00eda de Desarrollo Regional reconociera el esfuerzo de la corporaci\u00f3n edilicia y entregara 22 millones de pesos, para esterilizar de aqu\u00ed a fin de a\u00f1o un total de mil perritos y gatitos.<br \/>\nEntre los \u00faltimos operativos que se han desarrollado, figura el que favoreci\u00f3 al sector 250 A\u00f1os, donde vecinos de las villas Renacer, Sol Naciente, Industrial y de la misma villa 250 A\u00f1os, acudieron con sus animalitos para aprovechar este beneficio de esterilizaci\u00f3n gratuita.<br \/>\nEn la oportunidad, el secretario de la Junta de Vecinos de la villa 250 A\u00f1os y Presidente del Consejo Vecinal generado a partir del programa Quiero mi Barrio, que tambi\u00e9n se ejecuta en ese sector, Giovanni Irarr\u00e1zabal Palma, expres\u00f3 su alegr\u00eda por esta iniciativa, agradeciendo al municipio por el desarrollo de este operativo.<br \/>\n\u201cHacemos una evaluaci\u00f3n muy positiva y por eso agradecemos al municipio por este operativo. La gente estaba esperando esta actividad porque ac\u00e1 en el sector hay muchos animalitos, sobre todo muchos que est\u00e1n abandonado y es muy necesario operarlos para as\u00ed evitar que siga aumentando esta poblaci\u00f3n de perritos callejeros\u201d, se\u00f1al\u00f3 el dirigente.<br \/>\nPrecis\u00f3 que \u201cestamos muy contentos, porque la gente respondi\u00f3 de buena manera y lleg\u00f3 con sus animalitos. Supimos hace un mes que se realizar\u00eda este operativo y nos dedicamos a difundir y a coordinar esta actividad con los funcionarios municipales, que nos han apoyado mucho en este \u00faltimo tiempo y por eso le agradecemos mucho al alcalde\u201d.<br \/>\nEn este mismo sentido, el jefe comunal manifest\u00f3 su satisfacci\u00f3n por la respuesta de los vecinos, que ha permitido hasta la fecha esterilizar m\u00e1s de 600 perros y gatos en distintos sectores de la comuna.<br \/>\n\u201cNos entusiasma mucho que los vecinos asuman tambi\u00e9n su responsabilidad como due\u00f1os de estos animales. Los operativos no solo consisten en la intervenci\u00f3n quir\u00fargica del perro o del gato, sino tambi\u00e9n consideran una charla educativa y de sensibilizaci\u00f3n, porque lo que nos interesa es que los vecinos se informen y tambi\u00e9n aprendan sobre la importancia del tema\u201d, dijo el alcalde.<br \/>\nEl alcalde Freire finalmente manifest\u00f3 que el municipio continuar\u00e1 con este programa hasta el pr\u00f3ximo 13 de diciembre, fecha estimada para cumplir la meta de mil mascotas esterilizadas.<br \/>\nRecalc\u00f3 en todo caso, que el municipio postular\u00e1 a recursos para 2016, que permitan continuar en esta l\u00ednea de trabajo, con esterilizaciones gratuitas.<\/p>\n","protected":false},"excerpt":{"rendered":"<p>En un nuevo operativo fueron atendidos perros con due\u00f1o y en condici\u00f3n de abandono. Agradecidos de la pol\u00edtica municipal impulsada por el alcalde Patricio Freire, en torno a Tenencia Responsable de Mascotas,&#8230;<\/p>\n","protected":false},"author":482,"featured_media":64293,"comment_status":"open","ping_status":"open","sticky":false,"template":"","format":"standard","meta":{"advanced_seo_description":"","jetpack_seo_html_title":"","jetpack_seo_noindex":false,"_jetpack_memberships_contains_paid_content":false,"footnotes":""},"categories":[1],"tags":[],"class_list":["post-64292","post","type-post","status-publish","format-standard","has-post-thumbnail","hentry","category-cronica"],"jetpack_featured_media_url":"https:\/\/i0.wp.com\/eltrabajo.cl\/portal\/wp-content\/uploads\/2015\/11\/esterilizacion.jpg?fit=530%2C348&ssl=1","jetpack_sharing_enabled":true,"jetpack_likes_enabled":true,"jetpack-related-posts":[],"_links":{"self":[{"href":"https:\/\/eltrabajo.cl\/portal\/wp-json\/wp\/v2\/posts\/64292","targetHints":{"allow":["GET"]}}],"collection":[{"href":"https:\/\/eltrabajo.cl\/portal\/wp-json\/wp\/v2\/posts"}],"about":[{"href":"https:\/\/eltrabajo.cl\/portal\/wp-json\/wp\/v2\/types\/post"}],"author":[{"embeddable":true,"href":"https:\/\/eltrabajo.cl\/portal\/wp-json\/wp\/v2\/users\/482"}],"replies":[{"embeddable":true,"href":"https:\/\/eltrabajo.cl\/portal\/wp-json\/wp\/v2\/comments?post=64292"}],"version-history":[{"count":0,"href":"https:\/\/eltrabajo.cl\/portal\/wp-json\/wp\/v2\/posts\/64292\/revisions"}],"wp:featuredmedia":[{"embeddable":true,"href":"https:\/\/eltrabajo.cl\/portal\/wp-json\/wp\/v2\/media\/64293"}],"wp:attachment":[{"href":"https:\/\/eltrabajo.cl\/portal\/wp-json\/wp\/v2\/media?parent=64292"}],"wp:term":[{"taxonomy":"category","embeddable":true,"href":"https:\/\/eltrabajo.cl\/portal\/wp-json\/wp\/v2\/categories?post=64292"},{"taxonomy":"post_tag","embeddable":true,"href":"https:\/\/eltrabajo.cl\/portal\/wp-json\/wp\/v2\/tags?post=64292"}],"curies":[{"name":"wp","href":"https:\/\/api.w.org\/{rel}","templated":true}]}}