{"id":64295,"date":"2015-11-26T09:47:08","date_gmt":"2015-11-26T12:47:08","guid":{"rendered":"http:\/\/www.eltrabajo.cl\/portal\/?p=64295"},"modified":"2015-11-26T09:47:08","modified_gmt":"2015-11-26T12:47:08","slug":"con-cautelares-de-firma-mensual-y-arraigo-nacional-quedo-futbolista-michael-rios","status":"publish","type":"post","link":"https:\/\/eltrabajo.cl\/portal\/con-cautelares-de-firma-mensual-y-arraigo-nacional-quedo-futbolista-michael-rios\/","title":{"rendered":"Con cautelares de firma mensual y arraigo nacional qued\u00f3 futbolista Michael R\u00edos"},"content":{"rendered":"<figure id=\"attachment_64297\" aria-describedby=\"caption-attachment-64297\" style=\"width: 300px\" class=\"wp-caption alignleft\"><a href=\"https:\/\/i0.wp.com\/www.eltrabajo.cl\/portal\/wp-content\/uploads\/2015\/11\/michael-rios.jpg\"><img data-recalc-dims=\"1\" loading=\"lazy\" decoding=\"async\" class=\"wp-image-64297 size-medium\" src=\"https:\/\/i0.wp.com\/www.eltrabajo.cl\/portal\/wp-content\/uploads\/2015\/11\/michael-rios-300x198.jpg?resize=300%2C198\" alt=\"Michael R\u00edos ingresa a la Segunda Sala del Tribunal de Garant\u00eda de Los Andes para ser formalizado.\" width=\"300\" height=\"198\" srcset=\"https:\/\/i0.wp.com\/eltrabajo.cl\/portal\/wp-content\/uploads\/2015\/11\/michael-rios.jpg?resize=300%2C198&amp;ssl=1 300w, https:\/\/i0.wp.com\/eltrabajo.cl\/portal\/wp-content\/uploads\/2015\/11\/michael-rios.jpg?resize=200%2C132&amp;ssl=1 200w, https:\/\/i0.wp.com\/eltrabajo.cl\/portal\/wp-content\/uploads\/2015\/11\/michael-rios.jpg?resize=227%2C150&amp;ssl=1 227w, https:\/\/i0.wp.com\/eltrabajo.cl\/portal\/wp-content\/uploads\/2015\/11\/michael-rios.jpg?resize=400%2C264&amp;ssl=1 400w, https:\/\/i0.wp.com\/eltrabajo.cl\/portal\/wp-content\/uploads\/2015\/11\/michael-rios.jpg?w=530&amp;ssl=1 530w\" sizes=\"auto, (max-width: 300px) 100vw, 300px\" \/><\/a><figcaption id=\"caption-attachment-64297\" class=\"wp-caption-text\">Michael R\u00edos ingresa a la Segunda Sala del Tribunal de Garant\u00eda de Los Andes para ser formalizado.<\/figcaption><\/figure>\n<ul>\n<li><strong>Seg\u00fan los detalles de la investigaci\u00f3n, R\u00edos coordin\u00f3 con otros imputados, el robo de un cami\u00f3n con 20 mil kgs de nueces de exportaci\u00f3n, equivalentes a unos 68 millones de pesos. El conductor del transporte estuvo involucrado y simul\u00f3 el robo de la carga.<\/strong><\/li>\n<\/ul>\n<p>Con medidas cautelares de firma mensual en la Fiscal\u00eda m\u00e1s cercana a su domicilio, arraigo nacional y la imposibilidad de contactarse con el resto de imputados involucrados en la investigaci\u00f3n, qued\u00f3 el jugador de la Universidad Cat\u00f3lica Michael R\u00edos, quien fue formalizado por el delito de hurto simple en la Segunda Sala del Juzgado de Garant\u00eda de Los Andes.<br \/>\nEsto a ra\u00edz de una confabulaci\u00f3n que hizo el futbolista en mayo pasado con otros imputados, para cometer el \u2018autorrobo\u2019 de un cami\u00f3n con 20 mil kilos de nueces de exportaci\u00f3n, avaluada en cerca de 68 millones de pesos.<br \/>\nSeg\u00fan los detalles de la investigaci\u00f3n, el transporte habr\u00eda salido desde el fundo El Castillo, en la comuna de Calle Larga, rumbo a Santiago. All\u00ed R\u00edos se habr\u00eda reunido con otros participantes del delito para posteriormente, tras varias llamadas telef\u00f3nicas, interceptar el cami\u00f3n y actuar como \u2018punta de lanza\u2019, guiando la carga por distintas calles de la Regi\u00f3n Metropolitana.<br \/>\nPosteriormente, seg\u00fan las mismas declaraciones del conductor del cami\u00f3n, \u00e9ste habr\u00eda simulado el robo poni\u00e9ndose una mordaza y at\u00e1ndose las manos para luego pedir ayuda y hacer la falsa denuncia del robo de la carga de nueces.<br \/>\nSeg\u00fan el Fiscal Alberto Gertosio, \u201cR\u00edos fue imputado por el art\u00edculo 446 N\u00ba. 1 y se le formaliza porque todos los imputados lo reconocen a \u00e9l como el coordinador con otros imputados de la sustracci\u00f3n de las nueces, adem\u00e1s \u00e9l hac\u00eda de punta de lanza, es decir, escoltaba el cami\u00f3n con las nueces\u201d, declar\u00f3.<br \/>\nSeg\u00fan Gertosio, R\u00edos reconoci\u00f3 su participaci\u00f3n en los hechos: \u201c\u00c9l ayer renunci\u00f3 a su derecho de guardar silencio, reconociendo tener parte en estos hechos\u201d, apunt\u00f3 el fiscal, quien tambi\u00e9n adujo que \u201cel camionero en conjunto con los otros sujetos simularon un \u2018autorrobo\u2019, la declaraci\u00f3n del conductor se\u00f1ala que \u00e9l se pone una huincha en su boca, los otros sujetos se llevan los celulares, etc\u2026\u201d<br \/>\nPor \u00faltimo, el Fiscal describi\u00f3 que esta es una investigaci\u00f3n que se lleva a cabo desde hace un tiempo, a prop\u00f3sito de las escuchas telef\u00f3nicas que hab\u00eda respecto de un il\u00edcito de tr\u00e1fico de estupefacientes. En raz\u00f3n de ello, se sigui\u00f3 esta \u2018hebra investigativa\u2019, se pidieron las autorizaciones judiciales correspondientes y en coordinaci\u00f3n con las polic\u00edas se logr\u00f3 en definitiva la detenci\u00f3n de las personas involucradas en este hecho.<br \/>\nEn relaci\u00f3n a la posible vinculaci\u00f3n del futbolista con otros il\u00edcitos, el Fiscal dijo no poder relacionar un delito con otros de connotaci\u00f3n mayor, como el tr\u00e1fico de drogas. El jugador se retir\u00f3 raudamente, sin hacer declaraciones, junto a amigos y familiares.<\/p>\n","protected":false},"excerpt":{"rendered":"<p>Seg\u00fan los detalles de la investigaci\u00f3n, R\u00edos coordin\u00f3 con otros imputados, el robo de un cami\u00f3n con 20 mil kgs de nueces de exportaci\u00f3n, equivalentes a unos 68 millones de pesos. El&#8230;<\/p>\n","protected":false},"author":482,"featured_media":64297,"comment_status":"open","ping_status":"open","sticky":false,"template":"","format":"standard","meta":{"advanced_seo_description":"","jetpack_seo_html_title":"","jetpack_seo_noindex":false,"_jetpack_memberships_contains_paid_content":false,"footnotes":""},"categories":[21],"tags":[],"class_list":["post-64295","post","type-post","status-publish","format-standard","has-post-thumbnail","hentry","category-policial"],"jetpack_featured_media_url":"https:\/\/i0.wp.com\/eltrabajo.cl\/portal\/wp-content\/uploads\/2015\/11\/michael-rios.jpg?fit=530%2C350&ssl=1","jetpack_sharing_enabled":true,"jetpack_likes_enabled":true,"jetpack-related-posts":[],"_links":{"self":[{"href":"https:\/\/eltrabajo.cl\/portal\/wp-json\/wp\/v2\/posts\/64295","targetHints":{"allow":["GET"]}}],"collection":[{"href":"https:\/\/eltrabajo.cl\/portal\/wp-json\/wp\/v2\/posts"}],"about":[{"href":"https:\/\/eltrabajo.cl\/portal\/wp-json\/wp\/v2\/types\/post"}],"author":[{"embeddable":true,"href":"https:\/\/eltrabajo.cl\/portal\/wp-json\/wp\/v2\/users\/482"}],"replies":[{"embeddable":true,"href":"https:\/\/eltrabajo.cl\/portal\/wp-json\/wp\/v2\/comments?post=64295"}],"version-history":[{"count":0,"href":"https:\/\/eltrabajo.cl\/portal\/wp-json\/wp\/v2\/posts\/64295\/revisions"}],"wp:featuredmedia":[{"embeddable":true,"href":"https:\/\/eltrabajo.cl\/portal\/wp-json\/wp\/v2\/media\/64297"}],"wp:attachment":[{"href":"https:\/\/eltrabajo.cl\/portal\/wp-json\/wp\/v2\/media?parent=64295"}],"wp:term":[{"taxonomy":"category","embeddable":true,"href":"https:\/\/eltrabajo.cl\/portal\/wp-json\/wp\/v2\/categories?post=64295"},{"taxonomy":"post_tag","embeddable":true,"href":"https:\/\/eltrabajo.cl\/portal\/wp-json\/wp\/v2\/tags?post=64295"}],"curies":[{"name":"wp","href":"https:\/\/api.w.org\/{rel}","templated":true}]}}