{"id":64299,"date":"2015-11-26T09:48:41","date_gmt":"2015-11-26T12:48:41","guid":{"rendered":"http:\/\/www.eltrabajo.cl\/portal\/?p=64299"},"modified":"2015-11-26T09:48:41","modified_gmt":"2015-11-26T12:48:41","slug":"flotando-en-el-agua-hallan-vehiculo-robado-en-el-centro-de-san-felipe","status":"publish","type":"post","link":"https:\/\/eltrabajo.cl\/portal\/flotando-en-el-agua-hallan-vehiculo-robado-en-el-centro-de-san-felipe\/","title":{"rendered":"Flotando en el agua hallan veh\u00edculo robado en el centro de San Felipe"},"content":{"rendered":"<figure id=\"attachment_64300\" aria-describedby=\"caption-attachment-64300\" style=\"width: 300px\" class=\"wp-caption alignleft\"><a href=\"https:\/\/i0.wp.com\/www.eltrabajo.cl\/portal\/wp-content\/uploads\/2015\/11\/AUTO-ROBADO1.jpg\"><img data-recalc-dims=\"1\" loading=\"lazy\" decoding=\"async\" class=\"wp-image-64300 size-medium\" src=\"https:\/\/i0.wp.com\/www.eltrabajo.cl\/portal\/wp-content\/uploads\/2015\/11\/AUTO-ROBADO1-300x197.jpg?resize=300%2C197\" alt=\"En medio de las aguas del R\u00edo Aconcagua, Carabineros recuper\u00f3 un veh\u00edculo marca Nissan V16 la tarde del martes, luego que su propietario denunciara el robo desde el per\u00edmetro central de San Felipe.\" width=\"300\" height=\"197\" srcset=\"https:\/\/i0.wp.com\/eltrabajo.cl\/portal\/wp-content\/uploads\/2015\/11\/AUTO-ROBADO1.jpg?resize=300%2C197&amp;ssl=1 300w, https:\/\/i0.wp.com\/eltrabajo.cl\/portal\/wp-content\/uploads\/2015\/11\/AUTO-ROBADO1.jpg?resize=200%2C131&amp;ssl=1 200w, https:\/\/i0.wp.com\/eltrabajo.cl\/portal\/wp-content\/uploads\/2015\/11\/AUTO-ROBADO1.jpg?resize=228%2C150&amp;ssl=1 228w, https:\/\/i0.wp.com\/eltrabajo.cl\/portal\/wp-content\/uploads\/2015\/11\/AUTO-ROBADO1.jpg?resize=400%2C263&amp;ssl=1 400w, https:\/\/i0.wp.com\/eltrabajo.cl\/portal\/wp-content\/uploads\/2015\/11\/AUTO-ROBADO1.jpg?w=530&amp;ssl=1 530w\" sizes=\"auto, (max-width: 300px) 100vw, 300px\" \/><\/a><figcaption id=\"caption-attachment-64300\" class=\"wp-caption-text\">En medio de las aguas del R\u00edo Aconcagua, Carabineros recuper\u00f3 un veh\u00edculo marca Nissan V16 la tarde del martes, luego que su propietario denunciara el robo desde el per\u00edmetro central de San Felipe.<\/figcaption><\/figure>\n<ul>\n<li><strong>El propietario denunci\u00f3 ante la polic\u00eda uniformada la sustracci\u00f3n de su veh\u00edculo estacionado en calle Freire esquina Navarro. Al cabo de una hora se percat\u00f3 del robo y gracias a la intervenci\u00f3n de los efectivos policiales a los pocos minutos se logr\u00f3 el rescate.<\/strong><\/li>\n<\/ul>\n<p>En medio de la ribera del R\u00edo Aconcagua, espec\u00edficamente en el sector de las pozas de La Parras\u00eda, Carabineros hall\u00f3 un veh\u00edculo que horas antes fue robado cuando estaba estacionado en la intersecci\u00f3n de las calles Freire esquina Navarro de la comuna de San Felipe.<br \/>\nEl delito qued\u00f3 al descubierto a eso de las 15:00 horas del pasado martes, en circunstancias que el due\u00f1o del autom\u00f3vil marca Nissan V16 de color burdeo, placa patente PF 8348, se traslad\u00f3 en su m\u00f3vil desde su domicilio hasta el per\u00edmetro central de la ciudad de San Felipe, dej\u00e1ndolo estacionado en la v\u00eda p\u00fablica.<br \/>\nAl retornar, despu\u00e9s de una hora, se percat\u00f3 que su m\u00f3vil ya no se encontraba en dicha intersecci\u00f3n, debiendo concurrir hasta la Segunda Comisar\u00eda de Carabineros para elevar la correspondiente denuncia, avaluando la especie en $1.600.000.<br \/>\nNo obstante, la polic\u00eda uniformada comunic\u00f3 a todas las unidades la sustracci\u00f3n de este veh\u00edculo, lo que signific\u00f3 que minutos m\u00e1s tarde y tras patrullajes preventivos, Carabineros encontrara un veh\u00edculo abandonado que se encontraba en medio de las aguas del r\u00edo, que coincid\u00eda con la descripci\u00f3n y placa patente denunciada por su propietario.<br \/>\nTras el hallazgo, Carabineros debi\u00f3 requerir un servicio de gr\u00faas para realizar el retiro del m\u00f3vil que no presentaba indicios de haber sido desmantelado. Posteriormente se hizo entrega de la especie a la v\u00edctima de estos hechos.<br \/>\nAnte el aumento significativo de robos de veh\u00edculos, desde la instituci\u00f3n uniformada se hizo un llamado a la comunidad al autocuidado; a los automovilistas para que estacionen sus veh\u00edculos en lugares que sean seguros. Cabe resaltar que durante las \u00faltimas semanas, Carabineros ha logrado recuperar m\u00f3viles tras la oportuna denuncia de las v\u00edctimas que han sufrido el robo de estas especies.<br \/>\n<strong>Pablo Salinas Sald\u00edas<\/strong><\/p>\n","protected":false},"excerpt":{"rendered":"<p>El propietario denunci\u00f3 ante la polic\u00eda uniformada la sustracci\u00f3n de su veh\u00edculo estacionado en calle Freire esquina Navarro. Al cabo de una hora se percat\u00f3 del robo y gracias a la intervenci\u00f3n&#8230;<\/p>\n","protected":false},"author":482,"featured_media":64300,"comment_status":"open","ping_status":"open","sticky":false,"template":"","format":"standard","meta":{"advanced_seo_description":"","jetpack_seo_html_title":"","jetpack_seo_noindex":false,"_jetpack_memberships_contains_paid_content":false,"footnotes":""},"categories":[21],"tags":[],"class_list":["post-64299","post","type-post","status-publish","format-standard","has-post-thumbnail","hentry","category-policial"],"jetpack_featured_media_url":"https:\/\/i0.wp.com\/eltrabajo.cl\/portal\/wp-content\/uploads\/2015\/11\/AUTO-ROBADO1.jpg?fit=530%2C348&ssl=1","jetpack_sharing_enabled":true,"jetpack_likes_enabled":true,"jetpack-related-posts":[],"_links":{"self":[{"href":"https:\/\/eltrabajo.cl\/portal\/wp-json\/wp\/v2\/posts\/64299","targetHints":{"allow":["GET"]}}],"collection":[{"href":"https:\/\/eltrabajo.cl\/portal\/wp-json\/wp\/v2\/posts"}],"about":[{"href":"https:\/\/eltrabajo.cl\/portal\/wp-json\/wp\/v2\/types\/post"}],"author":[{"embeddable":true,"href":"https:\/\/eltrabajo.cl\/portal\/wp-json\/wp\/v2\/users\/482"}],"replies":[{"embeddable":true,"href":"https:\/\/eltrabajo.cl\/portal\/wp-json\/wp\/v2\/comments?post=64299"}],"version-history":[{"count":0,"href":"https:\/\/eltrabajo.cl\/portal\/wp-json\/wp\/v2\/posts\/64299\/revisions"}],"wp:featuredmedia":[{"embeddable":true,"href":"https:\/\/eltrabajo.cl\/portal\/wp-json\/wp\/v2\/media\/64300"}],"wp:attachment":[{"href":"https:\/\/eltrabajo.cl\/portal\/wp-json\/wp\/v2\/media?parent=64299"}],"wp:term":[{"taxonomy":"category","embeddable":true,"href":"https:\/\/eltrabajo.cl\/portal\/wp-json\/wp\/v2\/categories?post=64299"},{"taxonomy":"post_tag","embeddable":true,"href":"https:\/\/eltrabajo.cl\/portal\/wp-json\/wp\/v2\/tags?post=64299"}],"curies":[{"name":"wp","href":"https:\/\/api.w.org\/{rel}","templated":true}]}}