{"id":64304,"date":"2015-11-30T14:31:57","date_gmt":"2015-11-30T17:31:57","guid":{"rendered":"http:\/\/www.eltrabajo.cl\/portal\/?p=64304"},"modified":"2015-11-30T14:31:57","modified_gmt":"2015-11-30T17:31:57","slug":"llay-llay-da-el-golpe-y-con-autoridad-se-titula-campeon-regional-de-futbol-u17","status":"publish","type":"post","link":"https:\/\/eltrabajo.cl\/portal\/llay-llay-da-el-golpe-y-con-autoridad-se-titula-campeon-regional-de-futbol-u17\/","title":{"rendered":"Llay Llay da el golpe y con autoridad se titula Campe\u00f3n Regional de F\u00fatbol U17"},"content":{"rendered":"<figure id=\"attachment_64305\" aria-describedby=\"caption-attachment-64305\" style=\"width: 300px\" class=\"wp-caption alignleft\"><a href=\"https:\/\/i0.wp.com\/www.eltrabajo.cl\/portal\/wp-content\/uploads\/2015\/11\/llay-llay-campeon.jpg\"><img data-recalc-dims=\"1\" loading=\"lazy\" decoding=\"async\" class=\"wp-image-64305 size-medium\" src=\"https:\/\/i0.wp.com\/www.eltrabajo.cl\/portal\/wp-content\/uploads\/2015\/11\/llay-llay-campeon-300x197.jpg?resize=300%2C197\" alt=\"De manera categ\u00f3rica y aplastante la selecci\u00f3n de Llay Llay alcanz\u00f3 el t\u00edtulo Regional de f\u00fatbol U17\" width=\"300\" height=\"197\" srcset=\"https:\/\/i0.wp.com\/eltrabajo.cl\/portal\/wp-content\/uploads\/2015\/11\/llay-llay-campeon.jpg?resize=300%2C197&amp;ssl=1 300w, https:\/\/i0.wp.com\/eltrabajo.cl\/portal\/wp-content\/uploads\/2015\/11\/llay-llay-campeon.jpg?resize=200%2C131&amp;ssl=1 200w, https:\/\/i0.wp.com\/eltrabajo.cl\/portal\/wp-content\/uploads\/2015\/11\/llay-llay-campeon.jpg?resize=228%2C150&amp;ssl=1 228w, https:\/\/i0.wp.com\/eltrabajo.cl\/portal\/wp-content\/uploads\/2015\/11\/llay-llay-campeon.jpg?resize=400%2C263&amp;ssl=1 400w, https:\/\/i0.wp.com\/eltrabajo.cl\/portal\/wp-content\/uploads\/2015\/11\/llay-llay-campeon.jpg?w=530&amp;ssl=1 530w\" sizes=\"auto, (max-width: 300px) 100vw, 300px\" \/><\/a><figcaption id=\"caption-attachment-64305\" class=\"wp-caption-text\">De manera categ\u00f3rica y aplastante la selecci\u00f3n de Llay Llay alcanz\u00f3 el t\u00edtulo Regional de f\u00fatbol U17<\/figcaption><\/figure>\n<ul>\n<li><strong>Llay Llay 4 \u2013 San Felipe 1<\/strong><\/li>\n<\/ul>\n<p>En un partido de tr\u00e1mite intenso y en el que ambas fuerzas estuvieron parejas hasta bien entrado el segundo lapso, instante en el cual puso el pie en el acelerador a fondo, la selecci\u00f3n de Llay Llay se consagr\u00f3 como nuevo monarca regional de f\u00fatbol al superar por 4 goles a 1 a su similar de San Felipe.<br \/>\nEl cotejo que se jug\u00f3 el s\u00e1bado pasado en el estadio Lucio Fari\u00f1a, respondi\u00f3 plenamente a las expectativas, dejando m\u00e1s que satisfechos a los cientos de aconcag\u00fcinos que se trasladaron hasta la ciudad de Quillota para ser testigos de una jornada hist\u00f3rica, en la cual la gloria estaba reservada solo para uno.<br \/>\nEn el comienzo y tal como suele suceder en pleitos definitorios, ninguno de los dos equipos lograba imponer sus condiciones en el gramado sint\u00e9tico del reducto quillotano, habiendo por momentos mucha intensidad, pero igual cuotas de fricci\u00f3n, por lo que costaba que el bal\u00f3n pudiera transitar fluidamente.<br \/>\nCuando todo parec\u00eda indicar que el marcador no se mover\u00eda durante el primer tiempo, Mayronn Castillo a los 33\u2019 despach\u00f3 un remate de m\u00e1s treinta metros con el que bati\u00f3 la resistencia del arquero sanfelipe\u00f1o.<br \/>\nCon ese tanto, los de la \u2018Ciudad del Viento Viento\u2019 enviaron una potente se\u00f1al de lo que se vendr\u00eda en la segunda etapa, en la cual el esfuerzo de San Felipe encontr\u00f3 su recompensa antes de que se cumpliera el cuarto de hora, cuando Fabi\u00e1n P\u00e9rez, puso el empate que volv\u00eda a poner todo a fojas cero.<br \/>\nEl empate durar\u00eda muy poco porque solo seis minutos despu\u00e9s de la igualdad transitoria, el mismo Castillo volvi\u00f3 a adelantar a Llay Llay, pero ese tanto cobr\u00f3 mayor relevancia debido a que su rival, urgido por el reloj para llegar a la paridad, comenz\u00f3 a dejar muchos flancos en su zona defensiva, situaci\u00f3n que los llaylla\u00ednos supieron aprovechar, as\u00ed en el 73\u2019 Latorre, puso el tranquilizador 3 a 1, con el que comenzar\u00eda a desatar la fiesta albiceleste, la que a los 85\u2019 ser\u00eda total cuando la figura excluyente de la tarde, Mayronn Castillo, puso el definitivo 4 a 1, con el que Llay Llay dej\u00f3 muy en claro por qu\u00e9 es el mejor de la regi\u00f3n de Valpara\u00edso en la serie U17.<br \/>\nEste logro le otorga al monarca, los pasajes para representar a la quinta regi\u00f3n en el torneo Nacional U17 que en el mes de febrero tendr\u00e1 lugar en Curic\u00f3 y Teno.<\/p>\n","protected":false},"excerpt":{"rendered":"<p>Llay Llay 4 \u2013 San Felipe 1 En un partido de tr\u00e1mite intenso y en el que ambas fuerzas estuvieron parejas hasta bien entrado el segundo lapso, instante en el cual puso&#8230;<\/p>\n","protected":false},"author":482,"featured_media":64305,"comment_status":"open","ping_status":"open","sticky":false,"template":"","format":"standard","meta":{"advanced_seo_description":"","jetpack_seo_html_title":"","jetpack_seo_noindex":false,"_jetpack_memberships_contains_paid_content":false,"footnotes":""},"categories":[19],"tags":[],"class_list":["post-64304","post","type-post","status-publish","format-standard","has-post-thumbnail","hentry","category-deportes"],"jetpack_featured_media_url":"https:\/\/i0.wp.com\/eltrabajo.cl\/portal\/wp-content\/uploads\/2015\/11\/llay-llay-campeon.jpg?fit=530%2C348&ssl=1","jetpack_sharing_enabled":true,"jetpack_likes_enabled":true,"jetpack-related-posts":[],"_links":{"self":[{"href":"https:\/\/eltrabajo.cl\/portal\/wp-json\/wp\/v2\/posts\/64304","targetHints":{"allow":["GET"]}}],"collection":[{"href":"https:\/\/eltrabajo.cl\/portal\/wp-json\/wp\/v2\/posts"}],"about":[{"href":"https:\/\/eltrabajo.cl\/portal\/wp-json\/wp\/v2\/types\/post"}],"author":[{"embeddable":true,"href":"https:\/\/eltrabajo.cl\/portal\/wp-json\/wp\/v2\/users\/482"}],"replies":[{"embeddable":true,"href":"https:\/\/eltrabajo.cl\/portal\/wp-json\/wp\/v2\/comments?post=64304"}],"version-history":[{"count":0,"href":"https:\/\/eltrabajo.cl\/portal\/wp-json\/wp\/v2\/posts\/64304\/revisions"}],"wp:featuredmedia":[{"embeddable":true,"href":"https:\/\/eltrabajo.cl\/portal\/wp-json\/wp\/v2\/media\/64305"}],"wp:attachment":[{"href":"https:\/\/eltrabajo.cl\/portal\/wp-json\/wp\/v2\/media?parent=64304"}],"wp:term":[{"taxonomy":"category","embeddable":true,"href":"https:\/\/eltrabajo.cl\/portal\/wp-json\/wp\/v2\/categories?post=64304"},{"taxonomy":"post_tag","embeddable":true,"href":"https:\/\/eltrabajo.cl\/portal\/wp-json\/wp\/v2\/tags?post=64304"}],"curies":[{"name":"wp","href":"https:\/\/api.w.org\/{rel}","templated":true}]}}