{"id":64307,"date":"2015-11-30T14:35:05","date_gmt":"2015-11-30T17:35:05","guid":{"rendered":"http:\/\/www.eltrabajo.cl\/portal\/?p=64307"},"modified":"2015-11-30T14:35:05","modified_gmt":"2015-11-30T17:35:05","slug":"raul-reinoso-presidente-de-la-asociacion-de-futbol-amateur-de-san-felipe-sonamos-con-que-a-futuro-se-nos-entregue-el-estadio-municipal","status":"publish","type":"post","link":"https:\/\/eltrabajo.cl\/portal\/raul-reinoso-presidente-de-la-asociacion-de-futbol-amateur-de-san-felipe-sonamos-con-que-a-futuro-se-nos-entregue-el-estadio-municipal\/","title":{"rendered":"Ra\u00fal Reinoso, presidente de la Asociaci\u00f3n de F\u00fatbol Amateur de San Felipe:\u00a0\u201cSo\u00f1amos con que a futuro se nos entregue el Estadio Municipal\u201d"},"content":{"rendered":"<figure id=\"attachment_64308\" aria-describedby=\"caption-attachment-64308\" style=\"width: 300px\" class=\"wp-caption alignleft\"><a href=\"https:\/\/i0.wp.com\/www.eltrabajo.cl\/portal\/wp-content\/uploads\/2015\/11\/FOTO-8-Raul-Reinoso-.jpg\"><img data-recalc-dims=\"1\" loading=\"lazy\" decoding=\"async\" class=\"wp-image-64308 size-medium\" src=\"https:\/\/i0.wp.com\/www.eltrabajo.cl\/portal\/wp-content\/uploads\/2015\/11\/FOTO-8-Raul-Reinoso--300x198.jpg?resize=300%2C198\" alt=\"Ra\u00fal Reinoso, presidente de la Asociaci\u00f3n de F\u00fatbol Amateur de San Felipe.\" width=\"300\" height=\"198\" srcset=\"https:\/\/i0.wp.com\/eltrabajo.cl\/portal\/wp-content\/uploads\/2015\/11\/FOTO-8-Raul-Reinoso-.jpg?resize=300%2C198&amp;ssl=1 300w, https:\/\/i0.wp.com\/eltrabajo.cl\/portal\/wp-content\/uploads\/2015\/11\/FOTO-8-Raul-Reinoso-.jpg?resize=200%2C132&amp;ssl=1 200w, https:\/\/i0.wp.com\/eltrabajo.cl\/portal\/wp-content\/uploads\/2015\/11\/FOTO-8-Raul-Reinoso-.jpg?resize=228%2C150&amp;ssl=1 228w, https:\/\/i0.wp.com\/eltrabajo.cl\/portal\/wp-content\/uploads\/2015\/11\/FOTO-8-Raul-Reinoso-.jpg?resize=400%2C263&amp;ssl=1 400w, https:\/\/i0.wp.com\/eltrabajo.cl\/portal\/wp-content\/uploads\/2015\/11\/FOTO-8-Raul-Reinoso-.jpg?w=530&amp;ssl=1 530w\" sizes=\"auto, (max-width: 300px) 100vw, 300px\" \/><\/a><figcaption id=\"caption-attachment-64308\" class=\"wp-caption-text\">Ra\u00fal Reinoso, presidente de la Asociaci\u00f3n de F\u00fatbol Amateur de San Felipe.<\/figcaption><\/figure>\n<ul>\n<li><strong>El dirigente dijo estar de acuerdo con que se construya el nuevo estadio en \u2018El Fiscal\u2019 y asegur\u00f3 que una vez que ya est\u00e9 entregado, el balompi\u00e9 local espera tener a disposici\u00f3n el actual recinto de la Av. Maip\u00fa.<\/strong><\/li>\n<\/ul>\n<p>Sentimientos encontrados fueron los que expres\u00f3 el presidente de la Asociaci\u00f3n de F\u00fatbol Amateur de San Felipe Ra\u00fal Reinoso, ante la ya definitiva construcci\u00f3n del nuevo Estadio de San Felipe en los terrenos del Estadio Fiscal, lugar que hist\u00f3ricamente ha formado parte importante del f\u00fatbol amateur local.<br \/>\nSi bien Reinoso se mostr\u00f3 feliz al saber que San Felipe tendr\u00e1 un nuevo estadio, fue imposible para \u00e9l, no ponerse nost\u00e1lgico al recordar que \u2018El Fiscal\u2019 ha sido escenario de tardes deportivas memorables y parte importante de la historia del amateurismo sanfelipe\u00f1o.<br \/>\n\u201cSi dijera miles de historias, son pocas. De la infancia nuestra, este lugar fue el recinto n\u00famero 1 para el f\u00fatbol amateur, para el deporte sanfelipe\u00f1o, pero estoy totalmente de acuerdo con que se construya ac\u00e1 el nuevo estadio, porque hubo un lapso que se perdi\u00f3 este recinto, lo abandonaron y es la realidad, pero el f\u00fatbol amateur no lo pudo ocupar m\u00e1s por muchas razones, por la delincuencia, porque cambiaron las reglas, porque estaba muy abierto, en fin, este terreno estaba perdi\u00e9ndose\u201d, se\u00f1al\u00f3 el dirigente deportivo.<br \/>\nRespecto de la posibilidad que se le abrir\u00e1 al deporte amateur en relaci\u00f3n con que el Estadio Municipal pueda ser utilizado con mayor frecuencia una vez que ya est\u00e9 construido el nuevo estadio, Reinoso manifest\u00f3 que \u201cnosotros so\u00f1amos que a futuro se nos entregue el estadio municipal, que era del f\u00fatbol amateur hasta el a\u00f1o 56, pero ahora que Uni\u00f3n San Felipe tendr\u00e1 otro recinto donde jugar, esperamos que tengamos m\u00e1s disponible el Estadio Municipal\u201d, relat\u00f3.<br \/>\nEn este punto Reinoso aclar\u00f3 que en la presente administraci\u00f3n, el alcalde Patricio Freire le ha brindado la posibilidad al balompi\u00e9 local, de poder utilizar el Municipal cuando la instancia as\u00ed lo amerita y seg\u00fan dijo \u201cse ha visto mayor compromiso de abrir el recinto a la comunidad\u201d, enfatiz\u00f3 Reinoso.<\/p>\n","protected":false},"excerpt":{"rendered":"<p>El dirigente dijo estar de acuerdo con que se construya el nuevo estadio en \u2018El Fiscal\u2019 y asegur\u00f3 que una vez que ya est\u00e9 entregado, el balompi\u00e9 local espera tener a disposici\u00f3n&#8230;<\/p>\n","protected":false},"author":482,"featured_media":64308,"comment_status":"open","ping_status":"open","sticky":false,"template":"","format":"standard","meta":{"advanced_seo_description":"","jetpack_seo_html_title":"","jetpack_seo_noindex":false,"_jetpack_memberships_contains_paid_content":false,"footnotes":""},"categories":[15],"tags":[],"class_list":["post-64307","post","type-post","status-publish","format-standard","has-post-thumbnail","hentry","category-comunidad"],"jetpack_featured_media_url":"https:\/\/i0.wp.com\/eltrabajo.cl\/portal\/wp-content\/uploads\/2015\/11\/FOTO-8-Raul-Reinoso-.jpg?fit=530%2C349&ssl=1","jetpack_sharing_enabled":true,"jetpack_likes_enabled":true,"jetpack-related-posts":[],"_links":{"self":[{"href":"https:\/\/eltrabajo.cl\/portal\/wp-json\/wp\/v2\/posts\/64307","targetHints":{"allow":["GET"]}}],"collection":[{"href":"https:\/\/eltrabajo.cl\/portal\/wp-json\/wp\/v2\/posts"}],"about":[{"href":"https:\/\/eltrabajo.cl\/portal\/wp-json\/wp\/v2\/types\/post"}],"author":[{"embeddable":true,"href":"https:\/\/eltrabajo.cl\/portal\/wp-json\/wp\/v2\/users\/482"}],"replies":[{"embeddable":true,"href":"https:\/\/eltrabajo.cl\/portal\/wp-json\/wp\/v2\/comments?post=64307"}],"version-history":[{"count":0,"href":"https:\/\/eltrabajo.cl\/portal\/wp-json\/wp\/v2\/posts\/64307\/revisions"}],"wp:featuredmedia":[{"embeddable":true,"href":"https:\/\/eltrabajo.cl\/portal\/wp-json\/wp\/v2\/media\/64308"}],"wp:attachment":[{"href":"https:\/\/eltrabajo.cl\/portal\/wp-json\/wp\/v2\/media?parent=64307"}],"wp:term":[{"taxonomy":"category","embeddable":true,"href":"https:\/\/eltrabajo.cl\/portal\/wp-json\/wp\/v2\/categories?post=64307"},{"taxonomy":"post_tag","embeddable":true,"href":"https:\/\/eltrabajo.cl\/portal\/wp-json\/wp\/v2\/tags?post=64307"}],"curies":[{"name":"wp","href":"https:\/\/api.w.org\/{rel}","templated":true}]}}