{"id":64310,"date":"2015-11-30T14:37:06","date_gmt":"2015-11-30T17:37:06","guid":{"rendered":"http:\/\/www.eltrabajo.cl\/portal\/?p=64310"},"modified":"2015-11-30T14:37:06","modified_gmt":"2015-11-30T17:37:06","slug":"el-2016-se-iniciaran-estudios-de-factibilidad-para-la-creacion-de-la-region-de-aconcagua","status":"publish","type":"post","link":"https:\/\/eltrabajo.cl\/portal\/el-2016-se-iniciaran-estudios-de-factibilidad-para-la-creacion-de-la-region-de-aconcagua\/","title":{"rendered":"El 2016 se iniciar\u00e1n estudios de factibilidad para la creaci\u00f3n de la Regi\u00f3n de Aconcagua"},"content":{"rendered":"<figure id=\"attachment_64311\" aria-describedby=\"caption-attachment-64311\" style=\"width: 300px\" class=\"wp-caption alignleft\"><a href=\"https:\/\/i0.wp.com\/www.eltrabajo.cl\/portal\/wp-content\/uploads\/2015\/11\/Reunion-Region-de-Aconcagua-Subdere.jpg\"><img data-recalc-dims=\"1\" loading=\"lazy\" decoding=\"async\" class=\"wp-image-64311 size-medium\" src=\"https:\/\/i0.wp.com\/www.eltrabajo.cl\/portal\/wp-content\/uploads\/2015\/11\/Reunion-Region-de-Aconcagua-Subdere-300x197.jpg?resize=300%2C197\" alt=\"Autoridades y representantes de organizaciones de la sociedad civil del valle de Aconcagua junto al Subsecretario de Desarrollo Regional.\" width=\"300\" height=\"197\" srcset=\"https:\/\/i0.wp.com\/eltrabajo.cl\/portal\/wp-content\/uploads\/2015\/11\/Reunion-Region-de-Aconcagua-Subdere.jpg?resize=300%2C197&amp;ssl=1 300w, https:\/\/i0.wp.com\/eltrabajo.cl\/portal\/wp-content\/uploads\/2015\/11\/Reunion-Region-de-Aconcagua-Subdere.jpg?resize=200%2C131&amp;ssl=1 200w, https:\/\/i0.wp.com\/eltrabajo.cl\/portal\/wp-content\/uploads\/2015\/11\/Reunion-Region-de-Aconcagua-Subdere.jpg?resize=228%2C150&amp;ssl=1 228w, https:\/\/i0.wp.com\/eltrabajo.cl\/portal\/wp-content\/uploads\/2015\/11\/Reunion-Region-de-Aconcagua-Subdere.jpg?resize=400%2C263&amp;ssl=1 400w, https:\/\/i0.wp.com\/eltrabajo.cl\/portal\/wp-content\/uploads\/2015\/11\/Reunion-Region-de-Aconcagua-Subdere.jpg?w=530&amp;ssl=1 530w\" sizes=\"auto, (max-width: 300px) 100vw, 300px\" \/><\/a><figcaption id=\"caption-attachment-64311\" class=\"wp-caption-text\">Autoridades y representantes de organizaciones de la sociedad civil del valle de Aconcagua junto al Subsecretario de Desarrollo Regional.<\/figcaption><\/figure>\n<p>El Presidente de la C\u00e1mara de Diputados, Marco Antonio N\u00fa\u00f1ez, expres\u00f3 su satisfacci\u00f3n por el anuncio realizado por el gobierno, respecto a que el pr\u00f3ximo a\u00f1o se iniciar\u00e1 el estudio para crear la regi\u00f3n de Aconcagua. Compromiso que la Presidenta Michelle Bachelet hizo en sus visitas a la zona y que diversas autoridades y organizaciones de la sociedad civil del valle de Aconcagua hab\u00edan solicitado.<br \/>\n\u00abEste es un paso m\u00e1s para concretar la anhelada regi\u00f3n de Aconcagua, es una buena noticia que sab\u00edamos que la Presidenta Bachelet cumplir\u00eda. El Subsecretario de Desarrollo Regional, Ricardo Cifuentes, ha sido muy claro manifestando que los compromisos de la Presidenta se cumplen y que el Gobierno el pr\u00f3ximo a\u00f1o iniciar\u00e1 los estudios de factibilidad para la creaci\u00f3n de la regi\u00f3n de Aconcagua\u00bb, indic\u00f3 el Diputado N\u00fa\u00f1ez.<br \/>\n\u00abEl proceso de descentralizaci\u00f3n iniciado por este Gobierno es irreversible, sobretodo, si consideramos los avances que \u00faltimamente hemos tenido en materia de descentralizaci\u00f3n con la elecci\u00f3n de los intendentes desde el a\u00f1o 2017, las mayores atribuciones que tendr\u00e1n los Consejeros Regionales y la importancia que le damos a los gobiernos territoriales y comunales\u00bb, manifest\u00f3 el Diputado de Aconcagua.<br \/>\nFinalmente el Presidente de la C\u00e1mara de Diputados, anunci\u00f3 que junto a la Asociaci\u00f3n de Municipalidades de la Quinta Regi\u00f3n Cordillera y a organizaciones de la sociedad civil, realizar\u00e1n un seminario por la regi\u00f3n de Aconcagua, al que han invitado al Subsecretario de Desarrollo Regional.<\/p>\n","protected":false},"excerpt":{"rendered":"<p>El Presidente de la C\u00e1mara de Diputados, Marco Antonio N\u00fa\u00f1ez, expres\u00f3 su satisfacci\u00f3n por el anuncio realizado por el gobierno, respecto a que el pr\u00f3ximo a\u00f1o se iniciar\u00e1 el estudio para crear&#8230;<\/p>\n","protected":false},"author":482,"featured_media":64311,"comment_status":"open","ping_status":"open","sticky":false,"template":"","format":"standard","meta":{"advanced_seo_description":"","jetpack_seo_html_title":"","jetpack_seo_noindex":false,"_jetpack_memberships_contains_paid_content":false,"footnotes":""},"categories":[1],"tags":[],"class_list":["post-64310","post","type-post","status-publish","format-standard","has-post-thumbnail","hentry","category-cronica"],"jetpack_featured_media_url":"https:\/\/i0.wp.com\/eltrabajo.cl\/portal\/wp-content\/uploads\/2015\/11\/Reunion-Region-de-Aconcagua-Subdere.jpg?fit=530%2C348&ssl=1","jetpack_sharing_enabled":true,"jetpack_likes_enabled":true,"jetpack-related-posts":[],"_links":{"self":[{"href":"https:\/\/eltrabajo.cl\/portal\/wp-json\/wp\/v2\/posts\/64310","targetHints":{"allow":["GET"]}}],"collection":[{"href":"https:\/\/eltrabajo.cl\/portal\/wp-json\/wp\/v2\/posts"}],"about":[{"href":"https:\/\/eltrabajo.cl\/portal\/wp-json\/wp\/v2\/types\/post"}],"author":[{"embeddable":true,"href":"https:\/\/eltrabajo.cl\/portal\/wp-json\/wp\/v2\/users\/482"}],"replies":[{"embeddable":true,"href":"https:\/\/eltrabajo.cl\/portal\/wp-json\/wp\/v2\/comments?post=64310"}],"version-history":[{"count":0,"href":"https:\/\/eltrabajo.cl\/portal\/wp-json\/wp\/v2\/posts\/64310\/revisions"}],"wp:featuredmedia":[{"embeddable":true,"href":"https:\/\/eltrabajo.cl\/portal\/wp-json\/wp\/v2\/media\/64311"}],"wp:attachment":[{"href":"https:\/\/eltrabajo.cl\/portal\/wp-json\/wp\/v2\/media?parent=64310"}],"wp:term":[{"taxonomy":"category","embeddable":true,"href":"https:\/\/eltrabajo.cl\/portal\/wp-json\/wp\/v2\/categories?post=64310"},{"taxonomy":"post_tag","embeddable":true,"href":"https:\/\/eltrabajo.cl\/portal\/wp-json\/wp\/v2\/tags?post=64310"}],"curies":[{"name":"wp","href":"https:\/\/api.w.org\/{rel}","templated":true}]}}