{"id":64316,"date":"2015-11-30T14:43:30","date_gmt":"2015-11-30T17:43:30","guid":{"rendered":"http:\/\/www.eltrabajo.cl\/portal\/?p=64316"},"modified":"2015-11-30T14:43:30","modified_gmt":"2015-11-30T17:43:30","slug":"concejo-municipal-de-los-andes-aprobo-crear-farmacia-popular","status":"publish","type":"post","link":"https:\/\/eltrabajo.cl\/portal\/concejo-municipal-de-los-andes-aprobo-crear-farmacia-popular\/","title":{"rendered":"Concejo municipal de Los Andes aprob\u00f3 crear Farmacia Popular"},"content":{"rendered":"<figure id=\"attachment_64317\" aria-describedby=\"caption-attachment-64317\" style=\"width: 300px\" class=\"wp-caption alignleft\"><a href=\"https:\/\/i0.wp.com\/www.eltrabajo.cl\/portal\/wp-content\/uploads\/2015\/11\/Concejo-municipal.jpg\"><img data-recalc-dims=\"1\" loading=\"lazy\" decoding=\"async\" class=\"wp-image-64317 size-medium\" src=\"https:\/\/i0.wp.com\/www.eltrabajo.cl\/portal\/wp-content\/uploads\/2015\/11\/Concejo-municipal-300x198.jpg?resize=300%2C198\" alt=\"El Concejo Municipal aprob\u00f3 la creaci\u00f3n de una Farmacia Popular, que se implementar\u00e1 en el transcurso del primer semestre del a\u00f1o 2016.\" width=\"300\" height=\"198\" srcset=\"https:\/\/i0.wp.com\/eltrabajo.cl\/portal\/wp-content\/uploads\/2015\/11\/Concejo-municipal.jpg?resize=300%2C198&amp;ssl=1 300w, https:\/\/i0.wp.com\/eltrabajo.cl\/portal\/wp-content\/uploads\/2015\/11\/Concejo-municipal.jpg?resize=200%2C132&amp;ssl=1 200w, https:\/\/i0.wp.com\/eltrabajo.cl\/portal\/wp-content\/uploads\/2015\/11\/Concejo-municipal.jpg?resize=228%2C150&amp;ssl=1 228w, https:\/\/i0.wp.com\/eltrabajo.cl\/portal\/wp-content\/uploads\/2015\/11\/Concejo-municipal.jpg?resize=400%2C263&amp;ssl=1 400w, https:\/\/i0.wp.com\/eltrabajo.cl\/portal\/wp-content\/uploads\/2015\/11\/Concejo-municipal.jpg?w=530&amp;ssl=1 530w\" sizes=\"auto, (max-width: 300px) 100vw, 300px\" \/><\/a><figcaption id=\"caption-attachment-64317\" class=\"wp-caption-text\">El Concejo Municipal aprob\u00f3 la creaci\u00f3n de una Farmacia Popular, que se implementar\u00e1 en el transcurso del primer semestre del a\u00f1o 2016.<\/figcaption><\/figure>\n<p><strong>LOS ANDES.<\/strong>&#8211; Por unanimidad, el concejo municipal de Los Andes aprob\u00f3 la creaci\u00f3n de una farmacia p\u00fablica durante el a\u00f1o 2016.<br \/>\nLa informaci\u00f3n fue entregada por el alcalde Mauricio Navarro tras encabezar un encuentro con representantes de agrupaciones de pacientes, sociedad civil y derechos humanos, acompa\u00f1ado por los concejales Benigno Retamal y Miguel Henr\u00edquez, quienes tambi\u00e9n han sido promotores de esta iniciativa.<br \/>\nNavarro explic\u00f3 que la propuesta surgi\u00f3 inspirada en recientes experiencias desarrolladas en comunas como Recoleta y Providencia, donde se est\u00e1n implementando \u2018Farmacias Populares\u2019, al alero de los respectivos municipios. Esto ha permitido ofrecer medicamentos a un precio mucho menor al de las cadenas de farmacias, mejorando el acceso a la salud y otorgando un gran beneficio econ\u00f3mico a la poblaci\u00f3n.<br \/>\n\u00abLa idea es replicar esta experiencia en Los Andes, para los cual iniciaremos contactos con Recoleta y el Instituto de Salud P\u00fablica, conociendo de cerca el modelo de implementaci\u00f3n. Debemos definir la mejor modalidad para que esta farmacia solidaria y popular funcione de la mejor manera en nuestra ciudad, beneficiando a la mayor cantidad posible de personas que lo necesiten\u00bb, explic\u00f3.<br \/>\nEl edil adelant\u00f3 que pr\u00f3ximamente continuar\u00e1n las reuniones para coordinar participativamente la creaci\u00f3n de esta farmacia p\u00fablica. Asimismo, inform\u00f3 que propondr\u00e1 al Concejo Municipal la disposici\u00f3n de recursos para esta iniciativa en el presupuesto 2016.<\/p>\n","protected":false},"excerpt":{"rendered":"<p>LOS ANDES.&#8211; Por unanimidad, el concejo municipal de Los Andes aprob\u00f3 la creaci\u00f3n de una farmacia p\u00fablica durante el a\u00f1o 2016. La informaci\u00f3n fue entregada por el alcalde Mauricio Navarro tras encabezar&#8230;<\/p>\n","protected":false},"author":482,"featured_media":64317,"comment_status":"open","ping_status":"open","sticky":false,"template":"","format":"standard","meta":{"advanced_seo_description":"","jetpack_seo_html_title":"","jetpack_seo_noindex":false,"_jetpack_memberships_contains_paid_content":false,"footnotes":""},"categories":[1],"tags":[],"class_list":["post-64316","post","type-post","status-publish","format-standard","has-post-thumbnail","hentry","category-cronica"],"jetpack_featured_media_url":"https:\/\/i0.wp.com\/eltrabajo.cl\/portal\/wp-content\/uploads\/2015\/11\/Concejo-municipal.jpg?fit=530%2C349&ssl=1","jetpack_sharing_enabled":true,"jetpack_likes_enabled":true,"jetpack-related-posts":[],"_links":{"self":[{"href":"https:\/\/eltrabajo.cl\/portal\/wp-json\/wp\/v2\/posts\/64316","targetHints":{"allow":["GET"]}}],"collection":[{"href":"https:\/\/eltrabajo.cl\/portal\/wp-json\/wp\/v2\/posts"}],"about":[{"href":"https:\/\/eltrabajo.cl\/portal\/wp-json\/wp\/v2\/types\/post"}],"author":[{"embeddable":true,"href":"https:\/\/eltrabajo.cl\/portal\/wp-json\/wp\/v2\/users\/482"}],"replies":[{"embeddable":true,"href":"https:\/\/eltrabajo.cl\/portal\/wp-json\/wp\/v2\/comments?post=64316"}],"version-history":[{"count":0,"href":"https:\/\/eltrabajo.cl\/portal\/wp-json\/wp\/v2\/posts\/64316\/revisions"}],"wp:featuredmedia":[{"embeddable":true,"href":"https:\/\/eltrabajo.cl\/portal\/wp-json\/wp\/v2\/media\/64317"}],"wp:attachment":[{"href":"https:\/\/eltrabajo.cl\/portal\/wp-json\/wp\/v2\/media?parent=64316"}],"wp:term":[{"taxonomy":"category","embeddable":true,"href":"https:\/\/eltrabajo.cl\/portal\/wp-json\/wp\/v2\/categories?post=64316"},{"taxonomy":"post_tag","embeddable":true,"href":"https:\/\/eltrabajo.cl\/portal\/wp-json\/wp\/v2\/tags?post=64316"}],"curies":[{"name":"wp","href":"https:\/\/api.w.org\/{rel}","templated":true}]}}