{"id":64322,"date":"2015-11-30T14:47:12","date_gmt":"2015-11-30T17:47:12","guid":{"rendered":"http:\/\/www.eltrabajo.cl\/portal\/?p=64322"},"modified":"2015-11-30T14:47:12","modified_gmt":"2015-11-30T17:47:12","slug":"inauguran-nueva-sede-gremial-para-tecnicos-paramedicos-al-interior-del-hsc","status":"publish","type":"post","link":"https:\/\/eltrabajo.cl\/portal\/inauguran-nueva-sede-gremial-para-tecnicos-paramedicos-al-interior-del-hsc\/","title":{"rendered":"Inauguran nueva sede gremial para T\u00e9cnicos Param\u00e9dicos al interior del HSC"},"content":{"rendered":"<figure id=\"attachment_64323\" aria-describedby=\"caption-attachment-64323\" style=\"width: 300px\" class=\"wp-caption alignleft\"><a href=\"https:\/\/i0.wp.com\/www.eltrabajo.cl\/portal\/wp-content\/uploads\/2015\/11\/Sede-asociacio-tecnicos-paramedicos-1.jpg\"><img data-recalc-dims=\"1\" loading=\"lazy\" decoding=\"async\" class=\"wp-image-64323 size-medium\" src=\"https:\/\/i0.wp.com\/www.eltrabajo.cl\/portal\/wp-content\/uploads\/2015\/11\/Sede-asociacio-tecnicos-paramedicos-1-300x198.jpg?resize=300%2C198\" alt=\"Muy contentas estaban las dirigentes de la Asociaci\u00f3n de T\u00e9cnicos Param\u00e9dicos al inaugurar su nueva sede gremial.\" width=\"300\" height=\"198\" srcset=\"https:\/\/i0.wp.com\/eltrabajo.cl\/portal\/wp-content\/uploads\/2015\/11\/Sede-asociacio-tecnicos-paramedicos-1.jpg?resize=300%2C198&amp;ssl=1 300w, https:\/\/i0.wp.com\/eltrabajo.cl\/portal\/wp-content\/uploads\/2015\/11\/Sede-asociacio-tecnicos-paramedicos-1.jpg?resize=200%2C132&amp;ssl=1 200w, https:\/\/i0.wp.com\/eltrabajo.cl\/portal\/wp-content\/uploads\/2015\/11\/Sede-asociacio-tecnicos-paramedicos-1.jpg?resize=227%2C150&amp;ssl=1 227w, https:\/\/i0.wp.com\/eltrabajo.cl\/portal\/wp-content\/uploads\/2015\/11\/Sede-asociacio-tecnicos-paramedicos-1.jpg?resize=400%2C264&amp;ssl=1 400w, https:\/\/i0.wp.com\/eltrabajo.cl\/portal\/wp-content\/uploads\/2015\/11\/Sede-asociacio-tecnicos-paramedicos-1.jpg?w=530&amp;ssl=1 530w\" sizes=\"auto, (max-width: 300px) 100vw, 300px\" \/><\/a><figcaption id=\"caption-attachment-64323\" class=\"wp-caption-text\">Muy contentas estaban las dirigentes de la Asociaci\u00f3n de T\u00e9cnicos Param\u00e9dicos al inaugurar su nueva sede gremial.<\/figcaption><\/figure>\n<ul>\n<li><strong>Gremio logr\u00f3 la construcci\u00f3n gracias a millonario proyecto de la Caja de Compensaci\u00f3n Los Andes.<\/strong><\/li>\n<\/ul>\n<p>Muy contentas y orgullosas se encuentran las dirigentes de la Asociaci\u00f3n de T\u00e9cnicos Param\u00e9dicos del Hospital San Camilo luego de que el pasado mi\u00e9rcoles 25 de noviembre se inaugurara su nueva sede gremial.<br \/>\nEsta nueva construcci\u00f3n fue posible gracias a un proyecto que presentaron a la Caja de Compensaci\u00f3n Los Andes, por un monto superior a los siete millones de pesos, el cual complementaron con recursos propios que les permiti\u00f3 edificar al costado de la multicancha un espacio mucho m\u00e1s acogedor y amplio para sus socios.<br \/>\nEn efecto, la nueva sede cuenta con oficina, sala de reuniones, ba\u00f1o y cocina, todo edificado en el terreno que la Direcci\u00f3n del Hospital San Camilo les cedi\u00f3 en comodato por 10 a\u00f1os de manera renovable.<\/p>\n<figure id=\"attachment_64324\" aria-describedby=\"caption-attachment-64324\" style=\"width: 300px\" class=\"wp-caption alignright\"><a href=\"https:\/\/i0.wp.com\/www.eltrabajo.cl\/portal\/wp-content\/uploads\/2015\/11\/Sede-asociacio-tecnicos-paramedicos-3.jpg\"><img data-recalc-dims=\"1\" loading=\"lazy\" decoding=\"async\" class=\"wp-image-64324 size-medium\" src=\"https:\/\/i0.wp.com\/www.eltrabajo.cl\/portal\/wp-content\/uploads\/2015\/11\/Sede-asociacio-tecnicos-paramedicos-3-300x198.jpg?resize=300%2C198\" alt=\"Diversas autoridades participaron de la inauguraci\u00f3n de esta nueva sede gremial.\" width=\"300\" height=\"198\" srcset=\"https:\/\/i0.wp.com\/eltrabajo.cl\/portal\/wp-content\/uploads\/2015\/11\/Sede-asociacio-tecnicos-paramedicos-3.jpg?resize=300%2C198&amp;ssl=1 300w, https:\/\/i0.wp.com\/eltrabajo.cl\/portal\/wp-content\/uploads\/2015\/11\/Sede-asociacio-tecnicos-paramedicos-3.jpg?resize=200%2C132&amp;ssl=1 200w, https:\/\/i0.wp.com\/eltrabajo.cl\/portal\/wp-content\/uploads\/2015\/11\/Sede-asociacio-tecnicos-paramedicos-3.jpg?resize=227%2C150&amp;ssl=1 227w, https:\/\/i0.wp.com\/eltrabajo.cl\/portal\/wp-content\/uploads\/2015\/11\/Sede-asociacio-tecnicos-paramedicos-3.jpg?resize=400%2C264&amp;ssl=1 400w, https:\/\/i0.wp.com\/eltrabajo.cl\/portal\/wp-content\/uploads\/2015\/11\/Sede-asociacio-tecnicos-paramedicos-3.jpg?w=530&amp;ssl=1 530w\" sizes=\"auto, (max-width: 300px) 100vw, 300px\" \/><\/a><figcaption id=\"caption-attachment-64324\" class=\"wp-caption-text\">Diversas autoridades participaron de la inauguraci\u00f3n de esta nueva sede gremial.<\/figcaption><\/figure>\n<p>\u201cEsta inauguraci\u00f3n es un anhelo largamente esperado por nosotras y nuestros socios y socias, quienes ahora cuentan con un espacio c\u00f3modo y acogedor gracias al proyecto de la Caja y a todos quienes hicieron posible que este sue\u00f1o se transformara en realidad, a quienes agradecemos enormemente\u201d, se\u00f1al\u00f3 Rossana Agurto, Presidente de la ATP.<br \/>\nPor su parte en la ceremonia, el Director del establecimiento felicit\u00f3 a las dirigentes por la nueva sede, destacando que lo conseguido es fruto de una actitud proactiva orientada a los logros.<br \/>\n\u201cEllas nos demostraron que con perseverancia y una buena gesti\u00f3n se pueden lograr grandes cosas, por lo que a nombre de todo el establecimiento les damos las gracias y tambi\u00e9n las felicitaciones por haber so\u00f1ado un proyecto y haber hecho todo lo posible por convertirlo en realidad\u201d.<br \/>\nEn la ceremonia, tambi\u00e9n quiso estar presente el Servicio de Salud Aconcagua, a trav\u00e9s de la entrega de un regalo de mucha utilidad para la nueva sede, obsequio que fue entregado por Humberto Opazo, subdirector de Recursos F\u00edsicos y Financieros.<\/p>\n","protected":false},"excerpt":{"rendered":"<p>Gremio logr\u00f3 la construcci\u00f3n gracias a millonario proyecto de la Caja de Compensaci\u00f3n Los Andes. Muy contentas y orgullosas se encuentran las dirigentes de la Asociaci\u00f3n de T\u00e9cnicos Param\u00e9dicos del Hospital San&#8230;<\/p>\n","protected":false},"author":482,"featured_media":64323,"comment_status":"open","ping_status":"open","sticky":false,"template":"","format":"standard","meta":{"advanced_seo_description":"","jetpack_seo_html_title":"","jetpack_seo_noindex":false,"_jetpack_memberships_contains_paid_content":false,"footnotes":""},"categories":[1],"tags":[],"class_list":["post-64322","post","type-post","status-publish","format-standard","has-post-thumbnail","hentry","category-cronica"],"jetpack_featured_media_url":"https:\/\/i0.wp.com\/eltrabajo.cl\/portal\/wp-content\/uploads\/2015\/11\/Sede-asociacio-tecnicos-paramedicos-1.jpg?fit=530%2C350&ssl=1","jetpack_sharing_enabled":true,"jetpack_likes_enabled":true,"jetpack-related-posts":[],"_links":{"self":[{"href":"https:\/\/eltrabajo.cl\/portal\/wp-json\/wp\/v2\/posts\/64322","targetHints":{"allow":["GET"]}}],"collection":[{"href":"https:\/\/eltrabajo.cl\/portal\/wp-json\/wp\/v2\/posts"}],"about":[{"href":"https:\/\/eltrabajo.cl\/portal\/wp-json\/wp\/v2\/types\/post"}],"author":[{"embeddable":true,"href":"https:\/\/eltrabajo.cl\/portal\/wp-json\/wp\/v2\/users\/482"}],"replies":[{"embeddable":true,"href":"https:\/\/eltrabajo.cl\/portal\/wp-json\/wp\/v2\/comments?post=64322"}],"version-history":[{"count":0,"href":"https:\/\/eltrabajo.cl\/portal\/wp-json\/wp\/v2\/posts\/64322\/revisions"}],"wp:featuredmedia":[{"embeddable":true,"href":"https:\/\/eltrabajo.cl\/portal\/wp-json\/wp\/v2\/media\/64323"}],"wp:attachment":[{"href":"https:\/\/eltrabajo.cl\/portal\/wp-json\/wp\/v2\/media?parent=64322"}],"wp:term":[{"taxonomy":"category","embeddable":true,"href":"https:\/\/eltrabajo.cl\/portal\/wp-json\/wp\/v2\/categories?post=64322"},{"taxonomy":"post_tag","embeddable":true,"href":"https:\/\/eltrabajo.cl\/portal\/wp-json\/wp\/v2\/tags?post=64322"}],"curies":[{"name":"wp","href":"https:\/\/api.w.org\/{rel}","templated":true}]}}