{"id":64326,"date":"2015-11-30T14:50:14","date_gmt":"2015-11-30T17:50:14","guid":{"rendered":"http:\/\/www.eltrabajo.cl\/portal\/?p=64326"},"modified":"2015-11-30T14:50:14","modified_gmt":"2015-11-30T17:50:14","slug":"64326-2","status":"publish","type":"post","link":"https:\/\/eltrabajo.cl\/portal\/64326-2\/","title":{"rendered":"Fundaci\u00f3n Prodemu cumpli\u00f3 25 a\u00f1os trabajando junto a la mujer"},"content":{"rendered":"<figure id=\"attachment_64327\" aria-describedby=\"caption-attachment-64327\" style=\"width: 300px\" class=\"wp-caption alignleft\"><a href=\"https:\/\/i0.wp.com\/www.eltrabajo.cl\/portal\/wp-content\/uploads\/2015\/11\/FOTO-10-MARIA-ANGELICA-GONZALEZ-DIRECTORA-PROVINCIAL-DE-PRODEMU.jpg\"><img data-recalc-dims=\"1\" loading=\"lazy\" decoding=\"async\" class=\"wp-image-64327 size-medium\" src=\"https:\/\/i0.wp.com\/www.eltrabajo.cl\/portal\/wp-content\/uploads\/2015\/11\/FOTO-10-MARIA-ANGELICA-GONZALEZ-DIRECTORA-PROVINCIAL-DE-PRODEMU-300x197.jpg?resize=300%2C197\" alt=\"Mar\u00eda Ang\u00e9lica Gonz\u00e1lez, Directora Provincial de Prodemu.\" width=\"300\" height=\"197\" srcset=\"https:\/\/i0.wp.com\/eltrabajo.cl\/portal\/wp-content\/uploads\/2015\/11\/FOTO-10-MARIA-ANGELICA-GONZALEZ-DIRECTORA-PROVINCIAL-DE-PRODEMU.jpg?resize=300%2C197&amp;ssl=1 300w, https:\/\/i0.wp.com\/eltrabajo.cl\/portal\/wp-content\/uploads\/2015\/11\/FOTO-10-MARIA-ANGELICA-GONZALEZ-DIRECTORA-PROVINCIAL-DE-PRODEMU.jpg?resize=200%2C131&amp;ssl=1 200w, https:\/\/i0.wp.com\/eltrabajo.cl\/portal\/wp-content\/uploads\/2015\/11\/FOTO-10-MARIA-ANGELICA-GONZALEZ-DIRECTORA-PROVINCIAL-DE-PRODEMU.jpg?resize=228%2C150&amp;ssl=1 228w, https:\/\/i0.wp.com\/eltrabajo.cl\/portal\/wp-content\/uploads\/2015\/11\/FOTO-10-MARIA-ANGELICA-GONZALEZ-DIRECTORA-PROVINCIAL-DE-PRODEMU.jpg?resize=400%2C263&amp;ssl=1 400w, https:\/\/i0.wp.com\/eltrabajo.cl\/portal\/wp-content\/uploads\/2015\/11\/FOTO-10-MARIA-ANGELICA-GONZALEZ-DIRECTORA-PROVINCIAL-DE-PRODEMU.jpg?w=530&amp;ssl=1 530w\" sizes=\"auto, (max-width: 300px) 100vw, 300px\" \/><\/a><figcaption id=\"caption-attachment-64327\" class=\"wp-caption-text\">Mar\u00eda Ang\u00e9lica Gonz\u00e1lez, Directora Provincial de Prodemu.<\/figcaption><\/figure>\n<ul>\n<li><strong>Su directora Provincial, Mar\u00eda Ang\u00e9lica Gonz\u00e1lez, destac\u00f3 el cumplimiento \u00edntegro de los objetivos planteados en el \u00faltimo a\u00f1o.<\/strong><\/li>\n<\/ul>\n<p>\u201cNo tenemos tareas pendientes y hemos retomado el trabajo en el territorio con las mujeres y llegamos a todas las organizaciones donde ellas est\u00e1n participando\u201d .Con esta frase, la Directora Provincial de Prodemu, Mar\u00eda Ang\u00e9lica Gonz\u00e1lez, describi\u00f3 lo que ha sido la gesti\u00f3n de la Fundaci\u00f3n, tras conmemorar su aniversario n\u00famero 25.<br \/>\nLa dirigente destac\u00f3 el compromiso existente en el trabajo de la Fundaci\u00f3n, e hizo menci\u00f3n a una frase que seg\u00fan dijo la vocaliz\u00f3 la Presidenta Bachelet quien expres\u00f3 que \u201cson 25 a\u00f1os de un trabajo pionero en la reivindicaci\u00f3n de la dignidad y los derechos de las mujeres\u201d, aludi\u00f3.<br \/>\nSeg\u00fan Gonz\u00e1lez, desde el inicio de sus labores, Prodemu ha atendido a m\u00e1s de un mill\u00f3n y medio de mujeres que han sido capacitadas y empoderadas en un desarrollo tanto personal como social, esto con el objetivo de \u201cque ellas logren su autonom\u00eda econ\u00f3mica, pol\u00edtica y tambi\u00e9n su independencia f\u00edsica\u201d, expres\u00f3.<br \/>\nCabe mencionar que Fundaci\u00f3n Prodemu tiene a disposici\u00f3n del sexo femenino, diversos programas que funcionan en coordinaci\u00f3n con el Servicio Nacional de la Mujer, Sernam y el Instituto Nacional de Desarrollo Agropecuario, Indap.<br \/>\nEl objetivo de los talleres, seg\u00fan Gonz\u00e1lez, apunta principalmente a crear \u2018liderezas\u2019, pues seg\u00fan dijo \u201cuno no nace con condiciones para ser l\u00edder, se forman esas condiciones y nosotros creemos que cada mujer es l\u00edder y queremos que lo sean para que transformen la realidad, que no sean solamente mujeres que se est\u00e9n capacitando para un oficio, queremos que desde su perspectiva hagan propuestas al gobierno comunal\u201d, expres\u00f3 y a\u00f1adi\u00f3 que \u201cincluso nivel pa\u00eds, queremos mujeres empoderadas en el parlamento, en el senado, que sean directoras de servicios, gerentas en empresas privadas, yo creo que muy pronto vamos a estar ocupando puestos junto a los hombres para construir una sociedad m\u00e1s igualitaria, donde hombres y mujeres tengan las misma oportunidades y los mismos derechos\u201d, finaliz\u00f3.<\/p>\n","protected":false},"excerpt":{"rendered":"<p>Su directora Provincial, Mar\u00eda Ang\u00e9lica Gonz\u00e1lez, destac\u00f3 el cumplimiento \u00edntegro de los objetivos planteados en el \u00faltimo a\u00f1o. \u201cNo tenemos tareas pendientes y hemos retomado el trabajo en el territorio con las&#8230;<\/p>\n","protected":false},"author":482,"featured_media":64327,"comment_status":"open","ping_status":"open","sticky":false,"template":"","format":"standard","meta":{"advanced_seo_description":"","jetpack_seo_html_title":"","jetpack_seo_noindex":false,"_jetpack_memberships_contains_paid_content":false,"footnotes":""},"categories":[1],"tags":[],"class_list":["post-64326","post","type-post","status-publish","format-standard","has-post-thumbnail","hentry","category-cronica"],"jetpack_featured_media_url":"https:\/\/i0.wp.com\/eltrabajo.cl\/portal\/wp-content\/uploads\/2015\/11\/FOTO-10-MARIA-ANGELICA-GONZALEZ-DIRECTORA-PROVINCIAL-DE-PRODEMU.jpg?fit=530%2C348&ssl=1","jetpack_sharing_enabled":true,"jetpack_likes_enabled":true,"jetpack-related-posts":[],"_links":{"self":[{"href":"https:\/\/eltrabajo.cl\/portal\/wp-json\/wp\/v2\/posts\/64326","targetHints":{"allow":["GET"]}}],"collection":[{"href":"https:\/\/eltrabajo.cl\/portal\/wp-json\/wp\/v2\/posts"}],"about":[{"href":"https:\/\/eltrabajo.cl\/portal\/wp-json\/wp\/v2\/types\/post"}],"author":[{"embeddable":true,"href":"https:\/\/eltrabajo.cl\/portal\/wp-json\/wp\/v2\/users\/482"}],"replies":[{"embeddable":true,"href":"https:\/\/eltrabajo.cl\/portal\/wp-json\/wp\/v2\/comments?post=64326"}],"version-history":[{"count":0,"href":"https:\/\/eltrabajo.cl\/portal\/wp-json\/wp\/v2\/posts\/64326\/revisions"}],"wp:featuredmedia":[{"embeddable":true,"href":"https:\/\/eltrabajo.cl\/portal\/wp-json\/wp\/v2\/media\/64327"}],"wp:attachment":[{"href":"https:\/\/eltrabajo.cl\/portal\/wp-json\/wp\/v2\/media?parent=64326"}],"wp:term":[{"taxonomy":"category","embeddable":true,"href":"https:\/\/eltrabajo.cl\/portal\/wp-json\/wp\/v2\/categories?post=64326"},{"taxonomy":"post_tag","embeddable":true,"href":"https:\/\/eltrabajo.cl\/portal\/wp-json\/wp\/v2\/tags?post=64326"}],"curies":[{"name":"wp","href":"https:\/\/api.w.org\/{rel}","templated":true}]}}