{"id":64329,"date":"2015-11-30T14:51:30","date_gmt":"2015-11-30T17:51:30","guid":{"rendered":"http:\/\/www.eltrabajo.cl\/portal\/?p=64329"},"modified":"2015-11-30T14:51:30","modified_gmt":"2015-11-30T17:51:30","slug":"decenas-de-mascotas-en-segunda-version-de-la-perrotrote","status":"publish","type":"post","link":"https:\/\/eltrabajo.cl\/portal\/decenas-de-mascotas-en-segunda-version-de-la-perrotrote\/","title":{"rendered":"Decenas de mascotas en segunda versi\u00f3n de la Perrotrote"},"content":{"rendered":"<figure id=\"attachment_64330\" aria-describedby=\"caption-attachment-64330\" style=\"width: 300px\" class=\"wp-caption alignleft\"><a href=\"https:\/\/i0.wp.com\/www.eltrabajo.cl\/portal\/wp-content\/uploads\/2015\/11\/perrotrote1.jpg\"><img data-recalc-dims=\"1\" loading=\"lazy\" decoding=\"async\" class=\"wp-image-64330 size-medium\" src=\"https:\/\/i0.wp.com\/www.eltrabajo.cl\/portal\/wp-content\/uploads\/2015\/11\/perrotrote1-300x198.jpg?resize=300%2C198\" alt=\"Sin importar el calor, m\u00e1s de 40 mascotas junto a sus due\u00f1os participaron de esta actividad familiar que busca fomentar el deporte.\" width=\"300\" height=\"198\" srcset=\"https:\/\/i0.wp.com\/eltrabajo.cl\/portal\/wp-content\/uploads\/2015\/11\/perrotrote1.jpg?resize=300%2C198&amp;ssl=1 300w, https:\/\/i0.wp.com\/eltrabajo.cl\/portal\/wp-content\/uploads\/2015\/11\/perrotrote1.jpg?resize=200%2C132&amp;ssl=1 200w, https:\/\/i0.wp.com\/eltrabajo.cl\/portal\/wp-content\/uploads\/2015\/11\/perrotrote1.jpg?resize=227%2C150&amp;ssl=1 227w, https:\/\/i0.wp.com\/eltrabajo.cl\/portal\/wp-content\/uploads\/2015\/11\/perrotrote1.jpg?resize=400%2C264&amp;ssl=1 400w, https:\/\/i0.wp.com\/eltrabajo.cl\/portal\/wp-content\/uploads\/2015\/11\/perrotrote1.jpg?w=530&amp;ssl=1 530w\" sizes=\"auto, (max-width: 300px) 100vw, 300px\" \/><\/a><figcaption id=\"caption-attachment-64330\" class=\"wp-caption-text\">Sin importar el calor, m\u00e1s de 40 mascotas junto a sus due\u00f1os participaron de esta actividad familiar que busca fomentar el deporte.<\/figcaption><\/figure>\n<p>Una exitosa segunda versi\u00f3n de la Perrotrote se realiz\u00f3 este domingo en horas de la ma\u00f1ana, en la que participaron m\u00e1s de cuarenta mascotas junto a sus entusiasmados due\u00f1os.<br \/>\nOrganizada en conjunto por el Departamento de Deportes y el programa de Tenencia Responsable de Mascotas, esta entretenida actividad forma parte de un programa encargado por el alcalde Patricio Freire y que contempla un trabajo en conjunto entre los departamentos y potenciar las actividades al aire libre, utilizando las calles de la comuna para hacer actividad f\u00edsica, lo que se plasma perfectamente en esta actividad, a la que se sumaron decenas de vecinos junto a sus perros, de todas las razas y tama\u00f1os, quienes completaron el circuito por algunas de las principales alamedas de la comuna.<br \/>\n\u201cEl alcalde nos ha encargado tomarnos los espacios p\u00fablicos, as\u00ed que un agradecimiento al alcalde porque nos permite hacer estas locuras y a toda la gente que concurri\u00f3. La evaluaci\u00f3n es definitivamente muy buena\u201d, se\u00f1al\u00f3 Danilo Pe\u00f1a, encargado del departamento de Deportes.<br \/>\nLa actividad comenz\u00f3 pasadas las 11 horas luego que llegaran hasta el sector c\u00e9ntrico una buena cantidad de personas, algunos acompa\u00f1ados de sus familias y sus perritos para participar en esta entretenida actividad, que buscaba dar un espacio a los regalones.<br \/>\nEl recorrido contempl\u00f3 el paso por calle Salinas, el bandej\u00f3n central de las avenidas O\u2018Higgins y Yungay para continuar por calle Prat hasta la plaza de armas, pensando precisamente en que el trayecto no fuera demasiado largo para las mascotas.<br \/>\n\u201cEsta no era una competici\u00f3n para los perros, este es un encuentro con nuestras mascotas, por ello la idea era correr lo m\u00e1s cercano el uno del otro\u201d, dijo Pe\u00f1a.<br \/>\nY ese objetivo se cumpli\u00f3 plenamente, ya que todos lograron terminar el recorrido y llegaron a la meta, siendo el primero en cruzarla Adolfo Herrera junto a su peque\u00f1o perro.<br \/>\n\u201cLos felicito y estuvo muy buena la iniciativa, espero que se siga haciendo. Hace dos a\u00f1os tengo a mi mascota y quiero empezar a salir a correr con \u00e9l. Yo entreno los fines de semana y ten\u00eda que partir de alguna forma, estuvo todo bien, aunque se me atraves\u00f3 un perro y (su mascota) choc\u00f3 con un poste pero todo bien\u201d, dijo Adolfo.<br \/>\nAdem\u00e1s y de manera simult\u00e1nea se desarroll\u00f3 en el sector c\u00e9ntrico el programa Calles Abiertas, que cont\u00f3 con distintas disciplinas para los vecinos, iniciativa que concluye el pr\u00f3ximo domingo 6 de diciembre, por lo que la invitaci\u00f3n es para todos los sanfelipe\u00f1os a participar y practicar deporte.<\/p>\n","protected":false},"excerpt":{"rendered":"<p>Una exitosa segunda versi\u00f3n de la Perrotrote se realiz\u00f3 este domingo en horas de la ma\u00f1ana, en la que participaron m\u00e1s de cuarenta mascotas junto a sus entusiasmados due\u00f1os. Organizada en conjunto&#8230;<\/p>\n","protected":false},"author":482,"featured_media":64330,"comment_status":"open","ping_status":"open","sticky":false,"template":"","format":"standard","meta":{"advanced_seo_description":"","jetpack_seo_html_title":"","jetpack_seo_noindex":false,"_jetpack_memberships_contains_paid_content":false,"footnotes":""},"categories":[1],"tags":[],"class_list":["post-64329","post","type-post","status-publish","format-standard","has-post-thumbnail","hentry","category-cronica"],"jetpack_featured_media_url":"https:\/\/i0.wp.com\/eltrabajo.cl\/portal\/wp-content\/uploads\/2015\/11\/perrotrote1.jpg?fit=530%2C350&ssl=1","jetpack_sharing_enabled":true,"jetpack_likes_enabled":true,"jetpack-related-posts":[],"_links":{"self":[{"href":"https:\/\/eltrabajo.cl\/portal\/wp-json\/wp\/v2\/posts\/64329","targetHints":{"allow":["GET"]}}],"collection":[{"href":"https:\/\/eltrabajo.cl\/portal\/wp-json\/wp\/v2\/posts"}],"about":[{"href":"https:\/\/eltrabajo.cl\/portal\/wp-json\/wp\/v2\/types\/post"}],"author":[{"embeddable":true,"href":"https:\/\/eltrabajo.cl\/portal\/wp-json\/wp\/v2\/users\/482"}],"replies":[{"embeddable":true,"href":"https:\/\/eltrabajo.cl\/portal\/wp-json\/wp\/v2\/comments?post=64329"}],"version-history":[{"count":0,"href":"https:\/\/eltrabajo.cl\/portal\/wp-json\/wp\/v2\/posts\/64329\/revisions"}],"wp:featuredmedia":[{"embeddable":true,"href":"https:\/\/eltrabajo.cl\/portal\/wp-json\/wp\/v2\/media\/64330"}],"wp:attachment":[{"href":"https:\/\/eltrabajo.cl\/portal\/wp-json\/wp\/v2\/media?parent=64329"}],"wp:term":[{"taxonomy":"category","embeddable":true,"href":"https:\/\/eltrabajo.cl\/portal\/wp-json\/wp\/v2\/categories?post=64329"},{"taxonomy":"post_tag","embeddable":true,"href":"https:\/\/eltrabajo.cl\/portal\/wp-json\/wp\/v2\/tags?post=64329"}],"curies":[{"name":"wp","href":"https:\/\/api.w.org\/{rel}","templated":true}]}}