{"id":64335,"date":"2015-11-30T14:59:23","date_gmt":"2015-11-30T17:59:23","guid":{"rendered":"http:\/\/www.eltrabajo.cl\/portal\/?p=64335"},"modified":"2015-11-30T14:59:23","modified_gmt":"2015-11-30T17:59:23","slug":"peligroso-antisocial-fue-capturado-conduciendo-moto-robada","status":"publish","type":"post","link":"https:\/\/eltrabajo.cl\/portal\/peligroso-antisocial-fue-capturado-conduciendo-moto-robada\/","title":{"rendered":"Peligroso antisocial fue capturado conduciendo moto robada"},"content":{"rendered":"<figure id=\"attachment_64336\" aria-describedby=\"caption-attachment-64336\" style=\"width: 300px\" class=\"wp-caption alignleft\"><a href=\"https:\/\/i0.wp.com\/www.eltrabajo.cl\/portal\/wp-content\/uploads\/2015\/11\/YURI-VERA.jpg\"><img data-recalc-dims=\"1\" loading=\"lazy\" decoding=\"async\" class=\"wp-image-64336 size-medium\" src=\"https:\/\/i0.wp.com\/www.eltrabajo.cl\/portal\/wp-content\/uploads\/2015\/11\/YURI-VERA-300x198.jpg?resize=300%2C198\" alt=\"Yuri Luciano Vera Rojas tiene 18 a\u00f1os de edad y cuenta con un amplio prontuario policial por delitos de hurto, robo con intimidaci\u00f3n, robo por sorpresa y violaci\u00f3n de morada.\" width=\"300\" height=\"198\" srcset=\"https:\/\/i0.wp.com\/eltrabajo.cl\/portal\/wp-content\/uploads\/2015\/11\/YURI-VERA.jpg?resize=300%2C198&amp;ssl=1 300w, https:\/\/i0.wp.com\/eltrabajo.cl\/portal\/wp-content\/uploads\/2015\/11\/YURI-VERA.jpg?resize=200%2C132&amp;ssl=1 200w, https:\/\/i0.wp.com\/eltrabajo.cl\/portal\/wp-content\/uploads\/2015\/11\/YURI-VERA.jpg?resize=227%2C150&amp;ssl=1 227w, https:\/\/i0.wp.com\/eltrabajo.cl\/portal\/wp-content\/uploads\/2015\/11\/YURI-VERA.jpg?resize=400%2C264&amp;ssl=1 400w, https:\/\/i0.wp.com\/eltrabajo.cl\/portal\/wp-content\/uploads\/2015\/11\/YURI-VERA.jpg?w=530&amp;ssl=1 530w\" sizes=\"auto, (max-width: 300px) 100vw, 300px\" \/><\/a><figcaption id=\"caption-attachment-64336\" class=\"wp-caption-text\">Yuri Luciano Vera Rojas tiene 18 a\u00f1os de edad y cuenta con un amplio prontuario policial por delitos de hurto, robo con intimidaci\u00f3n, robo por sorpresa y violaci\u00f3n de morada.<\/figcaption><\/figure>\n<ul>\n<li><strong>Carabineros arrest\u00f3 al delincuente conduciendo una motocicleta que d\u00edas antes hab\u00eda sido encargada por robo.<\/strong><\/li>\n<\/ul>\n<p>El pasado viernes a eso de las 19:10 horas, un peligroso antisocial de apenas 18 a\u00f1os de edad fue detenido por Carabineros conduciendo una motocicleta que manten\u00eda encargo por robo. El imputado qued\u00f3 a disposici\u00f3n de la Fiscal\u00eda para ser procesado en Tribunales, quienes decretaron las cautelares de firma mensual y la prohibici\u00f3n de salir del pa\u00eds.<br \/>\nLa detenci\u00f3n del imputado identificado como Yuri Luciano Vera Rojas, se produjo cuando conduc\u00eda la motocicleta modelo XLX 250 por la calle Bernardo Cruz frente al n\u00famero 1213 de la comuna de San Felipe y al ser fiscalizado por los efectivos policiales se estableci\u00f3 que el m\u00f3vil pertenece a otro propietario, quien d\u00edas antes report\u00f3 su robo.<br \/>\nFrente a este escenario, la polic\u00eda detuvo al sujeto por el delito de receptaci\u00f3n de especies, tomando contacto con el due\u00f1o de la motocicleta para ser entregada. En tanto por disposici\u00f3n del fiscal de turno, el imputado fue derivado hasta el Juzgado de Garant\u00eda de San Felipe para ser formalizado por este il\u00edcito.<br \/>\nVera<\/p>\n<figure id=\"attachment_64337\" aria-describedby=\"caption-attachment-64337\" style=\"width: 300px\" class=\"wp-caption alignright\"><a href=\"https:\/\/i0.wp.com\/www.eltrabajo.cl\/portal\/wp-content\/uploads\/2015\/11\/MOTOCICLETA-ROBADA.jpg\"><img data-recalc-dims=\"1\" loading=\"lazy\" decoding=\"async\" class=\"wp-image-64337 size-medium\" src=\"https:\/\/i0.wp.com\/www.eltrabajo.cl\/portal\/wp-content\/uploads\/2015\/11\/MOTOCICLETA-ROBADA-300x199.jpg?resize=300%2C199\" alt=\"Carabineros logr\u00f3 recuperar la motocicleta para ser devuelta a su verdadero propietario quien denunci\u00f3 su robo d\u00edas antes.\" width=\"300\" height=\"199\" srcset=\"https:\/\/i0.wp.com\/eltrabajo.cl\/portal\/wp-content\/uploads\/2015\/11\/MOTOCICLETA-ROBADA.jpg?resize=300%2C199&amp;ssl=1 300w, https:\/\/i0.wp.com\/eltrabajo.cl\/portal\/wp-content\/uploads\/2015\/11\/MOTOCICLETA-ROBADA.jpg?resize=200%2C133&amp;ssl=1 200w, https:\/\/i0.wp.com\/eltrabajo.cl\/portal\/wp-content\/uploads\/2015\/11\/MOTOCICLETA-ROBADA.jpg?resize=226%2C150&amp;ssl=1 226w, https:\/\/i0.wp.com\/eltrabajo.cl\/portal\/wp-content\/uploads\/2015\/11\/MOTOCICLETA-ROBADA.jpg?resize=400%2C265&amp;ssl=1 400w, https:\/\/i0.wp.com\/eltrabajo.cl\/portal\/wp-content\/uploads\/2015\/11\/MOTOCICLETA-ROBADA.jpg?w=528&amp;ssl=1 528w\" sizes=\"auto, (max-width: 300px) 100vw, 300px\" \/><\/a><figcaption id=\"caption-attachment-64337\" class=\"wp-caption-text\">Carabineros logr\u00f3 recuperar la motocicleta para ser devuelta a su verdadero propietario quien denunci\u00f3 su robo d\u00edas antes.<\/figcaption><\/figure>\n<p>Rojas cuenta con un amplio prontuario delictivo por 20 causas de hurto, 4 robos en lugar no habitado, 6 robos con intimidaci\u00f3n, 1 robo por sorpresa y 3 por violaci\u00f3n de morada. Delitos que fueron cometidos desde que era menor de edad.<br \/>\nEl Ministerio P\u00fablico formaliz\u00f3 esta nueva causa delictiva en contra del imputado, requiriendo ante el Tribunal las cautelares de firma mensual y arraigo nacional. Medidas que fueron concedidas por el juez de garant\u00eda mientras dure el proceso investigativo del caso.<br \/>\n<strong>Pablo Salinas Sald\u00edas<\/strong><\/p>\n","protected":false},"excerpt":{"rendered":"<p>Carabineros arrest\u00f3 al delincuente conduciendo una motocicleta que d\u00edas antes hab\u00eda sido encargada por robo. El pasado viernes a eso de las 19:10 horas, un peligroso antisocial de apenas 18 a\u00f1os de&#8230;<\/p>\n","protected":false},"author":482,"featured_media":64336,"comment_status":"open","ping_status":"open","sticky":false,"template":"","format":"standard","meta":{"advanced_seo_description":"","jetpack_seo_html_title":"","jetpack_seo_noindex":false,"_jetpack_memberships_contains_paid_content":false,"footnotes":""},"categories":[21],"tags":[],"class_list":["post-64335","post","type-post","status-publish","format-standard","has-post-thumbnail","hentry","category-policial"],"jetpack_featured_media_url":"https:\/\/i0.wp.com\/eltrabajo.cl\/portal\/wp-content\/uploads\/2015\/11\/YURI-VERA.jpg?fit=530%2C350&ssl=1","jetpack_sharing_enabled":true,"jetpack_likes_enabled":true,"jetpack-related-posts":[],"_links":{"self":[{"href":"https:\/\/eltrabajo.cl\/portal\/wp-json\/wp\/v2\/posts\/64335","targetHints":{"allow":["GET"]}}],"collection":[{"href":"https:\/\/eltrabajo.cl\/portal\/wp-json\/wp\/v2\/posts"}],"about":[{"href":"https:\/\/eltrabajo.cl\/portal\/wp-json\/wp\/v2\/types\/post"}],"author":[{"embeddable":true,"href":"https:\/\/eltrabajo.cl\/portal\/wp-json\/wp\/v2\/users\/482"}],"replies":[{"embeddable":true,"href":"https:\/\/eltrabajo.cl\/portal\/wp-json\/wp\/v2\/comments?post=64335"}],"version-history":[{"count":0,"href":"https:\/\/eltrabajo.cl\/portal\/wp-json\/wp\/v2\/posts\/64335\/revisions"}],"wp:featuredmedia":[{"embeddable":true,"href":"https:\/\/eltrabajo.cl\/portal\/wp-json\/wp\/v2\/media\/64336"}],"wp:attachment":[{"href":"https:\/\/eltrabajo.cl\/portal\/wp-json\/wp\/v2\/media?parent=64335"}],"wp:term":[{"taxonomy":"category","embeddable":true,"href":"https:\/\/eltrabajo.cl\/portal\/wp-json\/wp\/v2\/categories?post=64335"},{"taxonomy":"post_tag","embeddable":true,"href":"https:\/\/eltrabajo.cl\/portal\/wp-json\/wp\/v2\/tags?post=64335"}],"curies":[{"name":"wp","href":"https:\/\/api.w.org\/{rel}","templated":true}]}}