{"id":64339,"date":"2015-11-30T15:05:59","date_gmt":"2015-11-30T18:05:59","guid":{"rendered":"http:\/\/www.eltrabajo.cl\/portal\/?p=64339"},"modified":"2015-11-30T15:05:59","modified_gmt":"2015-11-30T18:05:59","slug":"nuevo-estadio-de-san-felipe-tendra-un-costo-de-8-mil-millones-y-comenzara-a-construirse-el-2016","status":"publish","type":"post","link":"https:\/\/eltrabajo.cl\/portal\/nuevo-estadio-de-san-felipe-tendra-un-costo-de-8-mil-millones-y-comenzara-a-construirse-el-2016\/","title":{"rendered":"Nuevo Estadio de San Felipe tendr\u00e1 un costo de $8 mil millones y comenzar\u00e1 a construirse el 2016"},"content":{"rendered":"<figure id=\"attachment_64340\" aria-describedby=\"caption-attachment-64340\" style=\"width: 300px\" class=\"wp-caption alignleft\"><a href=\"https:\/\/i0.wp.com\/www.eltrabajo.cl\/portal\/wp-content\/uploads\/2015\/11\/FOTO-4-La-Ministra-Riffo-ingresa-al-Estadio-Fisca.jpg\"><img data-recalc-dims=\"1\" loading=\"lazy\" decoding=\"async\" class=\"wp-image-64340 size-medium\" src=\"https:\/\/i0.wp.com\/www.eltrabajo.cl\/portal\/wp-content\/uploads\/2015\/11\/FOTO-4-La-Ministra-Riffo-ingresa-al-Estadio-Fisca-300x198.jpg?resize=300%2C198\" alt=\"La ministra Riffo ingresa al Estadio Fiscal, terreno donde se construir\u00e1 el nuevo estadio sanfelipe\u00f1o.\" width=\"300\" height=\"198\" srcset=\"https:\/\/i0.wp.com\/eltrabajo.cl\/portal\/wp-content\/uploads\/2015\/11\/FOTO-4-La-Ministra-Riffo-ingresa-al-Estadio-Fisca.jpg?resize=300%2C198&amp;ssl=1 300w, https:\/\/i0.wp.com\/eltrabajo.cl\/portal\/wp-content\/uploads\/2015\/11\/FOTO-4-La-Ministra-Riffo-ingresa-al-Estadio-Fisca.jpg?resize=200%2C132&amp;ssl=1 200w, https:\/\/i0.wp.com\/eltrabajo.cl\/portal\/wp-content\/uploads\/2015\/11\/FOTO-4-La-Ministra-Riffo-ingresa-al-Estadio-Fisca.jpg?resize=227%2C150&amp;ssl=1 227w, https:\/\/i0.wp.com\/eltrabajo.cl\/portal\/wp-content\/uploads\/2015\/11\/FOTO-4-La-Ministra-Riffo-ingresa-al-Estadio-Fisca.jpg?resize=400%2C264&amp;ssl=1 400w, https:\/\/i0.wp.com\/eltrabajo.cl\/portal\/wp-content\/uploads\/2015\/11\/FOTO-4-La-Ministra-Riffo-ingresa-al-Estadio-Fisca.jpg?w=530&amp;ssl=1 530w\" sizes=\"auto, (max-width: 300px) 100vw, 300px\" \/><\/a><figcaption id=\"caption-attachment-64340\" class=\"wp-caption-text\">La ministra Riffo ingresa al Estadio Fiscal, terreno donde se construir\u00e1 el nuevo estadio sanfelipe\u00f1o.<\/figcaption><\/figure>\n<ul>\n<li><strong>La empresa Urbania S.A. se adjudic\u00f3 la licitaci\u00f3n para el dise\u00f1o del recinto deportivo, el cual tendr\u00e1 que estar listo en junio del pr\u00f3ximo a\u00f1o y a partir de eso se comenzar\u00eda con el proceso de licitaci\u00f3n para edificar a partir del segundo semestre en terrenos del Estadio Fiscal.<\/strong><\/li>\n<\/ul>\n<p>Calculando una inversi\u00f3n final de 8 mil millones de pesos, el pasado viernes la Ministra del Deporte Natalia Riffo hizo oficial la adjudicaci\u00f3n de la licitaci\u00f3n para elaborar el dise\u00f1o del nuevo Estadio de San Felipe a la Empresa Urbania S.A., y adem\u00e1s ratific\u00f3 que los recursos para su edificaci\u00f3n est\u00e1n asegurados, proyectando el inicio de las obras para el segundo semestre de 2016.<br \/>\nEl anuncio de la Secretaria de Estado se efectu\u00f3 en el sector del Estadio Fiscal, terrenos que ser\u00e1n ocupados para edificar el nuevo escenario deportivo y hasta donde tambi\u00e9n llegaron el diputado Marco Antonio N\u00fa\u00f1ez, el gobernador Eduardo Le\u00f3n y el Alcalde subrogante de San Felipe, Jorge Jara.<br \/>\nA su llegada, Riffo confirm\u00f3 que los recursos para construir est\u00e1n asegurados y ser\u00e1n asignados una vez que termine la etapa de dise\u00f1o: \u201cSiempre la infraestructura deportiva es una buena noticia, hoy anunciamos que ya termin\u00f3 el proceso licitatorio para comenzar el dise\u00f1o del estadio de San Felipe. Estamos seguros que este es un espacio merecido para todos los sanfelipe\u00f1os y tambi\u00e9n para toda la regi\u00f3n\u201d, afirm\u00f3 la Ministra, agregando que \u201cesperamos que sea un espacio deportivo, no s\u00f3lo de competencia, sino que tambi\u00e9n de encuentro. Este es un anuncio de la Presidenta Bachelet y esperamos estar poniendo la primera piedra, el proceso no se detiene, estamos trabajando firme para que sea lo m\u00e1s r\u00e1pido posible\u201d, destac\u00f3 Riffo.<br \/>\nAs\u00ed mismo, la representante gubernamental recalc\u00f3 que el proceso de licitaci\u00f3n para el dise\u00f1o debe ser responsable y serio y a partir de ah\u00ed trabajar en la licitaci\u00f3n para la construcci\u00f3n del estadio, a\u00f1adiendo que \u201cel dise\u00f1o se demora por lo menos el primer semestre del a\u00f1o 2016 y en general los estadios se demoran 12 meses en su construcci\u00f3n y este es un estadio que quiz\u00e1s pudiera estar listo en un plazo m\u00e1s breve, ya tenemos experiencia, la Presidenta comienza en su primer mandato con los estadios Bicentenario y nosotros tambi\u00e9n tenemos una cartera de infraestructura deportiva y de estadios importante, por lo tanto, creemos que eso va a permitir avanzar con bastante celeridad\u2026 a medida que se cumpla con los plazos, vamos a tener el dinero para poder comenzar con la licitaci\u00f3n de la ejecuci\u00f3n\u201d, ratific\u00f3<br \/>\nRespecto a las caracter\u00edsticas y aforo del estadio, la Ministra dijo que los recursos est\u00e1n asociados a la capacidad del recinto por lo que en este caso los 8 mil millones de pesos, dan la posibilidad de un aforo de 8 mil \u00f3 9 mil personas, sin embargo adujo que \u201ces importante que el dise\u00f1o est\u00e9 hecho a la medida del lugar y debe cautelar que esas caracter\u00edsticas est\u00e9n contempladas a la hora de ejecutar la construcci\u00f3n de un estadio\u201d, esboz\u00f3.<br \/>\nEn cuanto a la ubicaci\u00f3n del Estadio y si \u00e9sta ya es definitiva, tomando en cuenta la disidencia que causa su construcci\u00f3n en los terrenos del Estadio Fiscal, Riffo grafic\u00f3 que \u201cnosotros somos bien responsables en ese sentido y efectivamente estamos trabajando con el Ministerio de Obras P\u00fablica, MOP, y es un detalle importante referente a la cubicaci\u00f3n y si nos cab\u00eda o no un estadio y eso est\u00e1 completamente cerrado y arreglado, el Estadio se construye en este espacio\u201d, aclar\u00f3.<br \/>\nPor \u00faltimo, la ministra se mostr\u00f3 esperanzada que el Estadio pueda ser inaugurado por la Presidenta Bachelet, mencion\u00f3 la responsabilidad y seriedad en los procesos de licitaci\u00f3n del Ministerio del Deporte y el Gobierno en general, respaldando as\u00ed, a la comisi\u00f3n t\u00e9cnica que evalu\u00f3 la experiencia y capacidad de la empresa que se adjudic\u00f3 el dise\u00f1o del recinto deportivo y finalmente hizo \u00e9nfasis en que el financiamiento de la Construcci\u00f3n del estadio no est\u00e1 en cuestionamiento, ni corre ning\u00fan tipo de peligro.<br \/>\nPor su parte el diputado Marco Antonio N\u00fa\u00f1ez se encarg\u00f3 de sustentar la afirmaci\u00f3n de Riffo, argumentando que \u201cdurante los \u00faltimos d\u00edas ha existido un debate, respecto de los fondos para construir el estadio y yo quiero agradecer que el realismo sin renuncia, en cuanto a las consecuencias de la baja del precio del cobre, la necesidad de ajustar nuestro presupuesto, no afecta ni el dise\u00f1o ni la construcci\u00f3n del Estadio de San Felipe\u201d, adujo.<br \/>\nAdem\u00e1s N\u00fa\u00f1ez aprovech\u00f3 de hacer una invitaci\u00f3n a los vecinos del sector mencionado que \u201clos vecinos de las villas 250 A\u00f1os, Industrial, Renacer a que en el proceso de dise\u00f1o, so\u00f1emos en una franja integrada, de iluminaci\u00f3n, \u00e1reas verdes, que se integre este nuevo estadio a la gente, para que lo cuiden y no tengamos los problemas de otras comunas que despu\u00e9s de 4 \u00f3 5 a\u00f1os hay problemas con la mantenci\u00f3n\u201d, afirm\u00f3.<br \/>\nPor su parte el alcalde subrogante de San Felipe se mostr\u00f3 contento y agradeci\u00f3, en nombre de Patricio Freire, a la Ministra por tomarse el tiempo de anunciar personalmente un sue\u00f1o de todos los aconcag\u00fcinos. \u201cEl concejo municipal de esta administraci\u00f3n asumi\u00f3 la responsabilidad de promover la construcci\u00f3n de un nuevo estadio para la ciudad y se ha cumplido con las etapas. Confiamos en las competencias t\u00e9cnicas y profesionales de los funcionarios del MOP y el Instituto Nacional del Deporte, IND, para trabajar con seriedad en un proyecto que nos va a beneficiar a todos\u201d, recalc\u00f3 Jara.<br \/>\nA su vez el gobernador Provincial Eduardo Le\u00f3n adujo que \u201cqueremos destacar que somos un Gobierno en terreno, la propia Ministra ha ratificado este importante paso donde se se\u00f1alan los plazos de la elaboraci\u00f3n del dise\u00f1o y el compromiso de la construcci\u00f3n. Tambi\u00e9n queremos destacar el trabajo del Alcalde Patricio Freire y su equipo, con la propuesta al Ministerio de manera participativa y con seriedad t\u00e9cnica. Hoy tenemos la certeza que aqu\u00ed se va a construir el futuro estadio de San Felipe\u201d, puntualiz\u00f3.<br \/>\nEl \u00faltimo en referirse a la construcci\u00f3n de nuevo estadio sanfelipe\u00f1o fue el concejal Dante Rodr\u00edguez, quien expres\u00f3 su alegr\u00eda al ver consolidada la promesa que hace un tiempo atr\u00e1s hizo la Presidenta Bachelet. Rodr\u00edguez manifest\u00f3 que \u201ces una alegr\u00eda inmensa para todos los deportistas sanfelipe\u00f1os porque vamos a tener un recinto de calidad. Lo que prometi\u00f3 la Presidenta, lo est\u00e1 cumpliendo. Vamos a tener un estadio de primera, para el f\u00fatbol de primera, porque tenemos que llegar alguna vez a primera divisi\u00f3n\u201d, asumi\u00f3.<br \/>\nFinalmente \u2018el concejal del deporte\u2019 explic\u00f3 que los trabajos del municipio no terminan con la construcci\u00f3n del nuevo estadio, ya que, al sacrificar otras \u00e1reas deportivas, habr\u00e1 que recuperarlas en otros puntos de la ciudad. \u201cDentro del dise\u00f1o del estadio, por ejemplo, no est\u00e1 considerada la pista atl\u00e9tica, pero est\u00e1 contemplada hacerla en otra parte de San Felipe para hacerla, as\u00ed que tendremos dos recintos deportivos, de primera clase, para los atletas y los futbolistas\u201d, finaliz\u00f3 Rodr\u00edguez.<\/p>\n<div class=\"tiled-gallery type-rectangular tiled-gallery-unresized\" data-original-width=\"640\" data-carousel-extra='null' itemscope itemtype=\"http:\/\/schema.org\/ImageGallery\" > <div class=\"gallery-row\" style=\"width: 640px; height: 282px;\" data-original-width=\"640\" data-original-height=\"282\" > <div class=\"gallery-group images-1\" style=\"width: 428px; height: 282px;\" data-original-width=\"428\" data-original-height=\"282\" > <div class=\"tiled-gallery-item tiled-gallery-item-large\" itemprop=\"associatedMedia\" itemscope itemtype=\"http:\/\/schema.org\/ImageObject\"> <a href=\"https:\/\/eltrabajo.cl\/portal\/nuevo-estadio-de-san-felipe-tendra-un-costo-de-8-mil-millones-y-comenzara-a-construirse-el-2016\/foto-2-ministra-del-deporte-natalia-riffo-2-1\/\" border=\"0\" itemprop=\"url\"> <meta itemprop=\"width\" content=\"424\"> <meta itemprop=\"height\" content=\"278\"> <img decoding=\"async\" class=\"\" data-attachment-id=\"64341\" data-orig-file=\"https:\/\/eltrabajo.cl\/portal\/wp-content\/uploads\/2015\/11\/FOTO-2-Ministra-del-Deporte-Natalia-Riffo-2-1.jpg\" data-orig-size=\"530,348\" data-comments-opened=\"1\" data-image-meta=\"{&quot;aperture&quot;:&quot;0&quot;,&quot;credit&quot;:&quot;&quot;,&quot;camera&quot;:&quot;&quot;,&quot;caption&quot;:&quot;&quot;,&quot;created_timestamp&quot;:&quot;0&quot;,&quot;copyright&quot;:&quot;Copyright 2012&quot;,&quot;focal_length&quot;:&quot;0&quot;,&quot;iso&quot;:&quot;0&quot;,&quot;shutter_speed&quot;:&quot;0&quot;,&quot;title&quot;:&quot;&quot;,&quot;orientation&quot;:&quot;0&quot;}\" data-image-title=\"FOTO 2 Ministra del Deporte Natalia Riffo (2) (1)\" data-image-description=\"&lt;p&gt;Ministra del Deporte Natalia Riffo&lt;\/p&gt; \" data-medium-file=\"https:\/\/i0.wp.com\/eltrabajo.cl\/portal\/wp-content\/uploads\/2015\/11\/FOTO-2-Ministra-del-Deporte-Natalia-Riffo-2-1.jpg?fit=300%2C197&#038;ssl=1\" data-large-file=\"https:\/\/i0.wp.com\/eltrabajo.cl\/portal\/wp-content\/uploads\/2015\/11\/FOTO-2-Ministra-del-Deporte-Natalia-Riffo-2-1.jpg?fit=530%2C348&#038;ssl=1\" src=\"https:\/\/i0.wp.com\/eltrabajo.cl\/portal\/wp-content\/uploads\/2015\/11\/FOTO-2-Ministra-del-Deporte-Natalia-Riffo-2-1.jpg?w=424&#038;h=278&#038;ssl=1\" srcset=\"https:\/\/i0.wp.com\/eltrabajo.cl\/portal\/wp-content\/uploads\/2015\/11\/FOTO-2-Ministra-del-Deporte-Natalia-Riffo-2-1.jpg?w=530&amp;ssl=1 530w, https:\/\/i0.wp.com\/eltrabajo.cl\/portal\/wp-content\/uploads\/2015\/11\/FOTO-2-Ministra-del-Deporte-Natalia-Riffo-2-1.jpg?resize=200%2C131&amp;ssl=1 200w, https:\/\/i0.wp.com\/eltrabajo.cl\/portal\/wp-content\/uploads\/2015\/11\/FOTO-2-Ministra-del-Deporte-Natalia-Riffo-2-1.jpg?resize=300%2C197&amp;ssl=1 300w, https:\/\/i0.wp.com\/eltrabajo.cl\/portal\/wp-content\/uploads\/2015\/11\/FOTO-2-Ministra-del-Deporte-Natalia-Riffo-2-1.jpg?resize=228%2C150&amp;ssl=1 228w, https:\/\/i0.wp.com\/eltrabajo.cl\/portal\/wp-content\/uploads\/2015\/11\/FOTO-2-Ministra-del-Deporte-Natalia-Riffo-2-1.jpg?resize=400%2C263&amp;ssl=1 400w\" width=\"424\" height=\"278\" loading=\"lazy\" data-original-width=\"424\" data-original-height=\"278\" itemprop=\"http:\/\/schema.org\/image\" title=\"FOTO 2 Ministra del Deporte Natalia Riffo (2) (1)\" alt=\"Ministra del Deporte Natalia Riffo\" style=\"width: 424px; height: 278px;\" \/> <\/a> <div class=\"tiled-gallery-caption\" itemprop=\"caption description\"> Ministra del Deporte Natalia Riffo <\/div> <\/div> <\/div> <!-- close group --> <div class=\"gallery-group images-2\" style=\"width: 212px; height: 282px;\" data-original-width=\"212\" data-original-height=\"282\" > <div class=\"tiled-gallery-item tiled-gallery-item-small\" itemprop=\"associatedMedia\" itemscope itemtype=\"http:\/\/schema.org\/ImageObject\"> <a href=\"https:\/\/eltrabajo.cl\/portal\/nuevo-estadio-de-san-felipe-tendra-un-costo-de-8-mil-millones-y-comenzara-a-construirse-el-2016\/foto-3-jorge-jara-catalan-alcalde-s-de-san-felipe\/\" border=\"0\" itemprop=\"url\"> <meta itemprop=\"width\" content=\"208\"> <meta itemprop=\"height\" content=\"137\"> <img decoding=\"async\" class=\"\" data-attachment-id=\"64342\" data-orig-file=\"https:\/\/eltrabajo.cl\/portal\/wp-content\/uploads\/2015\/11\/FOTO-3-Jorge-Jara-Catalan-alcalde-s-de-San-Felipe.jpg\" data-orig-size=\"530,348\" data-comments-opened=\"1\" data-image-meta=\"{&quot;aperture&quot;:&quot;0&quot;,&quot;credit&quot;:&quot;&quot;,&quot;camera&quot;:&quot;&quot;,&quot;caption&quot;:&quot;&quot;,&quot;created_timestamp&quot;:&quot;0&quot;,&quot;copyright&quot;:&quot;Copyright 2012&quot;,&quot;focal_length&quot;:&quot;0&quot;,&quot;iso&quot;:&quot;0&quot;,&quot;shutter_speed&quot;:&quot;0&quot;,&quot;title&quot;:&quot;&quot;,&quot;orientation&quot;:&quot;0&quot;}\" data-image-title=\"FOTO 3 Jorge Jara Catalan alcalde (s) de San Felipe\" data-image-description=\"&lt;p&gt;Jorge Jara Catal\u00e1n, Alcalde (s) de San Felipe&lt;\/p&gt; \" data-medium-file=\"https:\/\/i0.wp.com\/eltrabajo.cl\/portal\/wp-content\/uploads\/2015\/11\/FOTO-3-Jorge-Jara-Catalan-alcalde-s-de-San-Felipe.jpg?fit=300%2C197&#038;ssl=1\" data-large-file=\"https:\/\/i0.wp.com\/eltrabajo.cl\/portal\/wp-content\/uploads\/2015\/11\/FOTO-3-Jorge-Jara-Catalan-alcalde-s-de-San-Felipe.jpg?fit=530%2C348&#038;ssl=1\" src=\"https:\/\/i0.wp.com\/eltrabajo.cl\/portal\/wp-content\/uploads\/2015\/11\/FOTO-3-Jorge-Jara-Catalan-alcalde-s-de-San-Felipe.jpg?w=208&#038;h=137&#038;ssl=1\" srcset=\"https:\/\/i0.wp.com\/eltrabajo.cl\/portal\/wp-content\/uploads\/2015\/11\/FOTO-3-Jorge-Jara-Catalan-alcalde-s-de-San-Felipe.jpg?w=530&amp;ssl=1 530w, https:\/\/i0.wp.com\/eltrabajo.cl\/portal\/wp-content\/uploads\/2015\/11\/FOTO-3-Jorge-Jara-Catalan-alcalde-s-de-San-Felipe.jpg?resize=200%2C131&amp;ssl=1 200w, https:\/\/i0.wp.com\/eltrabajo.cl\/portal\/wp-content\/uploads\/2015\/11\/FOTO-3-Jorge-Jara-Catalan-alcalde-s-de-San-Felipe.jpg?resize=300%2C197&amp;ssl=1 300w, https:\/\/i0.wp.com\/eltrabajo.cl\/portal\/wp-content\/uploads\/2015\/11\/FOTO-3-Jorge-Jara-Catalan-alcalde-s-de-San-Felipe.jpg?resize=228%2C150&amp;ssl=1 228w, https:\/\/i0.wp.com\/eltrabajo.cl\/portal\/wp-content\/uploads\/2015\/11\/FOTO-3-Jorge-Jara-Catalan-alcalde-s-de-San-Felipe.jpg?resize=400%2C263&amp;ssl=1 400w\" width=\"208\" height=\"137\" loading=\"lazy\" data-original-width=\"208\" data-original-height=\"137\" itemprop=\"http:\/\/schema.org\/image\" title=\"FOTO 3 Jorge Jara Catalan alcalde (s) de San Felipe\" alt=\"Jorge Jara Catal\u00e1n, Alcalde (s) de San Felipe\" style=\"width: 208px; height: 137px;\" \/> <\/a> <div class=\"tiled-gallery-caption\" itemprop=\"caption description\"> Jorge Jara Catal\u00e1n, Alcalde (s) de San Felipe <\/div> <\/div> <div class=\"tiled-gallery-item tiled-gallery-item-small\" itemprop=\"associatedMedia\" itemscope itemtype=\"http:\/\/schema.org\/ImageObject\"> <a href=\"https:\/\/eltrabajo.cl\/portal\/nuevo-estadio-de-san-felipe-tendra-un-costo-de-8-mil-millones-y-comenzara-a-construirse-el-2016\/foto-7-concejal-dante-rodriguez\/\" border=\"0\" itemprop=\"url\"> <meta itemprop=\"width\" content=\"208\"> <meta itemprop=\"height\" content=\"137\"> <img decoding=\"async\" class=\"\" data-attachment-id=\"64343\" data-orig-file=\"https:\/\/eltrabajo.cl\/portal\/wp-content\/uploads\/2015\/11\/FOTO-7-Concejal-Dante-Rodriguez.jpg\" data-orig-size=\"530,349\" data-comments-opened=\"1\" data-image-meta=\"{&quot;aperture&quot;:&quot;0&quot;,&quot;credit&quot;:&quot;&quot;,&quot;camera&quot;:&quot;&quot;,&quot;caption&quot;:&quot;&quot;,&quot;created_timestamp&quot;:&quot;0&quot;,&quot;copyright&quot;:&quot;Copyright 2012&quot;,&quot;focal_length&quot;:&quot;0&quot;,&quot;iso&quot;:&quot;0&quot;,&quot;shutter_speed&quot;:&quot;0&quot;,&quot;title&quot;:&quot;&quot;,&quot;orientation&quot;:&quot;0&quot;}\" data-image-title=\"FOTO 7 Concejal Dante Rodriguez\" data-image-description=\"&lt;p&gt;Concejal de San Felipe, profesor Dante Rodr\u00edguez.&lt;\/p&gt; \" data-medium-file=\"https:\/\/i0.wp.com\/eltrabajo.cl\/portal\/wp-content\/uploads\/2015\/11\/FOTO-7-Concejal-Dante-Rodriguez.jpg?fit=300%2C198&#038;ssl=1\" data-large-file=\"https:\/\/i0.wp.com\/eltrabajo.cl\/portal\/wp-content\/uploads\/2015\/11\/FOTO-7-Concejal-Dante-Rodriguez.jpg?fit=530%2C349&#038;ssl=1\" src=\"https:\/\/i0.wp.com\/eltrabajo.cl\/portal\/wp-content\/uploads\/2015\/11\/FOTO-7-Concejal-Dante-Rodriguez.jpg?w=208&#038;h=137&#038;ssl=1\" srcset=\"https:\/\/i0.wp.com\/eltrabajo.cl\/portal\/wp-content\/uploads\/2015\/11\/FOTO-7-Concejal-Dante-Rodriguez.jpg?w=530&amp;ssl=1 530w, https:\/\/i0.wp.com\/eltrabajo.cl\/portal\/wp-content\/uploads\/2015\/11\/FOTO-7-Concejal-Dante-Rodriguez.jpg?resize=200%2C132&amp;ssl=1 200w, https:\/\/i0.wp.com\/eltrabajo.cl\/portal\/wp-content\/uploads\/2015\/11\/FOTO-7-Concejal-Dante-Rodriguez.jpg?resize=300%2C198&amp;ssl=1 300w, https:\/\/i0.wp.com\/eltrabajo.cl\/portal\/wp-content\/uploads\/2015\/11\/FOTO-7-Concejal-Dante-Rodriguez.jpg?resize=228%2C150&amp;ssl=1 228w, https:\/\/i0.wp.com\/eltrabajo.cl\/portal\/wp-content\/uploads\/2015\/11\/FOTO-7-Concejal-Dante-Rodriguez.jpg?resize=400%2C263&amp;ssl=1 400w\" width=\"208\" height=\"137\" loading=\"lazy\" data-original-width=\"208\" data-original-height=\"137\" itemprop=\"http:\/\/schema.org\/image\" title=\"FOTO 7 Concejal Dante Rodriguez\" alt=\"Concejal de San Felipe, profesor Dante Rodr\u00edguez.\" style=\"width: 208px; height: 137px;\" \/> <\/a> <div class=\"tiled-gallery-caption\" itemprop=\"caption description\"> Concejal de San Felipe, profesor Dante Rodr\u00edguez. <\/div> <\/div> <\/div> <!-- close group --> <\/div> <!-- close row --> <div class=\"gallery-row\" style=\"width: 640px; height: 422px;\" data-original-width=\"640\" data-original-height=\"422\" > <div class=\"gallery-group images-1\" style=\"width: 640px; height: 422px;\" data-original-width=\"640\" data-original-height=\"422\" > <div class=\"tiled-gallery-item tiled-gallery-item-large\" itemprop=\"associatedMedia\" itemscope itemtype=\"http:\/\/schema.org\/ImageObject\"> <a href=\"https:\/\/eltrabajo.cl\/portal\/nuevo-estadio-de-san-felipe-tendra-un-costo-de-8-mil-millones-y-comenzara-a-construirse-el-2016\/ministra-riffo\/\" border=\"0\" itemprop=\"url\"> <meta itemprop=\"width\" content=\"636\"> <meta itemprop=\"height\" content=\"418\"> <img decoding=\"async\" class=\"\" data-attachment-id=\"64344\" data-orig-file=\"https:\/\/eltrabajo.cl\/portal\/wp-content\/uploads\/2015\/11\/ministra-riffo.jpg\" data-orig-size=\"530,348\" data-comments-opened=\"1\" data-image-meta=\"{&quot;aperture&quot;:&quot;0&quot;,&quot;credit&quot;:&quot;&quot;,&quot;camera&quot;:&quot;&quot;,&quot;caption&quot;:&quot;&quot;,&quot;created_timestamp&quot;:&quot;0&quot;,&quot;copyright&quot;:&quot;Copyright 2012&quot;,&quot;focal_length&quot;:&quot;0&quot;,&quot;iso&quot;:&quot;0&quot;,&quot;shutter_speed&quot;:&quot;0&quot;,&quot;title&quot;:&quot;&quot;,&quot;orientation&quot;:&quot;0&quot;}\" data-image-title=\"ministra riffo\" data-image-description=\"&lt;p&gt;La Ministra Riffo recorri\u00f3 la actual cancha del Estadio Fiscal y se dio el tiempo de patear un penal en el arco poniente del recinto.&lt;\/p&gt; \" data-medium-file=\"https:\/\/i0.wp.com\/eltrabajo.cl\/portal\/wp-content\/uploads\/2015\/11\/ministra-riffo.jpg?fit=300%2C197&#038;ssl=1\" data-large-file=\"https:\/\/i0.wp.com\/eltrabajo.cl\/portal\/wp-content\/uploads\/2015\/11\/ministra-riffo.jpg?fit=530%2C348&#038;ssl=1\" src=\"https:\/\/i0.wp.com\/eltrabajo.cl\/portal\/wp-content\/uploads\/2015\/11\/ministra-riffo.jpg?w=636&#038;h=418&#038;ssl=1\" srcset=\"https:\/\/i0.wp.com\/eltrabajo.cl\/portal\/wp-content\/uploads\/2015\/11\/ministra-riffo.jpg?w=530&amp;ssl=1 530w, https:\/\/i0.wp.com\/eltrabajo.cl\/portal\/wp-content\/uploads\/2015\/11\/ministra-riffo.jpg?resize=200%2C131&amp;ssl=1 200w, https:\/\/i0.wp.com\/eltrabajo.cl\/portal\/wp-content\/uploads\/2015\/11\/ministra-riffo.jpg?resize=300%2C197&amp;ssl=1 300w, https:\/\/i0.wp.com\/eltrabajo.cl\/portal\/wp-content\/uploads\/2015\/11\/ministra-riffo.jpg?resize=228%2C150&amp;ssl=1 228w, https:\/\/i0.wp.com\/eltrabajo.cl\/portal\/wp-content\/uploads\/2015\/11\/ministra-riffo.jpg?resize=400%2C263&amp;ssl=1 400w\" width=\"636\" height=\"418\" loading=\"lazy\" data-original-width=\"636\" data-original-height=\"418\" itemprop=\"http:\/\/schema.org\/image\" title=\"ministra riffo\" alt=\"La Ministra Riffo recorri\u00f3 la actual cancha del Estadio Fiscal y se dio el tiempo de patear un penal en el arco poniente del recinto.\" style=\"width: 636px; height: 418px;\" \/> <\/a> <div class=\"tiled-gallery-caption\" itemprop=\"caption description\"> La Ministra Riffo recorri\u00f3 la actual cancha del Estadio Fiscal y se dio el tiempo de patear un penal en el arco poniente del recinto. <\/div> <\/div> <\/div> <!-- close group --> <\/div> <!-- close row --> <\/div>\n","protected":false},"excerpt":{"rendered":"<p>La empresa Urbania S.A. se adjudic\u00f3 la licitaci\u00f3n para el dise\u00f1o del recinto deportivo, el cual tendr\u00e1 que estar listo en junio del pr\u00f3ximo a\u00f1o y a partir de eso se comenzar\u00eda&#8230;<\/p>\n","protected":false},"author":482,"featured_media":64340,"comment_status":"open","ping_status":"open","sticky":false,"template":"","format":"standard","meta":{"advanced_seo_description":"","jetpack_seo_html_title":"","jetpack_seo_noindex":false,"_jetpack_memberships_contains_paid_content":false,"footnotes":""},"categories":[15],"tags":[],"class_list":["post-64339","post","type-post","status-publish","format-standard","has-post-thumbnail","hentry","category-comunidad"],"jetpack_featured_media_url":"https:\/\/i0.wp.com\/eltrabajo.cl\/portal\/wp-content\/uploads\/2015\/11\/FOTO-4-La-Ministra-Riffo-ingresa-al-Estadio-Fisca.jpg?fit=530%2C350&ssl=1","jetpack_sharing_enabled":true,"jetpack_likes_enabled":true,"jetpack-related-posts":[],"_links":{"self":[{"href":"https:\/\/eltrabajo.cl\/portal\/wp-json\/wp\/v2\/posts\/64339","targetHints":{"allow":["GET"]}}],"collection":[{"href":"https:\/\/eltrabajo.cl\/portal\/wp-json\/wp\/v2\/posts"}],"about":[{"href":"https:\/\/eltrabajo.cl\/portal\/wp-json\/wp\/v2\/types\/post"}],"author":[{"embeddable":true,"href":"https:\/\/eltrabajo.cl\/portal\/wp-json\/wp\/v2\/users\/482"}],"replies":[{"embeddable":true,"href":"https:\/\/eltrabajo.cl\/portal\/wp-json\/wp\/v2\/comments?post=64339"}],"version-history":[{"count":0,"href":"https:\/\/eltrabajo.cl\/portal\/wp-json\/wp\/v2\/posts\/64339\/revisions"}],"wp:featuredmedia":[{"embeddable":true,"href":"https:\/\/eltrabajo.cl\/portal\/wp-json\/wp\/v2\/media\/64340"}],"wp:attachment":[{"href":"https:\/\/eltrabajo.cl\/portal\/wp-json\/wp\/v2\/media?parent=64339"}],"wp:term":[{"taxonomy":"category","embeddable":true,"href":"https:\/\/eltrabajo.cl\/portal\/wp-json\/wp\/v2\/categories?post=64339"},{"taxonomy":"post_tag","embeddable":true,"href":"https:\/\/eltrabajo.cl\/portal\/wp-json\/wp\/v2\/tags?post=64339"}],"curies":[{"name":"wp","href":"https:\/\/api.w.org\/{rel}","templated":true}]}}