{"id":64348,"date":"2015-12-01T14:05:31","date_gmt":"2015-12-01T17:05:31","guid":{"rendered":"http:\/\/www.eltrabajo.cl\/portal\/?p=64348"},"modified":"2015-12-01T14:05:31","modified_gmt":"2015-12-01T17:05:31","slug":"aconcagua-runners-saca-la-cara-por-san-felipe-en-una-corrida-en-la-calera","status":"publish","type":"post","link":"https:\/\/eltrabajo.cl\/portal\/aconcagua-runners-saca-la-cara-por-san-felipe-en-una-corrida-en-la-calera\/","title":{"rendered":"Aconcagua Runners saca la cara por San Felipe en una corrida en La Calera"},"content":{"rendered":"<figure id=\"attachment_64349\" aria-describedby=\"caption-attachment-64349\" style=\"width: 300px\" class=\"wp-caption alignleft\"><a href=\"https:\/\/i0.wp.com\/www.eltrabajo.cl\/portal\/wp-content\/uploads\/2015\/12\/aconcagua-runners-en-la-calera.jpg\"><img data-recalc-dims=\"1\" loading=\"lazy\" decoding=\"async\" class=\"wp-image-64349 size-medium\" src=\"https:\/\/i0.wp.com\/www.eltrabajo.cl\/portal\/wp-content\/uploads\/2015\/12\/aconcagua-runners-en-la-calera-300x198.jpg?resize=300%2C198\" alt=\"Aconcagua Runners fue uno de los puntos altos de la corrida celebrada en La Calera.\" width=\"300\" height=\"198\" srcset=\"https:\/\/i0.wp.com\/eltrabajo.cl\/portal\/wp-content\/uploads\/2015\/12\/aconcagua-runners-en-la-calera.jpg?resize=300%2C198&amp;ssl=1 300w, https:\/\/i0.wp.com\/eltrabajo.cl\/portal\/wp-content\/uploads\/2015\/12\/aconcagua-runners-en-la-calera.jpg?resize=200%2C132&amp;ssl=1 200w, https:\/\/i0.wp.com\/eltrabajo.cl\/portal\/wp-content\/uploads\/2015\/12\/aconcagua-runners-en-la-calera.jpg?resize=228%2C150&amp;ssl=1 228w, https:\/\/i0.wp.com\/eltrabajo.cl\/portal\/wp-content\/uploads\/2015\/12\/aconcagua-runners-en-la-calera.jpg?resize=400%2C263&amp;ssl=1 400w, https:\/\/i0.wp.com\/eltrabajo.cl\/portal\/wp-content\/uploads\/2015\/12\/aconcagua-runners-en-la-calera.jpg?w=530&amp;ssl=1 530w\" sizes=\"auto, (max-width: 300px) 100vw, 300px\" \/><\/a><figcaption id=\"caption-attachment-64349\" class=\"wp-caption-text\">Aconcagua Runners fue uno de los puntos altos de la corrida celebrada en La Calera.<\/figcaption><\/figure>\n<p>La ma\u00f1ana del domingo reci\u00e9n pasado, muy temprano, casi de madrugada, una delegaci\u00f3n del club Aconcagua Runners emprendi\u00f3 rumbo hasta la ciudad de La Calera para ser parte de la corrida V\u00edctor Estay, uno de los eventos atl\u00e9ticos m\u00e1s importantes del calendario del running de la quinta regi\u00f3n.<br \/>\nEn el evento atl\u00e9tico, que en la pr\u00e1ctica fue una media marat\u00f3n, los sanfelipe\u00f1os no pasaron desapercibidos, ya que a lo deportivo, suman una indumentaria que permite uniformarlos y distinguirlos del resto de los competidores.<br \/>\nLa \u2018Ciudad del Cemento\u2019 fue tierra f\u00e9rtil para los sanfelipe\u00f1os que cosecharon 14 preseas, cosa que los dej\u00f3 m\u00e1s que conformes y que les hizo merecedores de las felicitaciones de los organizadores de la carrera, quienes les informaron que desde ahora y en adelante, Aconcagua Runners ser\u00e1 invitado especial a cada corrida o marat\u00f3n que tenga lugar en La Calera.<br \/>\nLas actuaciones relevantes de la delegaci\u00f3n sanfelipe\u00f1a corrieron por cuenta de: Francisca Z\u00fa\u00f1iga, Carmen Gloria Rusque, Anabella Torres, Cinthya Olivares, Nicol\u00e1s Tapia, Francisca Z\u00fa\u00f1iga, Martin Pavez, Luis Miranda, Marcos Jorquera, Haroldo Cabello, Pedro Montanares, Boris Z\u00fa\u00f1iga, Sebasti\u00e1n Jorquera y V\u00edctor Ahumada, runners que con sus buenas presentaciones individuales dejaron muy alto a San Felipe y al club Aconcagua Runners, la instituci\u00f3n revelaci\u00f3n del deporte sanfelipe\u00f1o durante el segundo semestre del este a\u00f1o.<\/p>\n","protected":false},"excerpt":{"rendered":"<p>La ma\u00f1ana del domingo reci\u00e9n pasado, muy temprano, casi de madrugada, una delegaci\u00f3n del club Aconcagua Runners emprendi\u00f3 rumbo hasta la ciudad de La Calera para ser parte de la corrida V\u00edctor&#8230;<\/p>\n","protected":false},"author":482,"featured_media":64349,"comment_status":"open","ping_status":"open","sticky":false,"template":"","format":"standard","meta":{"advanced_seo_description":"","jetpack_seo_html_title":"","jetpack_seo_noindex":false,"_jetpack_memberships_contains_paid_content":false,"footnotes":""},"categories":[19],"tags":[],"class_list":["post-64348","post","type-post","status-publish","format-standard","has-post-thumbnail","hentry","category-deportes"],"jetpack_featured_media_url":"https:\/\/i0.wp.com\/eltrabajo.cl\/portal\/wp-content\/uploads\/2015\/12\/aconcagua-runners-en-la-calera.jpg?fit=530%2C349&ssl=1","jetpack_sharing_enabled":true,"jetpack_likes_enabled":true,"jetpack-related-posts":[],"_links":{"self":[{"href":"https:\/\/eltrabajo.cl\/portal\/wp-json\/wp\/v2\/posts\/64348","targetHints":{"allow":["GET"]}}],"collection":[{"href":"https:\/\/eltrabajo.cl\/portal\/wp-json\/wp\/v2\/posts"}],"about":[{"href":"https:\/\/eltrabajo.cl\/portal\/wp-json\/wp\/v2\/types\/post"}],"author":[{"embeddable":true,"href":"https:\/\/eltrabajo.cl\/portal\/wp-json\/wp\/v2\/users\/482"}],"replies":[{"embeddable":true,"href":"https:\/\/eltrabajo.cl\/portal\/wp-json\/wp\/v2\/comments?post=64348"}],"version-history":[{"count":0,"href":"https:\/\/eltrabajo.cl\/portal\/wp-json\/wp\/v2\/posts\/64348\/revisions"}],"wp:featuredmedia":[{"embeddable":true,"href":"https:\/\/eltrabajo.cl\/portal\/wp-json\/wp\/v2\/media\/64349"}],"wp:attachment":[{"href":"https:\/\/eltrabajo.cl\/portal\/wp-json\/wp\/v2\/media?parent=64348"}],"wp:term":[{"taxonomy":"category","embeddable":true,"href":"https:\/\/eltrabajo.cl\/portal\/wp-json\/wp\/v2\/categories?post=64348"},{"taxonomy":"post_tag","embeddable":true,"href":"https:\/\/eltrabajo.cl\/portal\/wp-json\/wp\/v2\/tags?post=64348"}],"curies":[{"name":"wp","href":"https:\/\/api.w.org\/{rel}","templated":true}]}}