{"id":6435,"date":"2011-11-21T09:06:53","date_gmt":"2011-11-21T13:06:53","guid":{"rendered":"http:\/\/www.eltrabajo.cl\/portal\/?p=6435"},"modified":"2011-11-21T09:06:53","modified_gmt":"2011-11-21T13:06:53","slug":"%e2%80%9cpor-la-puerta-grande%e2%80%9d-43-jovenes-salieron-a-triunfar-a-la-vida","status":"publish","type":"post","link":"https:\/\/eltrabajo.cl\/portal\/%e2%80%9cpor-la-puerta-grande%e2%80%9d-43-jovenes-salieron-a-triunfar-a-la-vida\/","title":{"rendered":"\u201cPor la puerta grande\u201d 43 j\u00f3venes salieron a triunfar a la vida"},"content":{"rendered":"<p>&nbsp;<\/p>\n<figure id=\"attachment_6436\" aria-describedby=\"caption-attachment-6436\" style=\"width: 600px\" class=\"wp-caption alignnone\"><a href=\"http:\/\/www.eltrabajo.cl\/portal\/archives\/6435\/titulos1\" rel=\"attachment wp-att-6436\"><img data-recalc-dims=\"1\" loading=\"lazy\" decoding=\"async\" class=\"size-full wp-image-6436\" title=\"Titulos1\" src=\"https:\/\/i0.wp.com\/www.eltrabajo.cl\/portal\/wp-content\/uploads\/2011\/11\/Titulos1.jpg?resize=600%2C320\" alt=\"\" width=\"600\" height=\"320\" srcset=\"https:\/\/i0.wp.com\/eltrabajo.cl\/portal\/wp-content\/uploads\/2011\/11\/Titulos1.jpg?w=600&amp;ssl=1 600w, https:\/\/i0.wp.com\/eltrabajo.cl\/portal\/wp-content\/uploads\/2011\/11\/Titulos1.jpg?resize=200%2C106&amp;ssl=1 200w, https:\/\/i0.wp.com\/eltrabajo.cl\/portal\/wp-content\/uploads\/2011\/11\/Titulos1.jpg?resize=300%2C160&amp;ssl=1 300w, https:\/\/i0.wp.com\/eltrabajo.cl\/portal\/wp-content\/uploads\/2011\/11\/Titulos1.jpg?resize=150%2C80&amp;ssl=1 150w, https:\/\/i0.wp.com\/eltrabajo.cl\/portal\/wp-content\/uploads\/2011\/11\/Titulos1.jpg?resize=400%2C213&amp;ssl=1 400w\" sizes=\"auto, (max-width: 600px) 100vw, 600px\" \/><\/a><figcaption id=\"caption-attachment-6436\" class=\"wp-caption-text\">Despu\u00e9s de cuatro largos a\u00f1os en las aulas, miles de horas en el campo y mucho estudio, esta nueva generaci\u00f3n est\u00e1 preparada para triunfar y llegar lejos. Ellos mostraron orgullosos sus licencias a DIARIO EL TRABAJO.<\/figcaption><\/figure>\n<p>Roberto Gonz\u00e1lez Short &#8211; rgonzalez@eltrabajo.cl<\/p>\n<p>Por la Puerta grande. Por ella salieron el pasado fin de semana 43 estudiantes del 4\u00ba Medio de la Escuela Agr\u00edcola, cuando recibieron sus licenciaturas. Las certificaciones llegan a sus manos despu\u00e9s de cuatro a\u00f1os de trabajar y estudiar con la mirada fija en los sue\u00f1os familiares e individuales que los llevaron a matricularse en esta entidad educativa en 2007.<\/p>\n<p>Luego de que el alumno saliente, V\u00edctor Moreno, se despidiera de todos en nombre de sus compa\u00f1eros, el Profesor Acompa\u00f1ante, Agust\u00edn Y\u00e1\u00f1ez, hizo entrega a sus 19 graduandos el codiciado diploma. Por su parte la Profesora Acompa\u00f1ante Ana Luz R\u00edos Miranda, certific\u00f3 a sus 24 pupilos ante una plazoleta llena de familiares y autoridades educativas de Aconcagua.<\/p>\n<p><strong>PREMIACIONES ESPECIALES<\/strong><\/p>\n<p>En este solemne acto colmado de cantos folkl\u00f3ricos y buena cueca, la Escuela Agr\u00edcola premi\u00f3 tambi\u00e9n algunos elementos evaluativos de la conducta y logros de alumnos que por su excelencia y rendimiento merecieron los reconocimientos y becas para estudiar en el extranjero.<\/p>\n<p>Premio \u201cEscuela Agr\u00edcola San Felipe\u201d: V\u00edctor Moreno T.<\/p>\n<p>Premio \u201cConsejo Regional Empresarial\u201d: Daniela Urbina<\/p>\n<p>Premio \u201cOscar Mar\u00edn Aracena\u201d: Ignacio Cabrera V.<\/p>\n<p>Premio \u201cCentro de Ex-Alumnos\u201d: Paula Lazo Antiguay.<\/p>\n<p><strong>BECAS DE JORGE ZEGERS &amp; CIA. DECOFRUIT<\/strong><\/p>\n<p>Daniela Quiroga Silva, Francisco Reyes L\u00f3pez, Ayron Arnaiz Ormaz\u00e1bal, Jos\u00e9 Quiroz Garc\u00eda y Roberto S\u00e1nchez Mart\u00ednez. El premio m\u00e1ximo al m\u00e9rito: \u201cEsp\u00edritu Codesser\u201d fue otorgado a Jacqueline Macarena Carrasco, quien demostr\u00f3 un tenaz inter\u00e9s por superarse a si misma en cada actividad que realiz\u00f3 como estudiante y persona.<\/p>\n","protected":false},"excerpt":{"rendered":"<p>&nbsp; Roberto Gonz\u00e1lez Short &#8211; rgonzalez@eltrabajo.cl Por la Puerta grande. Por ella salieron el pasado fin de semana 43 estudiantes del 4\u00ba Medio de la Escuela Agr\u00edcola, cuando recibieron sus licenciaturas. Las&#8230;<\/p>\n","protected":false},"author":482,"featured_media":6436,"comment_status":"open","ping_status":"open","sticky":false,"template":"","format":"standard","meta":{"advanced_seo_description":"","jetpack_seo_html_title":"","jetpack_seo_noindex":false,"_jetpack_memberships_contains_paid_content":false,"footnotes":""},"categories":[15],"tags":[],"class_list":["post-6435","post","type-post","status-publish","format-standard","has-post-thumbnail","hentry","category-comunidad"],"jetpack_featured_media_url":"https:\/\/i0.wp.com\/eltrabajo.cl\/portal\/wp-content\/uploads\/2011\/11\/Titulos1.jpg?fit=600%2C320&ssl=1","jetpack_sharing_enabled":true,"jetpack_likes_enabled":true,"jetpack-related-posts":[],"_links":{"self":[{"href":"https:\/\/eltrabajo.cl\/portal\/wp-json\/wp\/v2\/posts\/6435","targetHints":{"allow":["GET"]}}],"collection":[{"href":"https:\/\/eltrabajo.cl\/portal\/wp-json\/wp\/v2\/posts"}],"about":[{"href":"https:\/\/eltrabajo.cl\/portal\/wp-json\/wp\/v2\/types\/post"}],"author":[{"embeddable":true,"href":"https:\/\/eltrabajo.cl\/portal\/wp-json\/wp\/v2\/users\/482"}],"replies":[{"embeddable":true,"href":"https:\/\/eltrabajo.cl\/portal\/wp-json\/wp\/v2\/comments?post=6435"}],"version-history":[{"count":0,"href":"https:\/\/eltrabajo.cl\/portal\/wp-json\/wp\/v2\/posts\/6435\/revisions"}],"wp:featuredmedia":[{"embeddable":true,"href":"https:\/\/eltrabajo.cl\/portal\/wp-json\/wp\/v2\/media\/6436"}],"wp:attachment":[{"href":"https:\/\/eltrabajo.cl\/portal\/wp-json\/wp\/v2\/media?parent=6435"}],"wp:term":[{"taxonomy":"category","embeddable":true,"href":"https:\/\/eltrabajo.cl\/portal\/wp-json\/wp\/v2\/categories?post=6435"},{"taxonomy":"post_tag","embeddable":true,"href":"https:\/\/eltrabajo.cl\/portal\/wp-json\/wp\/v2\/tags?post=6435"}],"curies":[{"name":"wp","href":"https:\/\/api.w.org\/{rel}","templated":true}]}}