{"id":64351,"date":"2015-12-01T14:07:25","date_gmt":"2015-12-01T17:07:25","guid":{"rendered":"http:\/\/www.eltrabajo.cl\/portal\/?p=64351"},"modified":"2015-12-01T14:07:25","modified_gmt":"2015-12-01T17:07:25","slug":"certifican-a-participantes-de-curso-de-guardias-de-seguridad","status":"publish","type":"post","link":"https:\/\/eltrabajo.cl\/portal\/certifican-a-participantes-de-curso-de-guardias-de-seguridad\/","title":{"rendered":"Certifican a participantes de curso de Guardias de Seguridad"},"content":{"rendered":"<figure id=\"attachment_64352\" aria-describedby=\"caption-attachment-64352\" style=\"width: 300px\" class=\"wp-caption alignleft\"><a href=\"https:\/\/i0.wp.com\/www.eltrabajo.cl\/portal\/wp-content\/uploads\/2015\/12\/CERTIFICACION-GUARDIAS-DE-SEGURIDAD-OMIL.jpg\"><img data-recalc-dims=\"1\" loading=\"lazy\" decoding=\"async\" class=\"wp-image-64352 size-medium\" src=\"https:\/\/i0.wp.com\/www.eltrabajo.cl\/portal\/wp-content\/uploads\/2015\/12\/CERTIFICACION-GUARDIAS-DE-SEGURIDAD-OMIL-300x197.jpg?resize=300%2C197\" alt=\"19 hombres y mujeres fueron certificados por la realizaci\u00f3n del curso de Guardia de Seguridad, realizado por la Omil.\" width=\"300\" height=\"197\" srcset=\"https:\/\/i0.wp.com\/eltrabajo.cl\/portal\/wp-content\/uploads\/2015\/12\/CERTIFICACION-GUARDIAS-DE-SEGURIDAD-OMIL.jpg?resize=300%2C197&amp;ssl=1 300w, https:\/\/i0.wp.com\/eltrabajo.cl\/portal\/wp-content\/uploads\/2015\/12\/CERTIFICACION-GUARDIAS-DE-SEGURIDAD-OMIL.jpg?resize=200%2C131&amp;ssl=1 200w, https:\/\/i0.wp.com\/eltrabajo.cl\/portal\/wp-content\/uploads\/2015\/12\/CERTIFICACION-GUARDIAS-DE-SEGURIDAD-OMIL.jpg?resize=228%2C150&amp;ssl=1 228w, https:\/\/i0.wp.com\/eltrabajo.cl\/portal\/wp-content\/uploads\/2015\/12\/CERTIFICACION-GUARDIAS-DE-SEGURIDAD-OMIL.jpg?resize=400%2C263&amp;ssl=1 400w, https:\/\/i0.wp.com\/eltrabajo.cl\/portal\/wp-content\/uploads\/2015\/12\/CERTIFICACION-GUARDIAS-DE-SEGURIDAD-OMIL.jpg?w=530&amp;ssl=1 530w\" sizes=\"auto, (max-width: 300px) 100vw, 300px\" \/><\/a><figcaption id=\"caption-attachment-64352\" class=\"wp-caption-text\">19 hombres y mujeres fueron certificados por la realizaci\u00f3n del curso de Guardia de Seguridad, realizado por la Omil.<\/figcaption><\/figure>\n<p><strong>LLAY LLAY.<\/strong>&#8211; Por intermedio de la Oficina de Intermediaci\u00f3n Laboral (Omil) del municipio llaylla\u00edno, que dirige Margarita C\u00e1rcamo, un total de 19 hombres y mujeres obtuvieron su certificado de Guardias de Seguridad.<br \/>\nEl curso tuvo una duraci\u00f3n de 90 horas y fue dictado por la empresa SGS (Servicios Gesti\u00f3n y Capacitaci\u00f3n) Ltda. financiado por el Sence a trav\u00e9s de Becas Laborales.<br \/>\nLa actividad fue realizada, la tarde del pasado jueves 29 de noviembre, en la sede social de villa El Ed\u00e9n. Compartieron junto a los nuevos Guardias de Seguridad y sus familias, el Coordinador de Sence, Julio Bravo; la jefa de la Omil Llay Llay, Margarita C\u00e1rcamo, la gestora territorial y la sic\u00f3loga laboral de Omil, Maryorie Beltr\u00e1n y Celeste Aguilar, respectivamente.<br \/>\nJoanna Orellana, es una de las integrantes del grupo capacitado, quien expres\u00f3 estar muy contenta por la oportunidad entregada por la Omil \u201cya que tendr\u00e1 mayores oportunidades de trabajo\u201d.<br \/>\n<strong>Marianela Quevedo<\/strong><\/p>\n","protected":false},"excerpt":{"rendered":"<p>LLAY LLAY.&#8211; Por intermedio de la Oficina de Intermediaci\u00f3n Laboral (Omil) del municipio llaylla\u00edno, que dirige Margarita C\u00e1rcamo, un total de 19 hombres y mujeres obtuvieron su certificado de Guardias de Seguridad&#8230;.<\/p>\n","protected":false},"author":482,"featured_media":64352,"comment_status":"open","ping_status":"open","sticky":false,"template":"","format":"standard","meta":{"advanced_seo_description":"","jetpack_seo_html_title":"","jetpack_seo_noindex":false,"_jetpack_memberships_contains_paid_content":false,"footnotes":""},"categories":[15],"tags":[],"class_list":["post-64351","post","type-post","status-publish","format-standard","has-post-thumbnail","hentry","category-comunidad"],"jetpack_featured_media_url":"https:\/\/i0.wp.com\/eltrabajo.cl\/portal\/wp-content\/uploads\/2015\/12\/CERTIFICACION-GUARDIAS-DE-SEGURIDAD-OMIL.jpg?fit=530%2C348&ssl=1","jetpack_sharing_enabled":true,"jetpack_likes_enabled":true,"jetpack-related-posts":[],"_links":{"self":[{"href":"https:\/\/eltrabajo.cl\/portal\/wp-json\/wp\/v2\/posts\/64351","targetHints":{"allow":["GET"]}}],"collection":[{"href":"https:\/\/eltrabajo.cl\/portal\/wp-json\/wp\/v2\/posts"}],"about":[{"href":"https:\/\/eltrabajo.cl\/portal\/wp-json\/wp\/v2\/types\/post"}],"author":[{"embeddable":true,"href":"https:\/\/eltrabajo.cl\/portal\/wp-json\/wp\/v2\/users\/482"}],"replies":[{"embeddable":true,"href":"https:\/\/eltrabajo.cl\/portal\/wp-json\/wp\/v2\/comments?post=64351"}],"version-history":[{"count":0,"href":"https:\/\/eltrabajo.cl\/portal\/wp-json\/wp\/v2\/posts\/64351\/revisions"}],"wp:featuredmedia":[{"embeddable":true,"href":"https:\/\/eltrabajo.cl\/portal\/wp-json\/wp\/v2\/media\/64352"}],"wp:attachment":[{"href":"https:\/\/eltrabajo.cl\/portal\/wp-json\/wp\/v2\/media?parent=64351"}],"wp:term":[{"taxonomy":"category","embeddable":true,"href":"https:\/\/eltrabajo.cl\/portal\/wp-json\/wp\/v2\/categories?post=64351"},{"taxonomy":"post_tag","embeddable":true,"href":"https:\/\/eltrabajo.cl\/portal\/wp-json\/wp\/v2\/tags?post=64351"}],"curies":[{"name":"wp","href":"https:\/\/api.w.org\/{rel}","templated":true}]}}