{"id":64354,"date":"2015-12-01T14:09:15","date_gmt":"2015-12-01T17:09:15","guid":{"rendered":"http:\/\/www.eltrabajo.cl\/portal\/?p=64354"},"modified":"2015-12-01T14:09:15","modified_gmt":"2015-12-01T17:09:15","slug":"hoy-se-realiza-segundo-encuentro-de-participacion-ciudadana-por-eia-del-parque-solar-catemu","status":"publish","type":"post","link":"https:\/\/eltrabajo.cl\/portal\/hoy-se-realiza-segundo-encuentro-de-participacion-ciudadana-por-eia-del-parque-solar-catemu\/","title":{"rendered":"Hoy se realiza segundo encuentro de participaci\u00f3n ciudadana por EIA del Parque Solar Catemu"},"content":{"rendered":"<figure id=\"attachment_64355\" aria-describedby=\"caption-attachment-64355\" style=\"width: 300px\" class=\"wp-caption alignleft\"><a href=\"https:\/\/i0.wp.com\/www.eltrabajo.cl\/portal\/wp-content\/uploads\/2015\/12\/planta-solar.jpg\"><img data-recalc-dims=\"1\" loading=\"lazy\" decoding=\"async\" class=\"wp-image-64355 size-medium\" src=\"https:\/\/i0.wp.com\/www.eltrabajo.cl\/portal\/wp-content\/uploads\/2015\/12\/planta-solar-300x198.jpg?resize=300%2C198\" alt=\"La planta de energia solar estar\u00e1 compuesta por 279.680 paneles fotovoltaicos. (Foto referencial).\" width=\"300\" height=\"198\" srcset=\"https:\/\/i0.wp.com\/eltrabajo.cl\/portal\/wp-content\/uploads\/2015\/12\/planta-solar.jpg?resize=300%2C198&amp;ssl=1 300w, https:\/\/i0.wp.com\/eltrabajo.cl\/portal\/wp-content\/uploads\/2015\/12\/planta-solar.jpg?resize=200%2C132&amp;ssl=1 200w, https:\/\/i0.wp.com\/eltrabajo.cl\/portal\/wp-content\/uploads\/2015\/12\/planta-solar.jpg?resize=227%2C150&amp;ssl=1 227w, https:\/\/i0.wp.com\/eltrabajo.cl\/portal\/wp-content\/uploads\/2015\/12\/planta-solar.jpg?resize=400%2C264&amp;ssl=1 400w, https:\/\/i0.wp.com\/eltrabajo.cl\/portal\/wp-content\/uploads\/2015\/12\/planta-solar.jpg?w=530&amp;ssl=1 530w\" sizes=\"auto, (max-width: 300px) 100vw, 300px\" \/><\/a><figcaption id=\"caption-attachment-64355\" class=\"wp-caption-text\">La planta de energia solar estar\u00e1 compuesta por 279.680 paneles fotovoltaicos. (Foto referencial).<\/figcaption><\/figure>\n<p>Para hoy martes a partir de las 18:30 horas est\u00e1 contemplada la realizaci\u00f3n del segundo encuentro de participaci\u00f3n ciudadana por el Estudio de Impacto Ambiental del proyecto \u2018Parque Solar\u2019 que se construir\u00e1 en el sector Los Cerrillos de Catemu.<br \/>\nLa actividad tendr\u00e1 lugar en la Biblioteca Municipal de la comuna de Catemu y est\u00e1 a cargo del Servicio Regional de Evaluaci\u00f3n Ambiental.<br \/>\nEl primer encuentro de participaci\u00f3n ciudadana de este proyecto energ\u00e9tico se realiz\u00f3 el martes de la semana pasada en le Escuela del sector Los Cerrillos. Este parque fotovoltaico es una iniciativa privada presentada por la empresa de energ\u00edas renovables SunEdison y se proyecta su construcci\u00f3n en el mismo lugar donde el Ministerio de Obras P\u00fablicas planifica la construcci\u00f3n del Embalse Cerrillos.<br \/>\nSeg\u00fan destaca el portal de noticias Aqu\u00ed Catemu, el objetivo del proyecto es la generaci\u00f3n de energ\u00eda el\u00e9ctrica a partir de la energ\u00eda proveniente del sol a trav\u00e9s de un parque solar compuesto por 279.680 paneles fotovoltaicos.<br \/>\nCon una inversi\u00f3n de US$208 millones, la iniciativa considera la instalaci\u00f3n de 279.680 paneles fotovoltaicos que aportar\u00e1n 90,00 MWac de potencia nominal, sobre una potencia instalada de 104,00 MWp.<br \/>\nEsta energ\u00eda ser\u00e1 inyectada al Sistema Interconectado Central (SIC) mediante la l\u00ednea existente de 2x220kV Quillota \u2013 Los Piuquenes.<\/p>\n","protected":false},"excerpt":{"rendered":"<p>Para hoy martes a partir de las 18:30 horas est\u00e1 contemplada la realizaci\u00f3n del segundo encuentro de participaci\u00f3n ciudadana por el Estudio de Impacto Ambiental del proyecto \u2018Parque Solar\u2019 que se construir\u00e1&#8230;<\/p>\n","protected":false},"author":482,"featured_media":64355,"comment_status":"open","ping_status":"open","sticky":false,"template":"","format":"standard","meta":{"advanced_seo_description":"","jetpack_seo_html_title":"","jetpack_seo_noindex":false,"_jetpack_memberships_contains_paid_content":false,"footnotes":""},"categories":[15],"tags":[],"class_list":["post-64354","post","type-post","status-publish","format-standard","has-post-thumbnail","hentry","category-comunidad"],"jetpack_featured_media_url":"https:\/\/i0.wp.com\/eltrabajo.cl\/portal\/wp-content\/uploads\/2015\/12\/planta-solar.jpg?fit=530%2C350&ssl=1","jetpack_sharing_enabled":true,"jetpack_likes_enabled":true,"jetpack-related-posts":[],"_links":{"self":[{"href":"https:\/\/eltrabajo.cl\/portal\/wp-json\/wp\/v2\/posts\/64354","targetHints":{"allow":["GET"]}}],"collection":[{"href":"https:\/\/eltrabajo.cl\/portal\/wp-json\/wp\/v2\/posts"}],"about":[{"href":"https:\/\/eltrabajo.cl\/portal\/wp-json\/wp\/v2\/types\/post"}],"author":[{"embeddable":true,"href":"https:\/\/eltrabajo.cl\/portal\/wp-json\/wp\/v2\/users\/482"}],"replies":[{"embeddable":true,"href":"https:\/\/eltrabajo.cl\/portal\/wp-json\/wp\/v2\/comments?post=64354"}],"version-history":[{"count":0,"href":"https:\/\/eltrabajo.cl\/portal\/wp-json\/wp\/v2\/posts\/64354\/revisions"}],"wp:featuredmedia":[{"embeddable":true,"href":"https:\/\/eltrabajo.cl\/portal\/wp-json\/wp\/v2\/media\/64355"}],"wp:attachment":[{"href":"https:\/\/eltrabajo.cl\/portal\/wp-json\/wp\/v2\/media?parent=64354"}],"wp:term":[{"taxonomy":"category","embeddable":true,"href":"https:\/\/eltrabajo.cl\/portal\/wp-json\/wp\/v2\/categories?post=64354"},{"taxonomy":"post_tag","embeddable":true,"href":"https:\/\/eltrabajo.cl\/portal\/wp-json\/wp\/v2\/tags?post=64354"}],"curies":[{"name":"wp","href":"https:\/\/api.w.org\/{rel}","templated":true}]}}