{"id":64357,"date":"2015-12-01T14:11:48","date_gmt":"2015-12-01T17:11:48","guid":{"rendered":"http:\/\/www.eltrabajo.cl\/portal\/?p=64357"},"modified":"2015-12-01T14:11:48","modified_gmt":"2015-12-01T17:11:48","slug":"ultimo-torneo-de-ajedrez-escolar-de-2015-se-jugo-en-el-colegio-aleman","status":"publish","type":"post","link":"https:\/\/eltrabajo.cl\/portal\/ultimo-torneo-de-ajedrez-escolar-de-2015-se-jugo-en-el-colegio-aleman\/","title":{"rendered":"\u00daltimo torneo de ajedrez escolar de 2015 se jug\u00f3 en el Colegio Alem\u00e1n"},"content":{"rendered":"<figure id=\"attachment_64358\" aria-describedby=\"caption-attachment-64358\" style=\"width: 300px\" class=\"wp-caption alignleft\"><a href=\"https:\/\/i0.wp.com\/www.eltrabajo.cl\/portal\/wp-content\/uploads\/2015\/12\/Ajedrez33.jpg\"><img data-recalc-dims=\"1\" loading=\"lazy\" decoding=\"async\" class=\"wp-image-64358 size-medium\" src=\"https:\/\/i0.wp.com\/www.eltrabajo.cl\/portal\/wp-content\/uploads\/2015\/12\/Ajedrez33-300x198.jpg?resize=300%2C198\" alt=\"\u00daLTIMO DEL A\u00d1O.- Ellos son los j\u00f3venes ajedrecistas ganadores en sus distintas categor\u00edas, este fue el \u00faltimo torneo de ajedrez escolar de este a\u00f1o.\" width=\"300\" height=\"198\" srcset=\"https:\/\/i0.wp.com\/eltrabajo.cl\/portal\/wp-content\/uploads\/2015\/12\/Ajedrez33.jpg?resize=300%2C198&amp;ssl=1 300w, https:\/\/i0.wp.com\/eltrabajo.cl\/portal\/wp-content\/uploads\/2015\/12\/Ajedrez33.jpg?resize=200%2C132&amp;ssl=1 200w, https:\/\/i0.wp.com\/eltrabajo.cl\/portal\/wp-content\/uploads\/2015\/12\/Ajedrez33.jpg?resize=228%2C150&amp;ssl=1 228w, https:\/\/i0.wp.com\/eltrabajo.cl\/portal\/wp-content\/uploads\/2015\/12\/Ajedrez33.jpg?resize=400%2C263&amp;ssl=1 400w, https:\/\/i0.wp.com\/eltrabajo.cl\/portal\/wp-content\/uploads\/2015\/12\/Ajedrez33.jpg?w=530&amp;ssl=1 530w\" sizes=\"auto, (max-width: 300px) 100vw, 300px\" \/><\/a><figcaption id=\"caption-attachment-64358\" class=\"wp-caption-text\">\u00daLTIMO DEL A\u00d1O.- Ellos son los j\u00f3venes ajedrecistas ganadores en sus distintas categor\u00edas, este fue el \u00faltimo torneo de ajedrez escolar de este a\u00f1o.<\/figcaption><\/figure>\n<p>El jueves 26 pasado se desarroll\u00f3 el 7\u00ba Torneo de ajedrez interescolar en el Colegio Alem\u00e1n de San Felipe. En dicho evento participaron colegios del Valle Aconcagua tales como: Colegio Jos\u00e9 de San Mart\u00edn; Buen Pastor; Vedruna, Liceo Roberto Humeres; Liceo Mixto, Colegio John Kennedy; Instituto Chacabuco y el colegio anfitri\u00f3n, Colegio Alem\u00e1n, dando un total de 70 competidores.<br \/>\nDivididos en tres categor\u00edas, los estudiantes participaron en tres rondas que se prolongaron hasta las 18:00 horas aproximadamente. A pesar del intenso calor, tanto competidores como las familias que acompa\u00f1aron a los jugadores infantiles, disfrutaron de este encuentro del deporte ciencia. La directora Sabine Petermann, agradeci\u00f3 el compromiso de los alumnos y padres en el desarrollo de este hermoso deporte como es el ajedrez.<br \/>\nCon este evento se dio t\u00e9rmino al a\u00f1o ajedrec\u00edstico escolar, destacando como hito ajedrec\u00edstico la segunda venida del Gran Maestro Internacional Iv\u00e1n Morovic al Valle Aconcagua.<\/p>\n<p><strong>Categor\u00eda de seis a nueve a\u00f1os<\/strong><br \/>\n1- Primer Lugar: Juan Pablo Gald\u00e1mez (Instituto Chacabuco).<br \/>\n2- Segundo Lugar: Isa\u00edas Funes (Colegio Manso de Velazco).<br \/>\n3- Tercer Lugar: Lucas Chepillo (Colegio Alem\u00e1n).<\/p>\n<p><strong>Categor\u00eda de diez a doce a\u00f1os<\/strong><br \/>\n1- Primer Lugar: Nicol\u00e1s Toledo (Colegio Alem\u00e1n).<br \/>\n2- Segundo Lugar: Paullete Pinch\u00f3n (Liceo Mixto).<br \/>\n3- Tercer Lugar: Magdiel Godoy (Colegio Jos\u00e9 de San Mart\u00edn).<\/p>\n<p><strong>Categor\u00eda de trece a 18 a\u00f1os<\/strong><br \/>\nEn esta categor\u00eda termino en un triple empate en el primer lugar.<br \/>\n1- Primer Lugar: Bruno Arias (Instituto Chacabuco).<br \/>\n2- Segundo lugar: Joaqu\u00edn Benavides (Colegio Alem\u00e1n).<br \/>\n3- Tercer lugar: Ignacio Strobl (Colegio Alem\u00e1n).<\/p>\n<p><strong>Premios Especiales<\/strong><br \/>\n1. Emily Lillo (Colegio Buen Pastor).<br \/>\n2. Alonso Higueras (Colegio Alem\u00e1n).<br \/>\n3. Crist\u00f3bal Baumann (Colegio Alem\u00e1n).<br \/>\n4. Brus Pedreros (Colegio Alem\u00e1n).<br \/>\n5. Franco Ciola (Colegio Alem\u00e1n).<br \/>\n6. Felipe Gallardo (Colegio Alem\u00e1n).<br \/>\n7. V\u00edctor Sagredo (Colegio John Kennedy).<br \/>\n8. Gaspar Herrera (Colegio Vedruna).<br \/>\n9. Marco Mu\u00f1oz (Liceo Roberto Humeres).<br \/>\n10. Constanza Godoy (Colegio Jos\u00e9 de San Mart\u00edn).<br \/>\n11. Pablo Fern\u00e1ndez (Colegio Jos\u00e9 de San Mart\u00edn).<br \/>\n<strong>Roberto Gonz\u00e1lez Short<\/strong><br \/>\n<strong>rgonzalez@eltrabajo.cl<\/strong><\/p>\n","protected":false},"excerpt":{"rendered":"<p>El jueves 26 pasado se desarroll\u00f3 el 7\u00ba Torneo de ajedrez interescolar en el Colegio Alem\u00e1n de San Felipe. En dicho evento participaron colegios del Valle Aconcagua tales como: Colegio Jos\u00e9 de&#8230;<\/p>\n","protected":false},"author":482,"featured_media":64358,"comment_status":"open","ping_status":"open","sticky":false,"template":"","format":"standard","meta":{"advanced_seo_description":"","jetpack_seo_html_title":"","jetpack_seo_noindex":false,"_jetpack_memberships_contains_paid_content":false,"footnotes":""},"categories":[15],"tags":[],"class_list":["post-64357","post","type-post","status-publish","format-standard","has-post-thumbnail","hentry","category-comunidad"],"jetpack_featured_media_url":"https:\/\/i0.wp.com\/eltrabajo.cl\/portal\/wp-content\/uploads\/2015\/12\/Ajedrez33.jpg?fit=530%2C349&ssl=1","jetpack_sharing_enabled":true,"jetpack_likes_enabled":true,"jetpack-related-posts":[],"_links":{"self":[{"href":"https:\/\/eltrabajo.cl\/portal\/wp-json\/wp\/v2\/posts\/64357","targetHints":{"allow":["GET"]}}],"collection":[{"href":"https:\/\/eltrabajo.cl\/portal\/wp-json\/wp\/v2\/posts"}],"about":[{"href":"https:\/\/eltrabajo.cl\/portal\/wp-json\/wp\/v2\/types\/post"}],"author":[{"embeddable":true,"href":"https:\/\/eltrabajo.cl\/portal\/wp-json\/wp\/v2\/users\/482"}],"replies":[{"embeddable":true,"href":"https:\/\/eltrabajo.cl\/portal\/wp-json\/wp\/v2\/comments?post=64357"}],"version-history":[{"count":0,"href":"https:\/\/eltrabajo.cl\/portal\/wp-json\/wp\/v2\/posts\/64357\/revisions"}],"wp:featuredmedia":[{"embeddable":true,"href":"https:\/\/eltrabajo.cl\/portal\/wp-json\/wp\/v2\/media\/64358"}],"wp:attachment":[{"href":"https:\/\/eltrabajo.cl\/portal\/wp-json\/wp\/v2\/media?parent=64357"}],"wp:term":[{"taxonomy":"category","embeddable":true,"href":"https:\/\/eltrabajo.cl\/portal\/wp-json\/wp\/v2\/categories?post=64357"},{"taxonomy":"post_tag","embeddable":true,"href":"https:\/\/eltrabajo.cl\/portal\/wp-json\/wp\/v2\/tags?post=64357"}],"curies":[{"name":"wp","href":"https:\/\/api.w.org\/{rel}","templated":true}]}}