{"id":64360,"date":"2015-12-01T14:12:58","date_gmt":"2015-12-01T17:12:58","guid":{"rendered":"http:\/\/www.eltrabajo.cl\/portal\/?p=64360"},"modified":"2015-12-01T14:12:58","modified_gmt":"2015-12-01T17:12:58","slug":"imparten-seminario-sobre-las-tramas-arquetipicas-del-ser-nino-huacho","status":"publish","type":"post","link":"https:\/\/eltrabajo.cl\/portal\/imparten-seminario-sobre-las-tramas-arquetipicas-del-ser-nino-huacho\/","title":{"rendered":"Imparten seminario sobre las tramas arquet\u00edpicas del ser \u2018ni\u00f1o huacho\u2019"},"content":{"rendered":"<figure id=\"attachment_64361\" aria-describedby=\"caption-attachment-64361\" style=\"width: 300px\" class=\"wp-caption alignleft\"><a href=\"https:\/\/i0.wp.com\/www.eltrabajo.cl\/portal\/wp-content\/uploads\/2015\/12\/Orador1.jpg\"><img data-recalc-dims=\"1\" loading=\"lazy\" decoding=\"async\" class=\"wp-image-64361 size-medium\" src=\"https:\/\/i0.wp.com\/www.eltrabajo.cl\/portal\/wp-content\/uploads\/2015\/12\/Orador1-300x197.jpg?resize=300%2C197\" alt=\"EL EXPERTO.- Gabriel Salazar, Premio Nacional de Historia 2006, particip\u00f3 junto a otros especialistas en el Seminario de Las tramas arquet\u00edpicas del ser \u2018Ni\u00f1o Huacho\u2019, organizado por la Escuela Jos\u00e9 de San Mart\u00edn y Arqte. \" width=\"300\" height=\"197\" srcset=\"https:\/\/i0.wp.com\/eltrabajo.cl\/portal\/wp-content\/uploads\/2015\/12\/Orador1.jpg?resize=300%2C197&amp;ssl=1 300w, https:\/\/i0.wp.com\/eltrabajo.cl\/portal\/wp-content\/uploads\/2015\/12\/Orador1.jpg?resize=200%2C131&amp;ssl=1 200w, https:\/\/i0.wp.com\/eltrabajo.cl\/portal\/wp-content\/uploads\/2015\/12\/Orador1.jpg?resize=228%2C150&amp;ssl=1 228w, https:\/\/i0.wp.com\/eltrabajo.cl\/portal\/wp-content\/uploads\/2015\/12\/Orador1.jpg?resize=400%2C263&amp;ssl=1 400w, https:\/\/i0.wp.com\/eltrabajo.cl\/portal\/wp-content\/uploads\/2015\/12\/Orador1.jpg?w=530&amp;ssl=1 530w\" sizes=\"auto, (max-width: 300px) 100vw, 300px\" \/><\/a><figcaption id=\"caption-attachment-64361\" class=\"wp-caption-text\">EL EXPERTO.- Gabriel Salazar, Premio Nacional de Historia 2006, particip\u00f3 junto a otros especialistas en el Seminario de Las tramas arquet\u00edpicas del ser \u2018Ni\u00f1o Huacho\u2019, organizado por la Escuela Jos\u00e9 de San Mart\u00edn y Arqte.<\/figcaption><\/figure>\n<p>El pasado s\u00e1bado 21 de noviembre, nuestra ciudad de San Felipe fue visitada por el destacado historiador Gabriel Salazar, Premio Nacional de Historia 2006, quien particip\u00f3 junto a otros especialistas en el Seminario de Las tramas arquet\u00edpicas del ser \u2018Ni\u00f1o Huacho\u2019, organizado por la Escuela Jos\u00e9 de San Mart\u00edn y Arqte.<br \/>\nA este encuentro asistieron personas ligadas al \u00e1mbito educacional, as\u00ed como tambi\u00e9n padres y apoderados de ese establecimiento. En este seminario la ponencia de cada expositor ten\u00eda como tema central la concepci\u00f3n de la infancia desde un punto de vista emocional.<br \/>\n\u00abNosotros como escuela, junto a Arqte, buscamos generar un espacio que permita reflexionar sobre el ejercicio docente desde la ventana hermosa de la ni\u00f1ez, adem\u00e1s de configurar aportes y giros especialmente en La Educaci\u00f3n y el Cuidado de la Infancia\u00bb, coment\u00f3 la Jefa UTP Maribel Vega.<br \/>\nLa directora del establecimiento, Ximena Baquedano, nos coment\u00f3 que \u00abes un honor tener en nuestra ciudad a una persona como es el Historiador Salazar, adem\u00e1s de afirmar que dicho evento desarrollado por nuestro colegio es el compromiso que tomamos junto a mi equipo directivo, de realizar avances en la tem\u00e1tica educacional integral\u00bb.<\/p>\n","protected":false},"excerpt":{"rendered":"<p>El pasado s\u00e1bado 21 de noviembre, nuestra ciudad de San Felipe fue visitada por el destacado historiador Gabriel Salazar, Premio Nacional de Historia 2006, quien particip\u00f3 junto a otros especialistas en el&#8230;<\/p>\n","protected":false},"author":482,"featured_media":64361,"comment_status":"open","ping_status":"open","sticky":false,"template":"","format":"standard","meta":{"advanced_seo_description":"","jetpack_seo_html_title":"","jetpack_seo_noindex":false,"_jetpack_memberships_contains_paid_content":false,"footnotes":""},"categories":[1],"tags":[],"class_list":["post-64360","post","type-post","status-publish","format-standard","has-post-thumbnail","hentry","category-cronica"],"jetpack_featured_media_url":"https:\/\/i0.wp.com\/eltrabajo.cl\/portal\/wp-content\/uploads\/2015\/12\/Orador1.jpg?fit=530%2C348&ssl=1","jetpack_sharing_enabled":true,"jetpack_likes_enabled":true,"jetpack-related-posts":[],"_links":{"self":[{"href":"https:\/\/eltrabajo.cl\/portal\/wp-json\/wp\/v2\/posts\/64360","targetHints":{"allow":["GET"]}}],"collection":[{"href":"https:\/\/eltrabajo.cl\/portal\/wp-json\/wp\/v2\/posts"}],"about":[{"href":"https:\/\/eltrabajo.cl\/portal\/wp-json\/wp\/v2\/types\/post"}],"author":[{"embeddable":true,"href":"https:\/\/eltrabajo.cl\/portal\/wp-json\/wp\/v2\/users\/482"}],"replies":[{"embeddable":true,"href":"https:\/\/eltrabajo.cl\/portal\/wp-json\/wp\/v2\/comments?post=64360"}],"version-history":[{"count":0,"href":"https:\/\/eltrabajo.cl\/portal\/wp-json\/wp\/v2\/posts\/64360\/revisions"}],"wp:featuredmedia":[{"embeddable":true,"href":"https:\/\/eltrabajo.cl\/portal\/wp-json\/wp\/v2\/media\/64361"}],"wp:attachment":[{"href":"https:\/\/eltrabajo.cl\/portal\/wp-json\/wp\/v2\/media?parent=64360"}],"wp:term":[{"taxonomy":"category","embeddable":true,"href":"https:\/\/eltrabajo.cl\/portal\/wp-json\/wp\/v2\/categories?post=64360"},{"taxonomy":"post_tag","embeddable":true,"href":"https:\/\/eltrabajo.cl\/portal\/wp-json\/wp\/v2\/tags?post=64360"}],"curies":[{"name":"wp","href":"https:\/\/api.w.org\/{rel}","templated":true}]}}