{"id":64363,"date":"2015-12-01T14:14:12","date_gmt":"2015-12-01T17:14:12","guid":{"rendered":"http:\/\/www.eltrabajo.cl\/portal\/?p=64363"},"modified":"2015-12-01T14:14:12","modified_gmt":"2015-12-01T17:14:12","slug":"realizan-marcha-por-la-erradicacion-de-la-violencia-contra-la-mujer","status":"publish","type":"post","link":"https:\/\/eltrabajo.cl\/portal\/realizan-marcha-por-la-erradicacion-de-la-violencia-contra-la-mujer\/","title":{"rendered":"Realizan marcha por la Erradicaci\u00f3n de la Violencia contra la Mujer"},"content":{"rendered":"<figure id=\"attachment_64364\" aria-describedby=\"caption-attachment-64364\" style=\"width: 300px\" class=\"wp-caption alignleft\"><a href=\"https:\/\/i0.wp.com\/www.eltrabajo.cl\/portal\/wp-content\/uploads\/2015\/12\/Marcha-erradicacion-violencia-contra-la-mujer-2.jpg\"><img data-recalc-dims=\"1\" loading=\"lazy\" decoding=\"async\" class=\"wp-image-64364 size-medium\" src=\"https:\/\/i0.wp.com\/www.eltrabajo.cl\/portal\/wp-content\/uploads\/2015\/12\/Marcha-erradicacion-violencia-contra-la-mujer-2-300x198.jpg?resize=300%2C198\" alt=\"Una veintena de personas participaron de la marcha por la erradicaci\u00f3n de la violencia contra la mujer, en Los Andes.\" width=\"300\" height=\"198\" srcset=\"https:\/\/i0.wp.com\/eltrabajo.cl\/portal\/wp-content\/uploads\/2015\/12\/Marcha-erradicacion-violencia-contra-la-mujer-2.jpg?resize=300%2C198&amp;ssl=1 300w, https:\/\/i0.wp.com\/eltrabajo.cl\/portal\/wp-content\/uploads\/2015\/12\/Marcha-erradicacion-violencia-contra-la-mujer-2.jpg?resize=200%2C132&amp;ssl=1 200w, https:\/\/i0.wp.com\/eltrabajo.cl\/portal\/wp-content\/uploads\/2015\/12\/Marcha-erradicacion-violencia-contra-la-mujer-2.jpg?resize=227%2C150&amp;ssl=1 227w, https:\/\/i0.wp.com\/eltrabajo.cl\/portal\/wp-content\/uploads\/2015\/12\/Marcha-erradicacion-violencia-contra-la-mujer-2.jpg?resize=400%2C264&amp;ssl=1 400w, https:\/\/i0.wp.com\/eltrabajo.cl\/portal\/wp-content\/uploads\/2015\/12\/Marcha-erradicacion-violencia-contra-la-mujer-2.jpg?w=530&amp;ssl=1 530w\" sizes=\"auto, (max-width: 300px) 100vw, 300px\" \/><\/a><figcaption id=\"caption-attachment-64364\" class=\"wp-caption-text\">Una veintena de personas participaron de la marcha por la erradicaci\u00f3n de la violencia contra la mujer, en Los Andes.<\/figcaption><\/figure>\n<p><strong>LOS ANDES.<\/strong>&#8211; En el marco de la semana de la erradicaci\u00f3n de la violencia contra la mujer, Fundaci\u00f3n Prodemu en la provincia de Los Andes llev\u00f3 a cabo la \u2018Marcha contra la Violencia hacia la Mujer\u2019, en la cual participaron diversos actores y representantes de la sociedad civil, incluyendo a la gobernadora Mar\u00eda Victoria Rodr\u00edguez y al Seremi de Miner\u00eda Alonso Retamales.<br \/>\nDecenas de personas fueron parte de esta marcha que se inici\u00f3 desde el frontis de la Universidad de Aconcagua y que finaliz\u00f3 en la plaza de armas de Los Andes, lugar donde las autoridades y la comunidad se reunieron para dialogar con la poblaci\u00f3n en el marco de la campa\u00f1a \u2018Vivir sin Violencia\u2019 del Gobierno de la Presidenta Michelle Bachelet.<br \/>\nLa gobernadora provincial de Los Andes, Mar\u00eda Victoria Rodr\u00edguez, manifest\u00f3 la importancia de realizar este tipo de actividades que permiten la participaci\u00f3n de la comunidad y que buscan prevenir la violencia contra la mujer a trav\u00e9s de esta actividad, tal cual como lo ha mandatado la Presidenta Michelle Bachelet mediante una labor mancomunada con los dirigentes sociales, funcionarios y servicios p\u00fablicos, y estamentos privados, entre otros.<br \/>\nSimilar opini\u00f3n sostuvo el Seremi de Miner\u00eda, Alonso Retamales, quien se\u00f1al\u00f3 que todos y todas deben prevenir la violencia y situaciones de riesgo para la mujer, con el fin de acabar con la inequidad y fomentar mayores oportunidades para todos.<br \/>\nLa directora provincial de Prodemu, Karina Espinoza, expuso que esta marcha es parte de la semana de conmemoraci\u00f3n del D\u00eda de la Erradicaci\u00f3n de la Violencia contra la Mujer, porque la sociedad debe brindar iguales oportunidades tanto para mujeres como hombres, trabajando con participaci\u00f3n y acabando para siempre las situaciones de violencia contra las mujeres como signo de esa desigualdad.<\/p>\n","protected":false},"excerpt":{"rendered":"<p>LOS ANDES.&#8211; En el marco de la semana de la erradicaci\u00f3n de la violencia contra la mujer, Fundaci\u00f3n Prodemu en la provincia de Los Andes llev\u00f3 a cabo la \u2018Marcha contra la&#8230;<\/p>\n","protected":false},"author":482,"featured_media":64364,"comment_status":"open","ping_status":"open","sticky":false,"template":"","format":"standard","meta":{"advanced_seo_description":"","jetpack_seo_html_title":"","jetpack_seo_noindex":false,"_jetpack_memberships_contains_paid_content":false,"footnotes":""},"categories":[1],"tags":[],"class_list":["post-64363","post","type-post","status-publish","format-standard","has-post-thumbnail","hentry","category-cronica"],"jetpack_featured_media_url":"https:\/\/i0.wp.com\/eltrabajo.cl\/portal\/wp-content\/uploads\/2015\/12\/Marcha-erradicacion-violencia-contra-la-mujer-2.jpg?fit=530%2C350&ssl=1","jetpack_sharing_enabled":true,"jetpack_likes_enabled":true,"jetpack-related-posts":[],"_links":{"self":[{"href":"https:\/\/eltrabajo.cl\/portal\/wp-json\/wp\/v2\/posts\/64363","targetHints":{"allow":["GET"]}}],"collection":[{"href":"https:\/\/eltrabajo.cl\/portal\/wp-json\/wp\/v2\/posts"}],"about":[{"href":"https:\/\/eltrabajo.cl\/portal\/wp-json\/wp\/v2\/types\/post"}],"author":[{"embeddable":true,"href":"https:\/\/eltrabajo.cl\/portal\/wp-json\/wp\/v2\/users\/482"}],"replies":[{"embeddable":true,"href":"https:\/\/eltrabajo.cl\/portal\/wp-json\/wp\/v2\/comments?post=64363"}],"version-history":[{"count":0,"href":"https:\/\/eltrabajo.cl\/portal\/wp-json\/wp\/v2\/posts\/64363\/revisions"}],"wp:featuredmedia":[{"embeddable":true,"href":"https:\/\/eltrabajo.cl\/portal\/wp-json\/wp\/v2\/media\/64364"}],"wp:attachment":[{"href":"https:\/\/eltrabajo.cl\/portal\/wp-json\/wp\/v2\/media?parent=64363"}],"wp:term":[{"taxonomy":"category","embeddable":true,"href":"https:\/\/eltrabajo.cl\/portal\/wp-json\/wp\/v2\/categories?post=64363"},{"taxonomy":"post_tag","embeddable":true,"href":"https:\/\/eltrabajo.cl\/portal\/wp-json\/wp\/v2\/tags?post=64363"}],"curies":[{"name":"wp","href":"https:\/\/api.w.org\/{rel}","templated":true}]}}