{"id":64366,"date":"2015-12-01T14:15:55","date_gmt":"2015-12-01T17:15:55","guid":{"rendered":"http:\/\/www.eltrabajo.cl\/portal\/?p=64366"},"modified":"2015-12-01T14:15:55","modified_gmt":"2015-12-01T17:15:55","slug":"cesfam-de-panquehue-celebra-su-aniversario-no-27-junto-a-la-comunidad","status":"publish","type":"post","link":"https:\/\/eltrabajo.cl\/portal\/cesfam-de-panquehue-celebra-su-aniversario-no-27-junto-a-la-comunidad\/","title":{"rendered":"Cesfam de Panquehue celebra su aniversario N\u00ba 27 junto a la comunidad"},"content":{"rendered":"<figure id=\"attachment_64367\" aria-describedby=\"caption-attachment-64367\" style=\"width: 300px\" class=\"wp-caption alignleft\"><a href=\"https:\/\/i0.wp.com\/www.eltrabajo.cl\/portal\/wp-content\/uploads\/2015\/12\/Aniversario-Cesfam-Panquehue.jpg\"><img data-recalc-dims=\"1\" loading=\"lazy\" decoding=\"async\" class=\"wp-image-64367 size-medium\" src=\"https:\/\/i0.wp.com\/www.eltrabajo.cl\/portal\/wp-content\/uploads\/2015\/12\/Aniversario-Cesfam-Panquehue-300x198.jpg?resize=300%2C198\" alt=\"Las actividades de celebraci\u00f3n de este nuevo aniversario comenzar\u00e1n hoy martes y se extender\u00e1n hasta el jueves 03 de diciembre, desde las 14:00 horas en el frontis del Cesfam en el sector de la Pirca. \" width=\"300\" height=\"198\" srcset=\"https:\/\/i0.wp.com\/eltrabajo.cl\/portal\/wp-content\/uploads\/2015\/12\/Aniversario-Cesfam-Panquehue.jpg?resize=300%2C198&amp;ssl=1 300w, https:\/\/i0.wp.com\/eltrabajo.cl\/portal\/wp-content\/uploads\/2015\/12\/Aniversario-Cesfam-Panquehue.jpg?resize=200%2C132&amp;ssl=1 200w, https:\/\/i0.wp.com\/eltrabajo.cl\/portal\/wp-content\/uploads\/2015\/12\/Aniversario-Cesfam-Panquehue.jpg?resize=227%2C150&amp;ssl=1 227w, https:\/\/i0.wp.com\/eltrabajo.cl\/portal\/wp-content\/uploads\/2015\/12\/Aniversario-Cesfam-Panquehue.jpg?resize=400%2C264&amp;ssl=1 400w, https:\/\/i0.wp.com\/eltrabajo.cl\/portal\/wp-content\/uploads\/2015\/12\/Aniversario-Cesfam-Panquehue.jpg?w=530&amp;ssl=1 530w\" sizes=\"auto, (max-width: 300px) 100vw, 300px\" \/><\/a><figcaption id=\"caption-attachment-64367\" class=\"wp-caption-text\">Las actividades de celebraci\u00f3n de este nuevo aniversario comenzar\u00e1n hoy martes y se extender\u00e1n hasta el jueves 03 de diciembre, desde las 14:00 horas en el frontis del Cesfam en el sector de la Pirca.<\/figcaption><\/figure>\n<ul>\n<li><strong>De acuerdo a lo informado por la funcionaria Paola Mu\u00f1oz, las actividades ser\u00e1n inclusivas con la comunidad de Panquehue.<\/strong><\/li>\n<\/ul>\n<p><strong>PANQUEHUE.<\/strong>&#8211; Con una serie de actividades recreativas, el Centro de salud familiar de la comuna estar\u00e1 celebrando su aniversario N\u00ba 27.<br \/>\nPaola Mu\u00f1oz, funcionaria de la unidad de salud y encargada de la difusi\u00f3n de las actividades, explic\u00f3 que se trata de hacer una tarde diferente, con la participaci\u00f3n de la comunidad, sobre todo, los usuarios del Cesfam.<br \/>\nDesde hoy martes al jueves 03 de diciembre, desde las 14:00 horas en el frontis del Cesfam en el sector de la Pirca, se realizar\u00e1n n\u00fameros art\u00edsticos, baileton, musicales y juegos.<br \/>\nPor su parte el Director del Cesfam Dr. Te\u00f3filo Reyes, afirm\u00f3 que se tratan de actividades, con la participaci\u00f3n de la comunidad y que en nada van a entorpecer el desarrollo de las atenciones.<br \/>\n\u201cPor el contrario, queremos compartir junto a nuestros usuarios, estos 27 a\u00f1os que tiene el centro de salud primeria en la comuna de Panquehue y para ello se han preparado una serie de actividades\u201d.<\/p>\n","protected":false},"excerpt":{"rendered":"<p>De acuerdo a lo informado por la funcionaria Paola Mu\u00f1oz, las actividades ser\u00e1n inclusivas con la comunidad de Panquehue. PANQUEHUE.&#8211; Con una serie de actividades recreativas, el Centro de salud familiar de&#8230;<\/p>\n","protected":false},"author":482,"featured_media":64367,"comment_status":"open","ping_status":"open","sticky":false,"template":"","format":"standard","meta":{"advanced_seo_description":"","jetpack_seo_html_title":"","jetpack_seo_noindex":false,"_jetpack_memberships_contains_paid_content":false,"footnotes":""},"categories":[1],"tags":[],"class_list":["post-64366","post","type-post","status-publish","format-standard","has-post-thumbnail","hentry","category-cronica"],"jetpack_featured_media_url":"https:\/\/i0.wp.com\/eltrabajo.cl\/portal\/wp-content\/uploads\/2015\/12\/Aniversario-Cesfam-Panquehue.jpg?fit=530%2C350&ssl=1","jetpack_sharing_enabled":true,"jetpack_likes_enabled":true,"jetpack-related-posts":[],"_links":{"self":[{"href":"https:\/\/eltrabajo.cl\/portal\/wp-json\/wp\/v2\/posts\/64366","targetHints":{"allow":["GET"]}}],"collection":[{"href":"https:\/\/eltrabajo.cl\/portal\/wp-json\/wp\/v2\/posts"}],"about":[{"href":"https:\/\/eltrabajo.cl\/portal\/wp-json\/wp\/v2\/types\/post"}],"author":[{"embeddable":true,"href":"https:\/\/eltrabajo.cl\/portal\/wp-json\/wp\/v2\/users\/482"}],"replies":[{"embeddable":true,"href":"https:\/\/eltrabajo.cl\/portal\/wp-json\/wp\/v2\/comments?post=64366"}],"version-history":[{"count":0,"href":"https:\/\/eltrabajo.cl\/portal\/wp-json\/wp\/v2\/posts\/64366\/revisions"}],"wp:featuredmedia":[{"embeddable":true,"href":"https:\/\/eltrabajo.cl\/portal\/wp-json\/wp\/v2\/media\/64367"}],"wp:attachment":[{"href":"https:\/\/eltrabajo.cl\/portal\/wp-json\/wp\/v2\/media?parent=64366"}],"wp:term":[{"taxonomy":"category","embeddable":true,"href":"https:\/\/eltrabajo.cl\/portal\/wp-json\/wp\/v2\/categories?post=64366"},{"taxonomy":"post_tag","embeddable":true,"href":"https:\/\/eltrabajo.cl\/portal\/wp-json\/wp\/v2\/tags?post=64366"}],"curies":[{"name":"wp","href":"https:\/\/api.w.org\/{rel}","templated":true}]}}