{"id":64369,"date":"2015-12-01T14:17:18","date_gmt":"2015-12-01T17:17:18","guid":{"rendered":"http:\/\/www.eltrabajo.cl\/portal\/?p=64369"},"modified":"2015-12-01T14:17:18","modified_gmt":"2015-12-01T17:17:18","slug":"al-no-llegar-a-acuerdo-trabajadores-de-cormecanica-inician-huelga-legal","status":"publish","type":"post","link":"https:\/\/eltrabajo.cl\/portal\/al-no-llegar-a-acuerdo-trabajadores-de-cormecanica-inician-huelga-legal\/","title":{"rendered":"Al no llegar a acuerdo, trabajadores de Cormec\u00e1nica inician huelga legal"},"content":{"rendered":"<figure id=\"attachment_64370\" aria-describedby=\"caption-attachment-64370\" style=\"width: 300px\" class=\"wp-caption alignleft\"><a href=\"https:\/\/i0.wp.com\/www.eltrabajo.cl\/portal\/wp-content\/uploads\/2015\/12\/Paro-Cormecanica.jpg\"><img data-recalc-dims=\"1\" loading=\"lazy\" decoding=\"async\" class=\"wp-image-64370 size-medium\" src=\"https:\/\/i0.wp.com\/www.eltrabajo.cl\/portal\/wp-content\/uploads\/2015\/12\/Paro-Cormecanica-300x198.jpg?resize=300%2C198\" alt=\"Ayer lunes, el Sindicato N\u00ba 1 de la empresa Cormec\u00e1nica inici\u00f3 una huelga legal indefinida luego de no llegar a acuerdo con la empresa para el aumento de sus salarios.\" width=\"300\" height=\"198\" srcset=\"https:\/\/i0.wp.com\/eltrabajo.cl\/portal\/wp-content\/uploads\/2015\/12\/Paro-Cormecanica.jpg?resize=300%2C198&amp;ssl=1 300w, https:\/\/i0.wp.com\/eltrabajo.cl\/portal\/wp-content\/uploads\/2015\/12\/Paro-Cormecanica.jpg?resize=200%2C132&amp;ssl=1 200w, https:\/\/i0.wp.com\/eltrabajo.cl\/portal\/wp-content\/uploads\/2015\/12\/Paro-Cormecanica.jpg?resize=227%2C150&amp;ssl=1 227w, https:\/\/i0.wp.com\/eltrabajo.cl\/portal\/wp-content\/uploads\/2015\/12\/Paro-Cormecanica.jpg?resize=400%2C264&amp;ssl=1 400w, https:\/\/i0.wp.com\/eltrabajo.cl\/portal\/wp-content\/uploads\/2015\/12\/Paro-Cormecanica.jpg?w=530&amp;ssl=1 530w\" sizes=\"auto, (max-width: 300px) 100vw, 300px\" \/><\/a><figcaption id=\"caption-attachment-64370\" class=\"wp-caption-text\">Ayer lunes, el Sindicato N\u00ba 1 de la empresa Cormec\u00e1nica inici\u00f3 una huelga legal indefinida luego de no llegar a acuerdo con la empresa para el aumento de sus salarios.<\/figcaption><\/figure>\n<ul>\n<li><strong>Exigen un incremento del 11% en sus salarios.<\/strong><\/li>\n<\/ul>\n<p><strong>LOS ANDES<\/strong>.- A contar de las 00 horas de ayer lunes los trabajadores del Sindicato N\u00ba 1 de la empresa Cormec\u00e1nica que agrupa a cerca de 300 socios, iniciaron una huelga legal indefinida luego de no llegar a acuerdo con la empresa para el aumento de sus salarios.<br \/>\nEn asamblea ampliada efectuada el viernes pasado, los trabajadores votaron la huelga sin llegar a la instancia de los buenos oficios debido a la falta de voluntad de la empresa para negociar.<br \/>\nLos trabajadores est\u00e1n pidiendo un aumento de un 11% de sus remuneraciones, mientras que la empresa solo ofrece el 1,5%.<br \/>\nEn virtud de ello es que se lleg\u00f3 a esta paralizaci\u00f3n de la planta ubicada en San Rafael especializada en el ensamblaje de cajas de cambio para veh\u00edculos Renault y Nissan.<br \/>\nEn horas de la ma\u00f1ana m\u00e1s de doscientos trabajadores se apostaron en el frontis de la empresa para hacer p\u00fablico su malestar, bloqueando incluso por momentos la avenida San Rafael.<br \/>\nEl Primer Director del Sindicato N\u00ba1 de Trabajadores de Cormec\u00e1nica, Francisco Espejo, sostuvo que fueron 24 d\u00edas de negociaciones con la empresa donde no se pudo llegar a ning\u00fan tipo de acuerdo, \u201cpues nos ofrecieron primero un 0,5%, luego un 1,5% y la \u00faltima oferta que fue un 2% en el aumento de la remuneraciones y en base ello tuvimos una reuni\u00f3n con los socios y se hizo efectiva la huelga a partir de este lunes\u201d.<br \/>\nAgreg\u00f3 que ni ellos ni la empresa opt\u00f3 por los buenos oficios, acusando que los cinco autom\u00f3viles nuevos que recibieron los gerentes equival\u00edan a la \u00faltima oferta de la empresa, lo que es algo inaceptable.<br \/>\nEspejo afirm\u00f3 que si bien reconocen que la venta de veh\u00edculos ha bajado en el mercado sudamericano, \u201cla empresa en si tienen para pagar todos sus costos a largo plazo\u201d.<br \/>\nAgreg\u00f3 que incluso la empresa para poder mantener a sus trabajadores estaba ofreciendo reajustes de salario cada seis meses equivalentes al 10%, pero esta medida se implement\u00f3 porque los sueldos en Cormec\u00e1nica son bajos, \u201cy por eso lo que nosotros buscamos es un aumento real de remuneraciones\u201d.<br \/>\nEl dirigente dijo que producto de esta situaci\u00f3n la planta se encuentra paralizada y con ello se est\u00e1 perdiendo plata y esperan que la empresa est\u00e9 dispuesta a acceder a sus demandas.<br \/>\nLos trabajadores realizar\u00e1n el mi\u00e9rcoles una marcha por el centro de Los Andes.<\/p>\n<p><strong>DECEPCI\u00d3N EN CORMEC\u00c1NICA<\/strong><br \/>\nPor su parte, Carlos Grossi Vieira Director Gerente General de Renault CMC, expres\u00f3 su \u201cdecepci\u00f3n por la huelga que han iniciado hoy los trabajadores.<br \/>\nRenault Cormec\u00e1nica, desde la \u00faltima negociaci\u00f3n comprendida entre los a\u00f1os 2012 y 2015, ha dado una media de 9% de reajuste real por a\u00f1o, acumulando un 36% de reajuste real. Esto es, por arriba de la inflaci\u00f3n. Inflaci\u00f3n que es restituida al sueldo de los trabajadores, cada cuatro meses.<br \/>\nAdem\u00e1s de este 36% de reajuste real, la empresa le da a sus trabajadores, bonos de Fiestas Patrias de 140 mil pesos, bono de Navidad y A\u00f1o Nuevo de 265 mil pesos, bono de vacaciones de 400 mil pesos, bono de meta anual de 250 mil pesos y una gratificaci\u00f3n voluntaria de 1 mill\u00f3n de pesos al a\u00f1o.<br \/>\nLa Direcci\u00f3n de la empresa, encabezada por su Director &#8211; Gerente General, Carlos Grossi, manifiesta que las puertas para seguir negociando con la directiva de los trabajadores, permanecen abiertas.\u201d<\/p>\n","protected":false},"excerpt":{"rendered":"<p>Exigen un incremento del 11% en sus salarios. LOS ANDES.- A contar de las 00 horas de ayer lunes los trabajadores del Sindicato N\u00ba 1 de la empresa Cormec\u00e1nica que agrupa a&#8230;<\/p>\n","protected":false},"author":482,"featured_media":64370,"comment_status":"open","ping_status":"open","sticky":false,"template":"","format":"standard","meta":{"advanced_seo_description":"","jetpack_seo_html_title":"","jetpack_seo_noindex":false,"_jetpack_memberships_contains_paid_content":false,"footnotes":""},"categories":[1],"tags":[],"class_list":["post-64369","post","type-post","status-publish","format-standard","has-post-thumbnail","hentry","category-cronica"],"jetpack_featured_media_url":"https:\/\/i0.wp.com\/eltrabajo.cl\/portal\/wp-content\/uploads\/2015\/12\/Paro-Cormecanica.jpg?fit=530%2C350&ssl=1","jetpack_sharing_enabled":true,"jetpack_likes_enabled":true,"jetpack-related-posts":[],"_links":{"self":[{"href":"https:\/\/eltrabajo.cl\/portal\/wp-json\/wp\/v2\/posts\/64369","targetHints":{"allow":["GET"]}}],"collection":[{"href":"https:\/\/eltrabajo.cl\/portal\/wp-json\/wp\/v2\/posts"}],"about":[{"href":"https:\/\/eltrabajo.cl\/portal\/wp-json\/wp\/v2\/types\/post"}],"author":[{"embeddable":true,"href":"https:\/\/eltrabajo.cl\/portal\/wp-json\/wp\/v2\/users\/482"}],"replies":[{"embeddable":true,"href":"https:\/\/eltrabajo.cl\/portal\/wp-json\/wp\/v2\/comments?post=64369"}],"version-history":[{"count":0,"href":"https:\/\/eltrabajo.cl\/portal\/wp-json\/wp\/v2\/posts\/64369\/revisions"}],"wp:featuredmedia":[{"embeddable":true,"href":"https:\/\/eltrabajo.cl\/portal\/wp-json\/wp\/v2\/media\/64370"}],"wp:attachment":[{"href":"https:\/\/eltrabajo.cl\/portal\/wp-json\/wp\/v2\/media?parent=64369"}],"wp:term":[{"taxonomy":"category","embeddable":true,"href":"https:\/\/eltrabajo.cl\/portal\/wp-json\/wp\/v2\/categories?post=64369"},{"taxonomy":"post_tag","embeddable":true,"href":"https:\/\/eltrabajo.cl\/portal\/wp-json\/wp\/v2\/tags?post=64369"}],"curies":[{"name":"wp","href":"https:\/\/api.w.org\/{rel}","templated":true}]}}