{"id":64372,"date":"2015-12-01T14:20:04","date_gmt":"2015-12-01T17:20:04","guid":{"rendered":"http:\/\/www.eltrabajo.cl\/portal\/?p=64372"},"modified":"2015-12-01T14:20:04","modified_gmt":"2015-12-01T17:20:04","slug":"vecinos-de-villas-250-anos-renacer-sol-naciente-e-industrial-firman-contrato-en-el-marco-del-programa-quiero-mi-barrio","status":"publish","type":"post","link":"https:\/\/eltrabajo.cl\/portal\/vecinos-de-villas-250-anos-renacer-sol-naciente-e-industrial-firman-contrato-en-el-marco-del-programa-quiero-mi-barrio\/","title":{"rendered":"Vecinos de villas 250 A\u00f1os, Renacer, Sol Naciente e Industrial firman contrato en el marco del programa \u2018Quiero mi barrio\u2019"},"content":{"rendered":"<figure id=\"attachment_64373\" aria-describedby=\"caption-attachment-64373\" style=\"width: 300px\" class=\"wp-caption alignleft\"><a href=\"https:\/\/i0.wp.com\/www.eltrabajo.cl\/portal\/wp-content\/uploads\/2015\/12\/firma-contrato.jpg\"><img data-recalc-dims=\"1\" loading=\"lazy\" decoding=\"async\" class=\"wp-image-64373 size-medium\" src=\"https:\/\/i0.wp.com\/www.eltrabajo.cl\/portal\/wp-content\/uploads\/2015\/12\/firma-contrato-300x198.jpg?resize=300%2C198\" alt=\"El alcalde Patricio Freire junto a autoridades y vecinos de las villas 250 A\u00f1os, Industrial, Sol Naciente y Renacer, firmaron el contrato de barrio, en el marco del programa \u2018Quiero mi barrio\u2019.\" width=\"300\" height=\"198\" srcset=\"https:\/\/i0.wp.com\/eltrabajo.cl\/portal\/wp-content\/uploads\/2015\/12\/firma-contrato.jpg?resize=300%2C198&amp;ssl=1 300w, https:\/\/i0.wp.com\/eltrabajo.cl\/portal\/wp-content\/uploads\/2015\/12\/firma-contrato.jpg?resize=200%2C132&amp;ssl=1 200w, https:\/\/i0.wp.com\/eltrabajo.cl\/portal\/wp-content\/uploads\/2015\/12\/firma-contrato.jpg?resize=228%2C150&amp;ssl=1 228w, https:\/\/i0.wp.com\/eltrabajo.cl\/portal\/wp-content\/uploads\/2015\/12\/firma-contrato.jpg?resize=400%2C263&amp;ssl=1 400w, https:\/\/i0.wp.com\/eltrabajo.cl\/portal\/wp-content\/uploads\/2015\/12\/firma-contrato.jpg?w=530&amp;ssl=1 530w\" sizes=\"auto, (max-width: 300px) 100vw, 300px\" \/><\/a><figcaption id=\"caption-attachment-64373\" class=\"wp-caption-text\">El alcalde Patricio Freire junto a autoridades y vecinos de las villas 250 A\u00f1os, Industrial, Sol Naciente y Renacer, firmaron el contrato de barrio, en el marco del programa \u2018Quiero mi barrio\u2019.<\/figcaption><\/figure>\n<p>Este lunes el alcalde Patricio Freire firm\u00f3 junto a los vecinos y el ministerio de Vivienda y Urbanismo el contrato de barrio, documento que recoge las inquietudes y necesidades de todos los vecinos de las villas 250 A\u00f1os, Industrial, Sol Naciente y Renacer, las que se resolver\u00e1n en los dos a\u00f1os de intervenci\u00f3n que realizar\u00e1 en ese lugar el programa \u2018Quiero mi barrio\u2019.<br \/>\nEn ese lugar de la comuna de San Felipe se ha realizado un trabajo conjunto desde el municipio con los vecinos de varios meses, lo que constituye la primera fase del programa, eligiendo incluso el Consejo vecinal de desarrollo.<br \/>\nSiendo una prioridad el mejoramiento de la calidad de vida de los vecinos de la comuna es que se ejecuta en este sector el programa de recuperaci\u00f3n de barrios \u2018Quiero mi barrio\u2019, teniendo como eje central la participaci\u00f3n, el encuentro y la vida en comunidad.<br \/>\n\u201cEstamos contentos porque estamos construyendo una ciudad distinta, que no tiene barrios segregados. Hoy d\u00eda estamos en todos los sectores de la comuna mejorando la calidad de vida de todos los vecinos. Estamos sacando adelante un barrio tan emblem\u00e1tico como son estas cuatro villas\u201d, dijo el alcalde Patricio Freire y agreg\u00f3 que actualmente los vecinos de todo este sector son escuchados y est\u00e1n insertos en el trabajo por lograr una mejor comuna para todos.<br \/>\nGiovanni Irarr\u00e1zabal, dirigente de la villa 250 A\u00f1os se mostr\u00f3 agradecido del trabajo que se est\u00e1 realizando al interior de este barrio, demostrando un trabajo concreto en beneficio de los vecinos.<br \/>\n\u201cEl municipio realmente est\u00e1 en terreno, con el programa \u2018Quiero mi barrio\u2019 nos damos cuenta que ya no estamos segregados, sino que nos sentimos incluidos en los temas de la comuna de San Felipe y estamos orgullosos de firmar este contrato de barrio y que as\u00ed las cuatro villas dejen atr\u00e1s el estigma que tiene y con esto ganamos un espacio importante\u201d.<br \/>\nEl dirigente destac\u00f3 el trabajo que se viene realizando hace unos meses entre los vecinos y los equipos t\u00e9cnicos del municipio, el que ha permitido dar a conocer sus inquietudes y necesidades, las que ser\u00e1n trabajadas durante el tiempo que se ejecute la iniciativa en este barrio.<br \/>\n\u201cEl municipio ha estado siempre con nosotros, siempre que los hemos necesitado, al alcalde, la Gobernaci\u00f3n, Quiero mi barrio siempre han estado con nosotros y eso nos demuestra que se rompi\u00f3 el estigma y nosotros tambi\u00e9n vamos a trabajar para tener las herramientas para salir adelante, no solamente que nos den las cosas en bandeja, porque la gente quiere trabajar\u201d.<\/p>\n","protected":false},"excerpt":{"rendered":"<p>Este lunes el alcalde Patricio Freire firm\u00f3 junto a los vecinos y el ministerio de Vivienda y Urbanismo el contrato de barrio, documento que recoge las inquietudes y necesidades de todos los&#8230;<\/p>\n","protected":false},"author":482,"featured_media":64373,"comment_status":"open","ping_status":"open","sticky":false,"template":"","format":"standard","meta":{"advanced_seo_description":"","jetpack_seo_html_title":"","jetpack_seo_noindex":false,"_jetpack_memberships_contains_paid_content":false,"footnotes":""},"categories":[15],"tags":[],"class_list":["post-64372","post","type-post","status-publish","format-standard","has-post-thumbnail","hentry","category-comunidad"],"jetpack_featured_media_url":"https:\/\/i0.wp.com\/eltrabajo.cl\/portal\/wp-content\/uploads\/2015\/12\/firma-contrato.jpg?fit=530%2C349&ssl=1","jetpack_sharing_enabled":true,"jetpack_likes_enabled":true,"jetpack-related-posts":[],"_links":{"self":[{"href":"https:\/\/eltrabajo.cl\/portal\/wp-json\/wp\/v2\/posts\/64372","targetHints":{"allow":["GET"]}}],"collection":[{"href":"https:\/\/eltrabajo.cl\/portal\/wp-json\/wp\/v2\/posts"}],"about":[{"href":"https:\/\/eltrabajo.cl\/portal\/wp-json\/wp\/v2\/types\/post"}],"author":[{"embeddable":true,"href":"https:\/\/eltrabajo.cl\/portal\/wp-json\/wp\/v2\/users\/482"}],"replies":[{"embeddable":true,"href":"https:\/\/eltrabajo.cl\/portal\/wp-json\/wp\/v2\/comments?post=64372"}],"version-history":[{"count":0,"href":"https:\/\/eltrabajo.cl\/portal\/wp-json\/wp\/v2\/posts\/64372\/revisions"}],"wp:featuredmedia":[{"embeddable":true,"href":"https:\/\/eltrabajo.cl\/portal\/wp-json\/wp\/v2\/media\/64373"}],"wp:attachment":[{"href":"https:\/\/eltrabajo.cl\/portal\/wp-json\/wp\/v2\/media?parent=64372"}],"wp:term":[{"taxonomy":"category","embeddable":true,"href":"https:\/\/eltrabajo.cl\/portal\/wp-json\/wp\/v2\/categories?post=64372"},{"taxonomy":"post_tag","embeddable":true,"href":"https:\/\/eltrabajo.cl\/portal\/wp-json\/wp\/v2\/tags?post=64372"}],"curies":[{"name":"wp","href":"https:\/\/api.w.org\/{rel}","templated":true}]}}