{"id":64375,"date":"2015-12-01T14:21:58","date_gmt":"2015-12-01T17:21:58","guid":{"rendered":"http:\/\/www.eltrabajo.cl\/portal\/?p=64375"},"modified":"2015-12-01T14:21:58","modified_gmt":"2015-12-01T17:21:58","slug":"rehabilitacion-de-tranque-beneficiara-a-22-familias-campesinas-de-san-felipe","status":"publish","type":"post","link":"https:\/\/eltrabajo.cl\/portal\/rehabilitacion-de-tranque-beneficiara-a-22-familias-campesinas-de-san-felipe\/","title":{"rendered":"Rehabilitaci\u00f3n de tranque beneficiar\u00e1 a 22 familias campesinas de San Felipe"},"content":{"rendered":"<figure id=\"attachment_64376\" aria-describedby=\"caption-attachment-64376\" style=\"width: 300px\" class=\"wp-caption alignleft\"><a href=\"https:\/\/i0.wp.com\/www.eltrabajo.cl\/portal\/wp-content\/uploads\/2015\/12\/Rehabilian-estanque.jpg\"><img data-recalc-dims=\"1\" loading=\"lazy\" decoding=\"async\" class=\"wp-image-64376 size-medium\" src=\"https:\/\/i0.wp.com\/www.eltrabajo.cl\/portal\/wp-content\/uploads\/2015\/12\/Rehabilian-estanque-300x198.jpg?resize=300%2C198\" alt=\"Diversas autoridades participaron de la inauguraci\u00f3n de rehabilitaci\u00f3n del tranque Las Casas de Quilpu\u00e9 en la comuna de San Felipe.\" width=\"300\" height=\"198\" srcset=\"https:\/\/i0.wp.com\/eltrabajo.cl\/portal\/wp-content\/uploads\/2015\/12\/Rehabilian-estanque.jpg?resize=300%2C198&amp;ssl=1 300w, https:\/\/i0.wp.com\/eltrabajo.cl\/portal\/wp-content\/uploads\/2015\/12\/Rehabilian-estanque.jpg?resize=200%2C132&amp;ssl=1 200w, https:\/\/i0.wp.com\/eltrabajo.cl\/portal\/wp-content\/uploads\/2015\/12\/Rehabilian-estanque.jpg?resize=227%2C150&amp;ssl=1 227w, https:\/\/i0.wp.com\/eltrabajo.cl\/portal\/wp-content\/uploads\/2015\/12\/Rehabilian-estanque.jpg?resize=400%2C264&amp;ssl=1 400w, https:\/\/i0.wp.com\/eltrabajo.cl\/portal\/wp-content\/uploads\/2015\/12\/Rehabilian-estanque.jpg?w=530&amp;ssl=1 530w\" sizes=\"auto, (max-width: 300px) 100vw, 300px\" \/><\/a><figcaption id=\"caption-attachment-64376\" class=\"wp-caption-text\">Diversas autoridades participaron de la inauguraci\u00f3n de rehabilitaci\u00f3n del tranque Las Casas de Quilpu\u00e9 en la comuna de San Felipe.<\/figcaption><\/figure>\n<ul>\n<li><strong>Obras de riego se concretaron gracias al convenio entre Indap y el Gobierno Regional.<\/strong><\/li>\n<\/ul>\n<p>Mejorar la calidad de vida de los peque\u00f1os agricultores de la regi\u00f3n que se han visto enfrentados a una larga sequ\u00eda, ha sido uno de los principales objetivos del convenio entre Indap y el Gobierno Regional 2014 -2015 y que permiti\u00f3 la ejecuci\u00f3n de 19 obras de riego entre las cuales est\u00e1 la rehabilitaci\u00f3n del tranque Las Casas de Quilpu\u00e9 en la comuna de San Felipe.<br \/>\nLa obra permiti\u00f3 la recuperaci\u00f3n de 21.380 metros c\u00fabicos de capacidad, que beneficiar\u00e1n a 22 familias campesinas del sector y 80 hect\u00e1reas de cultivos principalmente frutales, vides y hortalizas con un costo total de casi 72 millones de pesos.<br \/>\nAl respecto, el gobernador de San Felipe, Eduardo Le\u00f3n, dijo que \u201cpara el Gobierno de la Presidenta Bachelet mejorar las condiciones de uso del recurso h\u00eddrico es una prioridad. Se ha hecho un gran esfuerzo para la rehabilitaci\u00f3n de tranques y construcci\u00f3n de microembalses y en esto requerimos que todos los entes rememos para el mismo lado. Tenemos hoy el agua y las condiciones para poder desarrollar una mejor agricultura\u201d.<br \/>\nEn tanto, el consejero regional Iv\u00e1n Reyes, presidente de la comisi\u00f3n de recursos h\u00eddricos del Core sostuvo que \u201cpr\u00e1cticamente estamos alcanzando la meta que nosotros nos hab\u00edamos fijado de asegurar el riego a m\u00e1s de 10 mil hect\u00e1reas y alcanzar al mill\u00f3n de metros c\u00fabicos de agua embalsada. Creo que esto ha sido todo un \u00e9xito. Ahora estamos esperanzados por dar inicio al convenio 2015 &#8211; 2016 que va a contar con obras que ser\u00e1n ejecutadas mayoritariamente en el Valle de Aconcagua\u201d.<br \/>\nCabe destacar que a trav\u00e9s del convenio Indap \u2013 Gore se ejecutaron obras de rehabilitaci\u00f3n de tranques con m\u00e1s de 50 a\u00f1os de antig\u00fcedad y que datan de la Reforma Agraria, as\u00ed como obras de conducci\u00f3n y acumulaci\u00f3n.<br \/>\nPor su parte, El director regional de Indap, Helmuth Hinrichsen enfatiz\u00f3 que \u201ceste es un trabajo entre todos, que ha tenido como objetivo llegar a quien m\u00e1s lo necesita. Hoy nos articulamos entre los servicios y el Gobierno Regional, ponemos la parte t\u00e9cnica, el compromiso y los recursos. Estamos muy contentos y optimistas, porque vamos a tener 1500 millones de pesos m\u00e1s del Gore, Indap pone otros 1500 millones para el 2016 para seguir apoyando a la peque\u00f1a agricultura\u201d.<br \/>\nEl Seremi de Agricultura, Ricardo Astorga, explic\u00f3 que \u201cestas obras son fruto del trabajo que efectuamos en terreno con la propia comunidad de regantes, quienes nos manifestaron sus necesidades y en base a ello, comenzamos a trabajar en conjunto, todos los involucrados, para concretarla. Estamos muy contentos y motivados para continuar en la misma l\u00ednea, que es la que nos ha mandatado la Presidenta Bachelet\u201d.<\/p>\n","protected":false},"excerpt":{"rendered":"<p>Obras de riego se concretaron gracias al convenio entre Indap y el Gobierno Regional. Mejorar la calidad de vida de los peque\u00f1os agricultores de la regi\u00f3n que se han visto enfrentados a&#8230;<\/p>\n","protected":false},"author":482,"featured_media":64376,"comment_status":"open","ping_status":"open","sticky":false,"template":"","format":"standard","meta":{"advanced_seo_description":"","jetpack_seo_html_title":"","jetpack_seo_noindex":false,"_jetpack_memberships_contains_paid_content":false,"footnotes":""},"categories":[1],"tags":[],"class_list":["post-64375","post","type-post","status-publish","format-standard","has-post-thumbnail","hentry","category-cronica"],"jetpack_featured_media_url":"https:\/\/i0.wp.com\/eltrabajo.cl\/portal\/wp-content\/uploads\/2015\/12\/Rehabilian-estanque.jpg?fit=530%2C350&ssl=1","jetpack_sharing_enabled":true,"jetpack_likes_enabled":true,"jetpack-related-posts":[],"_links":{"self":[{"href":"https:\/\/eltrabajo.cl\/portal\/wp-json\/wp\/v2\/posts\/64375","targetHints":{"allow":["GET"]}}],"collection":[{"href":"https:\/\/eltrabajo.cl\/portal\/wp-json\/wp\/v2\/posts"}],"about":[{"href":"https:\/\/eltrabajo.cl\/portal\/wp-json\/wp\/v2\/types\/post"}],"author":[{"embeddable":true,"href":"https:\/\/eltrabajo.cl\/portal\/wp-json\/wp\/v2\/users\/482"}],"replies":[{"embeddable":true,"href":"https:\/\/eltrabajo.cl\/portal\/wp-json\/wp\/v2\/comments?post=64375"}],"version-history":[{"count":0,"href":"https:\/\/eltrabajo.cl\/portal\/wp-json\/wp\/v2\/posts\/64375\/revisions"}],"wp:featuredmedia":[{"embeddable":true,"href":"https:\/\/eltrabajo.cl\/portal\/wp-json\/wp\/v2\/media\/64376"}],"wp:attachment":[{"href":"https:\/\/eltrabajo.cl\/portal\/wp-json\/wp\/v2\/media?parent=64375"}],"wp:term":[{"taxonomy":"category","embeddable":true,"href":"https:\/\/eltrabajo.cl\/portal\/wp-json\/wp\/v2\/categories?post=64375"},{"taxonomy":"post_tag","embeddable":true,"href":"https:\/\/eltrabajo.cl\/portal\/wp-json\/wp\/v2\/tags?post=64375"}],"curies":[{"name":"wp","href":"https:\/\/api.w.org\/{rel}","templated":true}]}}