{"id":64385,"date":"2015-12-02T15:14:04","date_gmt":"2015-12-02T18:14:04","guid":{"rendered":"http:\/\/www.eltrabajo.cl\/portal\/?p=64385"},"modified":"2015-12-02T15:14:04","modified_gmt":"2015-12-02T18:14:04","slug":"momentos-muy-agitados-se-viven-en-la-interna-del-amor-a-la-camiseta","status":"publish","type":"post","link":"https:\/\/eltrabajo.cl\/portal\/momentos-muy-agitados-se-viven-en-la-interna-del-amor-a-la-camiseta\/","title":{"rendered":"Momentos muy agitados se viven en la interna del \u2018Amor a la Camiseta\u2019"},"content":{"rendered":"<figure id=\"attachment_64386\" aria-describedby=\"caption-attachment-64386\" style=\"width: 300px\" class=\"wp-caption alignleft\"><a href=\"https:\/\/i0.wp.com\/www.eltrabajo.cl\/portal\/wp-content\/uploads\/2015\/12\/amor-a-la-camiseta.jpg\"><img data-recalc-dims=\"1\" loading=\"lazy\" decoding=\"async\" class=\"wp-image-64386 size-medium\" src=\"https:\/\/i0.wp.com\/www.eltrabajo.cl\/portal\/wp-content\/uploads\/2015\/12\/amor-a-la-camiseta-300x198.jpg?resize=300%2C198\" alt=\"Fuertes discrepancias entre dirigentes muy importantes se est\u00e1n produciendo al interior del \u2018Amor a la Camiseta\u2019.\" width=\"300\" height=\"198\" srcset=\"https:\/\/i0.wp.com\/eltrabajo.cl\/portal\/wp-content\/uploads\/2015\/12\/amor-a-la-camiseta.jpg?resize=300%2C198&amp;ssl=1 300w, https:\/\/i0.wp.com\/eltrabajo.cl\/portal\/wp-content\/uploads\/2015\/12\/amor-a-la-camiseta.jpg?resize=200%2C132&amp;ssl=1 200w, https:\/\/i0.wp.com\/eltrabajo.cl\/portal\/wp-content\/uploads\/2015\/12\/amor-a-la-camiseta.jpg?resize=228%2C150&amp;ssl=1 228w, https:\/\/i0.wp.com\/eltrabajo.cl\/portal\/wp-content\/uploads\/2015\/12\/amor-a-la-camiseta.jpg?resize=400%2C263&amp;ssl=1 400w, https:\/\/i0.wp.com\/eltrabajo.cl\/portal\/wp-content\/uploads\/2015\/12\/amor-a-la-camiseta.jpg?w=530&amp;ssl=1 530w\" sizes=\"auto, (max-width: 300px) 100vw, 300px\" \/><\/a><figcaption id=\"caption-attachment-64386\" class=\"wp-caption-text\">Fuertes discrepancias entre dirigentes muy importantes se est\u00e1n produciendo al interior del \u2018Amor a la Camiseta\u2019.<\/figcaption><\/figure>\n<ul>\n<li><strong>Campeonato volver\u00eda a las manos de su fundador.<\/strong><\/li>\n<\/ul>\n<p>Visiones distintas y algunas discrepancias entre sus directivos m\u00e1s importantes e hist\u00f3ricos, las que incluso han llegado a poner en duda su realizaci\u00f3n el pr\u00f3ximo verano, el tradicional torneo de f\u00fatbol amateur, \u2018Selim Amar Pozo, Por Amor a la Camiseta\u2019, contra viento y marea igual se realizar\u00e1 durante los primeros y calurosos meses del 2016.<br \/>\nLas desavenencias se han producido b\u00e1sicamente por el hecho a que, seg\u00fan su creador \u2013Ra\u00fal Reinoso- el torneo ha perdido peso durante sus \u00faltimas ediciones, a lo que se ha sumado el agravante que en el \u00faltimo tiempo se produjeron hechos graves de indisciplina y los castigos correspondientes no habr\u00edan estado del todo ajustados, cosas que para Ra\u00fal Reinoso, habr\u00edan erosionado gravemente los cimientos de la competencia. \u201c\u00cdbamos en camino de ser el certamen m\u00e1s importante de toda la zona cordillera, eso era algo que todos reconoc\u00edan, pero es claro que hemos perdido importancia\u201d, coment\u00f3 a nuestro medio, Ra\u00fal Reinoso.<br \/>\nAnte esta situaci\u00f3n, El Trabajo Deportivo, se puso en contacto con Christian Colarte, el directivo que ha tenido la responsabilidad de encabezar \u2018El Amor a la Camiseta\u2019 durante los \u00faltimos a\u00f1os, quien se refiri\u00f3 de la siguiente manera ante la pol\u00e9mica. \u201cEs efectivo que hay discrepancias, pero \u00e9stas b\u00e1sicamente se han producido por dos hechos puntuales, uno es que las bases del campeonato impiden que un club que participar\u00e1 en la Copa de Campeones, este al mismo tiempo en el \u2018Selim Amar Pozo\u2019, ese punto es claro, pese a que algunos quieren pasarlo por alto; el otro tema y no menos importante es que los clubes est\u00e1n molestos por el hecho que el tesorero no ha entregado el balance correspondiente\u201d, se\u00f1al\u00f3 Colarte quien tampoco descart\u00f3 que \u2018El Rulo\u2019 vuelva a ser el mandam\u00e1s del torneo. \u201cLo puede hacer y en lo personal no lo impedir\u00e9, si \u00e9l as\u00ed lo desea\u201d, afirm\u00f3 Colarte.<\/p>\n","protected":false},"excerpt":{"rendered":"<p>Campeonato volver\u00eda a las manos de su fundador. Visiones distintas y algunas discrepancias entre sus directivos m\u00e1s importantes e hist\u00f3ricos, las que incluso han llegado a poner en duda su realizaci\u00f3n el&#8230;<\/p>\n","protected":false},"author":482,"featured_media":64386,"comment_status":"open","ping_status":"open","sticky":false,"template":"","format":"standard","meta":{"advanced_seo_description":"","jetpack_seo_html_title":"","jetpack_seo_noindex":false,"_jetpack_memberships_contains_paid_content":false,"footnotes":""},"categories":[19],"tags":[],"class_list":["post-64385","post","type-post","status-publish","format-standard","has-post-thumbnail","hentry","category-deportes"],"jetpack_featured_media_url":"https:\/\/i0.wp.com\/eltrabajo.cl\/portal\/wp-content\/uploads\/2015\/12\/amor-a-la-camiseta.jpg?fit=530%2C349&ssl=1","jetpack_sharing_enabled":true,"jetpack_likes_enabled":true,"jetpack-related-posts":[],"_links":{"self":[{"href":"https:\/\/eltrabajo.cl\/portal\/wp-json\/wp\/v2\/posts\/64385","targetHints":{"allow":["GET"]}}],"collection":[{"href":"https:\/\/eltrabajo.cl\/portal\/wp-json\/wp\/v2\/posts"}],"about":[{"href":"https:\/\/eltrabajo.cl\/portal\/wp-json\/wp\/v2\/types\/post"}],"author":[{"embeddable":true,"href":"https:\/\/eltrabajo.cl\/portal\/wp-json\/wp\/v2\/users\/482"}],"replies":[{"embeddable":true,"href":"https:\/\/eltrabajo.cl\/portal\/wp-json\/wp\/v2\/comments?post=64385"}],"version-history":[{"count":0,"href":"https:\/\/eltrabajo.cl\/portal\/wp-json\/wp\/v2\/posts\/64385\/revisions"}],"wp:featuredmedia":[{"embeddable":true,"href":"https:\/\/eltrabajo.cl\/portal\/wp-json\/wp\/v2\/media\/64386"}],"wp:attachment":[{"href":"https:\/\/eltrabajo.cl\/portal\/wp-json\/wp\/v2\/media?parent=64385"}],"wp:term":[{"taxonomy":"category","embeddable":true,"href":"https:\/\/eltrabajo.cl\/portal\/wp-json\/wp\/v2\/categories?post=64385"},{"taxonomy":"post_tag","embeddable":true,"href":"https:\/\/eltrabajo.cl\/portal\/wp-json\/wp\/v2\/tags?post=64385"}],"curies":[{"name":"wp","href":"https:\/\/api.w.org\/{rel}","templated":true}]}}