{"id":64388,"date":"2015-12-02T15:15:48","date_gmt":"2015-12-02T18:15:48","guid":{"rendered":"http:\/\/www.eltrabajo.cl\/portal\/?p=64388"},"modified":"2015-12-02T15:15:48","modified_gmt":"2015-12-02T18:15:48","slug":"ayer-21-internos-realizaron-su-psu-en-el-ccp-san-felipe","status":"publish","type":"post","link":"https:\/\/eltrabajo.cl\/portal\/ayer-21-internos-realizaron-su-psu-en-el-ccp-san-felipe\/","title":{"rendered":"Ayer, 21 internos realizaron su PSU en el CCP San Felipe"},"content":{"rendered":"<figure id=\"attachment_64389\" aria-describedby=\"caption-attachment-64389\" style=\"width: 300px\" class=\"wp-caption alignleft\"><a href=\"https:\/\/i0.wp.com\/www.eltrabajo.cl\/portal\/wp-content\/uploads\/2015\/12\/Prueba2.jpg\"><img data-recalc-dims=\"1\" loading=\"lazy\" decoding=\"async\" class=\"wp-image-64389 size-medium\" src=\"https:\/\/i0.wp.com\/www.eltrabajo.cl\/portal\/wp-content\/uploads\/2015\/12\/Prueba2-300x198.jpg?resize=300%2C198\" alt=\"VAN CON TODO.- Ni un mosquito pod\u00eda hacer ruido en esta sala, pues la PSU debe realizarse con responsabilidad y seriedad.\" width=\"300\" height=\"198\" srcset=\"https:\/\/i0.wp.com\/eltrabajo.cl\/portal\/wp-content\/uploads\/2015\/12\/Prueba2.jpg?resize=300%2C198&amp;ssl=1 300w, https:\/\/i0.wp.com\/eltrabajo.cl\/portal\/wp-content\/uploads\/2015\/12\/Prueba2.jpg?resize=200%2C132&amp;ssl=1 200w, https:\/\/i0.wp.com\/eltrabajo.cl\/portal\/wp-content\/uploads\/2015\/12\/Prueba2.jpg?resize=228%2C150&amp;ssl=1 228w, https:\/\/i0.wp.com\/eltrabajo.cl\/portal\/wp-content\/uploads\/2015\/12\/Prueba2.jpg?resize=400%2C263&amp;ssl=1 400w, https:\/\/i0.wp.com\/eltrabajo.cl\/portal\/wp-content\/uploads\/2015\/12\/Prueba2.jpg?w=530&amp;ssl=1 530w\" sizes=\"auto, (max-width: 300px) 100vw, 300px\" \/><\/a><figcaption id=\"caption-attachment-64389\" class=\"wp-caption-text\">VAN CON TODO.- Ni un mosquito pod\u00eda hacer ruido en esta sala, pues la PSU debe realizarse con responsabilidad y seriedad.<\/figcaption><\/figure>\n<p>Cientos de reclusos de la V Regi\u00f3n realizaron ayer martes en sus centros penales la Prueba de Selecci\u00f3n Universitaria (PSU), para as\u00ed dar un paso m\u00e1s en su proceso de reinserci\u00f3n social, s\u00f3lo en Isla de Pascua y Petorca no se rindi\u00f3 la prueba.<br \/>\nEn el caso espec\u00edfico del Complejo Penitenciario de San Felipe, unos 21 privados de libertad fueron quienes la rindieron, Diario El Trabajo pudo tomar registro de esa actividad y tambi\u00e9n hablar con el alcaide Cristian Valdez, quien explic\u00f3 a nuestro medio que \u00abson 17 internos de nuestro centro penitenciario y cuatro del CET Putaendo, quienes han rendido la prueba. Estos estudiantes podr\u00edan, dependiendo de su puntaje, eventualmente ser favorecidos con alguna beca\u00bb, dijo Valdez a Diario El Trabajo.<\/p>\n<figure id=\"attachment_64390\" aria-describedby=\"caption-attachment-64390\" style=\"width: 300px\" class=\"wp-caption alignright\"><a href=\"https:\/\/i0.wp.com\/www.eltrabajo.cl\/portal\/wp-content\/uploads\/2015\/12\/Cristian-Valdez.jpg\"><img data-recalc-dims=\"1\" loading=\"lazy\" decoding=\"async\" class=\"wp-image-64390 size-medium\" src=\"https:\/\/i0.wp.com\/www.eltrabajo.cl\/portal\/wp-content\/uploads\/2015\/12\/Cristian-Valdez-300x198.jpg?resize=300%2C198\" alt=\"Cristian Valdez, alcaide del CCP San Felipe.\" width=\"300\" height=\"198\" srcset=\"https:\/\/i0.wp.com\/eltrabajo.cl\/portal\/wp-content\/uploads\/2015\/12\/Cristian-Valdez.jpg?resize=300%2C198&amp;ssl=1 300w, https:\/\/i0.wp.com\/eltrabajo.cl\/portal\/wp-content\/uploads\/2015\/12\/Cristian-Valdez.jpg?resize=200%2C132&amp;ssl=1 200w, https:\/\/i0.wp.com\/eltrabajo.cl\/portal\/wp-content\/uploads\/2015\/12\/Cristian-Valdez.jpg?resize=228%2C150&amp;ssl=1 228w, https:\/\/i0.wp.com\/eltrabajo.cl\/portal\/wp-content\/uploads\/2015\/12\/Cristian-Valdez.jpg?resize=400%2C263&amp;ssl=1 400w, https:\/\/i0.wp.com\/eltrabajo.cl\/portal\/wp-content\/uploads\/2015\/12\/Cristian-Valdez.jpg?w=530&amp;ssl=1 530w\" sizes=\"auto, (max-width: 300px) 100vw, 300px\" \/><\/a><figcaption id=\"caption-attachment-64390\" class=\"wp-caption-text\">Cristian Valdez, alcaide del CCP San Felipe.<\/figcaption><\/figure>\n<p>Seg\u00fan lo explicado por este funcionario, \u00aben algunos casos a estos j\u00f3venes, dependiendo de su perfil y el tiempo de condena que le resta, podr\u00edan salir a la universidad a estudiar, y regresar posteriormente al centro penal, habr\u00e1 que ver los resultados de sus pruebas\u00bb, dijo Valdez.<br \/>\nEn materia regional, podemos informar que en Valpara\u00edso fueron 156 internos los que comenzaron a rendir el examen de Lenguaje y Comunicaci\u00f3n cerca de las 09:00 horas en las salas de clases de la Escuela Cardenal Oviedo y Juan Luis Vives el lunes, dos de las tres que funcionan en la unidad porte\u00f1a. De esta manera, se super\u00f3 la cifra del a\u00f1o pasado, cuando 143 personas privadas de libertad la realizaron.<br \/>\n<strong>Roberto Gonz\u00e1lez Short<\/strong><br \/>\n<strong>rgonzalez@eltrabajo.cl<\/strong><\/p>\n","protected":false},"excerpt":{"rendered":"<p>Cientos de reclusos de la V Regi\u00f3n realizaron ayer martes en sus centros penales la Prueba de Selecci\u00f3n Universitaria (PSU), para as\u00ed dar un paso m\u00e1s en su proceso de reinserci\u00f3n social,&#8230;<\/p>\n","protected":false},"author":482,"featured_media":64389,"comment_status":"open","ping_status":"open","sticky":false,"template":"","format":"standard","meta":{"advanced_seo_description":"","jetpack_seo_html_title":"","jetpack_seo_noindex":false,"_jetpack_memberships_contains_paid_content":false,"footnotes":""},"categories":[15],"tags":[],"class_list":["post-64388","post","type-post","status-publish","format-standard","has-post-thumbnail","hentry","category-comunidad"],"jetpack_featured_media_url":"https:\/\/i0.wp.com\/eltrabajo.cl\/portal\/wp-content\/uploads\/2015\/12\/Prueba2.jpg?fit=530%2C349&ssl=1","jetpack_sharing_enabled":true,"jetpack_likes_enabled":true,"jetpack-related-posts":[],"_links":{"self":[{"href":"https:\/\/eltrabajo.cl\/portal\/wp-json\/wp\/v2\/posts\/64388","targetHints":{"allow":["GET"]}}],"collection":[{"href":"https:\/\/eltrabajo.cl\/portal\/wp-json\/wp\/v2\/posts"}],"about":[{"href":"https:\/\/eltrabajo.cl\/portal\/wp-json\/wp\/v2\/types\/post"}],"author":[{"embeddable":true,"href":"https:\/\/eltrabajo.cl\/portal\/wp-json\/wp\/v2\/users\/482"}],"replies":[{"embeddable":true,"href":"https:\/\/eltrabajo.cl\/portal\/wp-json\/wp\/v2\/comments?post=64388"}],"version-history":[{"count":0,"href":"https:\/\/eltrabajo.cl\/portal\/wp-json\/wp\/v2\/posts\/64388\/revisions"}],"wp:featuredmedia":[{"embeddable":true,"href":"https:\/\/eltrabajo.cl\/portal\/wp-json\/wp\/v2\/media\/64389"}],"wp:attachment":[{"href":"https:\/\/eltrabajo.cl\/portal\/wp-json\/wp\/v2\/media?parent=64388"}],"wp:term":[{"taxonomy":"category","embeddable":true,"href":"https:\/\/eltrabajo.cl\/portal\/wp-json\/wp\/v2\/categories?post=64388"},{"taxonomy":"post_tag","embeddable":true,"href":"https:\/\/eltrabajo.cl\/portal\/wp-json\/wp\/v2\/tags?post=64388"}],"curies":[{"name":"wp","href":"https:\/\/api.w.org\/{rel}","templated":true}]}}