{"id":64392,"date":"2015-12-02T15:17:52","date_gmt":"2015-12-02T18:17:52","guid":{"rendered":"http:\/\/www.eltrabajo.cl\/portal\/?p=64392"},"modified":"2015-12-02T15:17:52","modified_gmt":"2015-12-02T18:17:52","slug":"mas-de-300-personas-participaron-de-exitosa-cicletada-en-llay-llay","status":"publish","type":"post","link":"https:\/\/eltrabajo.cl\/portal\/mas-de-300-personas-participaron-de-exitosa-cicletada-en-llay-llay\/","title":{"rendered":"M\u00e1s de 300 personas participaron de exitosa cicletada en Llay Llay"},"content":{"rendered":"<figure id=\"attachment_64393\" aria-describedby=\"caption-attachment-64393\" style=\"width: 300px\" class=\"wp-caption alignleft\"><a href=\"https:\/\/i0.wp.com\/www.eltrabajo.cl\/portal\/wp-content\/uploads\/2015\/12\/Cicletada-Llay-Llay-2.jpg\"><img data-recalc-dims=\"1\" loading=\"lazy\" decoding=\"async\" class=\"wp-image-64393 size-medium\" src=\"https:\/\/i0.wp.com\/www.eltrabajo.cl\/portal\/wp-content\/uploads\/2015\/12\/Cicletada-Llay-Llay-2-300x198.jpg?resize=300%2C198\" alt=\"M\u00e1s de 300 personas participaron de la cicletada \u2018Pedalea Seguro\u2019, organizada por el Departamento de Tr\u00e1nsito de la Municipalidad de Llay Llay.\" width=\"300\" height=\"198\" srcset=\"https:\/\/i0.wp.com\/eltrabajo.cl\/portal\/wp-content\/uploads\/2015\/12\/Cicletada-Llay-Llay-2.jpg?resize=300%2C198&amp;ssl=1 300w, https:\/\/i0.wp.com\/eltrabajo.cl\/portal\/wp-content\/uploads\/2015\/12\/Cicletada-Llay-Llay-2.jpg?resize=200%2C132&amp;ssl=1 200w, https:\/\/i0.wp.com\/eltrabajo.cl\/portal\/wp-content\/uploads\/2015\/12\/Cicletada-Llay-Llay-2.jpg?resize=228%2C150&amp;ssl=1 228w, https:\/\/i0.wp.com\/eltrabajo.cl\/portal\/wp-content\/uploads\/2015\/12\/Cicletada-Llay-Llay-2.jpg?resize=400%2C263&amp;ssl=1 400w, https:\/\/i0.wp.com\/eltrabajo.cl\/portal\/wp-content\/uploads\/2015\/12\/Cicletada-Llay-Llay-2.jpg?w=530&amp;ssl=1 530w\" sizes=\"auto, (max-width: 300px) 100vw, 300px\" \/><\/a><figcaption id=\"caption-attachment-64393\" class=\"wp-caption-text\">M\u00e1s de 300 personas participaron de la cicletada \u2018Pedalea Seguro\u2019, organizada por el Departamento de Tr\u00e1nsito de la Municipalidad de Llay Llay.<\/figcaption><\/figure>\n<p><strong>LLAY LLAY<\/strong>.- La cicletada \u2018Pedalea Seguro\u2019 organizada por el Departamento de Tr\u00e1nsito del municipio llaylla\u00edno, cumpli\u00f3 con cada uno de los objetivos trazados y super\u00f3 las expectativas. M\u00e1s de 300 personas participaron en la actividad y los organizadores pudieron entregar herramientas y conocimientos a los asistentes, asegurando de esta manera el objetivo fundamental: el ciclismo seguro en la ciudad.<br \/>\nLas recomendaciones se centraron en ocupar la ciclov\u00edas de la ciudad, usar elementos de protecci\u00f3n como casco y guantes y ser proactivos y respetuosos de la se\u00f1al\u00e9tica vial.<br \/>\nLos presentes respondieron positivamente a la inducci\u00f3n. Fueron familias enteras las que se dieron cita en el frontis municipal, para hacerse parte de una jornada marcada por la perseverancia de los hermanitos Salinas-Mu\u00f1oz: Luis emilio de (4 a\u00f1os), que realiz\u00f3 el circuito completo en una bicicleta \u2018roda sin pedales\u2019 y Pedro Francisco de (2 a\u00f1os), en un triciclo. Ambos fueron el centro de atenci\u00f3n, despertando la admiraci\u00f3n y cari\u00f1o del p\u00fablico.<\/p>\n<figure id=\"attachment_64394\" aria-describedby=\"caption-attachment-64394\" style=\"width: 300px\" class=\"wp-caption alignright\"><a href=\"https:\/\/i0.wp.com\/www.eltrabajo.cl\/portal\/wp-content\/uploads\/2015\/12\/Cicletada-Llay-Llay-1.jpg\"><img data-recalc-dims=\"1\" loading=\"lazy\" decoding=\"async\" class=\"wp-image-64394 size-medium\" src=\"https:\/\/i0.wp.com\/www.eltrabajo.cl\/portal\/wp-content\/uploads\/2015\/12\/Cicletada-Llay-Llay-1-300x198.jpg?resize=300%2C198\" alt=\"En la jornada, los participantes recibieron los implementos necesarios de seguridad, como cascos, kits de luces, bombines, etc.\" width=\"300\" height=\"198\" srcset=\"https:\/\/i0.wp.com\/eltrabajo.cl\/portal\/wp-content\/uploads\/2015\/12\/Cicletada-Llay-Llay-1.jpg?resize=300%2C198&amp;ssl=1 300w, https:\/\/i0.wp.com\/eltrabajo.cl\/portal\/wp-content\/uploads\/2015\/12\/Cicletada-Llay-Llay-1.jpg?resize=200%2C132&amp;ssl=1 200w, https:\/\/i0.wp.com\/eltrabajo.cl\/portal\/wp-content\/uploads\/2015\/12\/Cicletada-Llay-Llay-1.jpg?resize=228%2C150&amp;ssl=1 228w, https:\/\/i0.wp.com\/eltrabajo.cl\/portal\/wp-content\/uploads\/2015\/12\/Cicletada-Llay-Llay-1.jpg?resize=400%2C263&amp;ssl=1 400w, https:\/\/i0.wp.com\/eltrabajo.cl\/portal\/wp-content\/uploads\/2015\/12\/Cicletada-Llay-Llay-1.jpg?w=530&amp;ssl=1 530w\" sizes=\"auto, (max-width: 300px) 100vw, 300px\" \/><\/a><figcaption id=\"caption-attachment-64394\" class=\"wp-caption-text\">En la jornada, los participantes recibieron los implementos necesarios de seguridad, como cascos, kits de luces, bombines, etc.<\/figcaption><\/figure>\n<p>Estuvieron presentes autoridades como los concejales: Margarita Puebla y Mesala Gonz\u00e1lez; entre las instituciones participantes resalt\u00f3 la presencia de Senda y OPD; y la colaboraci\u00f3n de Carabineros de la Subcomisar\u00eda de Llay Llay.<br \/>\nEl Director del Departamento de Tr\u00e1nsito, Roberto D\u00edaz, subray\u00f3 que este fue un trabajo en equipo del Departamento, \u201ctrabajamos junto a Patricio Ovalle, Juan Carlos Rojas, y Cristi\u00e1n Briones\u201d. Durante la jornada, los participantes recibieron chalecos reflectantes, cascos, kits de luces, bombines, candados para la bicicleta. As\u00ed como tambi\u00e9n, bebidas, aguas minerales y colaciones saludables.<br \/>\nEl Departamento de Tr\u00e1nsito agradece a todas las personas que colaboraron en forma an\u00f3nima con esta actividad.<br \/>\n<strong>Marianela Quevedo<\/strong><\/p>\n","protected":false},"excerpt":{"rendered":"<p>LLAY LLAY.- La cicletada \u2018Pedalea Seguro\u2019 organizada por el Departamento de Tr\u00e1nsito del municipio llaylla\u00edno, cumpli\u00f3 con cada uno de los objetivos trazados y super\u00f3 las expectativas. M\u00e1s de 300 personas participaron&#8230;<\/p>\n","protected":false},"author":482,"featured_media":64393,"comment_status":"open","ping_status":"open","sticky":false,"template":"","format":"standard","meta":{"advanced_seo_description":"","jetpack_seo_html_title":"","jetpack_seo_noindex":false,"_jetpack_memberships_contains_paid_content":false,"footnotes":""},"categories":[15],"tags":[],"class_list":["post-64392","post","type-post","status-publish","format-standard","has-post-thumbnail","hentry","category-comunidad"],"jetpack_featured_media_url":"https:\/\/i0.wp.com\/eltrabajo.cl\/portal\/wp-content\/uploads\/2015\/12\/Cicletada-Llay-Llay-2.jpg?fit=530%2C349&ssl=1","jetpack_sharing_enabled":true,"jetpack_likes_enabled":true,"jetpack-related-posts":[],"_links":{"self":[{"href":"https:\/\/eltrabajo.cl\/portal\/wp-json\/wp\/v2\/posts\/64392","targetHints":{"allow":["GET"]}}],"collection":[{"href":"https:\/\/eltrabajo.cl\/portal\/wp-json\/wp\/v2\/posts"}],"about":[{"href":"https:\/\/eltrabajo.cl\/portal\/wp-json\/wp\/v2\/types\/post"}],"author":[{"embeddable":true,"href":"https:\/\/eltrabajo.cl\/portal\/wp-json\/wp\/v2\/users\/482"}],"replies":[{"embeddable":true,"href":"https:\/\/eltrabajo.cl\/portal\/wp-json\/wp\/v2\/comments?post=64392"}],"version-history":[{"count":0,"href":"https:\/\/eltrabajo.cl\/portal\/wp-json\/wp\/v2\/posts\/64392\/revisions"}],"wp:featuredmedia":[{"embeddable":true,"href":"https:\/\/eltrabajo.cl\/portal\/wp-json\/wp\/v2\/media\/64393"}],"wp:attachment":[{"href":"https:\/\/eltrabajo.cl\/portal\/wp-json\/wp\/v2\/media?parent=64392"}],"wp:term":[{"taxonomy":"category","embeddable":true,"href":"https:\/\/eltrabajo.cl\/portal\/wp-json\/wp\/v2\/categories?post=64392"},{"taxonomy":"post_tag","embeddable":true,"href":"https:\/\/eltrabajo.cl\/portal\/wp-json\/wp\/v2\/tags?post=64392"}],"curies":[{"name":"wp","href":"https:\/\/api.w.org\/{rel}","templated":true}]}}