{"id":64396,"date":"2015-12-02T15:18:58","date_gmt":"2015-12-02T18:18:58","guid":{"rendered":"http:\/\/www.eltrabajo.cl\/portal\/?p=64396"},"modified":"2015-12-02T15:18:58","modified_gmt":"2015-12-02T18:18:58","slug":"favorecen-a-una-decena-de-mujeres-con-programa-de-apoyo-a-tu-plan-laboral","status":"publish","type":"post","link":"https:\/\/eltrabajo.cl\/portal\/favorecen-a-una-decena-de-mujeres-con-programa-de-apoyo-a-tu-plan-laboral\/","title":{"rendered":"Favorecen a una decena de mujeres con programa de Apoyo a Tu Plan Laboral"},"content":{"rendered":"<figure id=\"attachment_64397\" aria-describedby=\"caption-attachment-64397\" style=\"width: 300px\" class=\"wp-caption alignleft\"><a href=\"https:\/\/i0.wp.com\/www.eltrabajo.cl\/portal\/wp-content\/uploads\/2015\/12\/Camila-Aragon.jpg\"><img data-recalc-dims=\"1\" loading=\"lazy\" decoding=\"async\" class=\"wp-image-64397 size-medium\" src=\"https:\/\/i0.wp.com\/www.eltrabajo.cl\/portal\/wp-content\/uploads\/2015\/12\/Camila-Aragon-300x199.jpg?resize=300%2C199\" alt=\"Camila Arag\u00f3n, directora de la Dideco de la Municipalidad de Panquehue.\" width=\"300\" height=\"199\" srcset=\"https:\/\/i0.wp.com\/eltrabajo.cl\/portal\/wp-content\/uploads\/2015\/12\/Camila-Aragon.jpg?resize=300%2C199&amp;ssl=1 300w, https:\/\/i0.wp.com\/eltrabajo.cl\/portal\/wp-content\/uploads\/2015\/12\/Camila-Aragon.jpg?resize=200%2C133&amp;ssl=1 200w, https:\/\/i0.wp.com\/eltrabajo.cl\/portal\/wp-content\/uploads\/2015\/12\/Camila-Aragon.jpg?resize=226%2C150&amp;ssl=1 226w, https:\/\/i0.wp.com\/eltrabajo.cl\/portal\/wp-content\/uploads\/2015\/12\/Camila-Aragon.jpg?resize=400%2C265&amp;ssl=1 400w, https:\/\/i0.wp.com\/eltrabajo.cl\/portal\/wp-content\/uploads\/2015\/12\/Camila-Aragon.jpg?w=528&amp;ssl=1 528w\" sizes=\"auto, (max-width: 300px) 100vw, 300px\" \/><\/a><figcaption id=\"caption-attachment-64397\" class=\"wp-caption-text\">Camila Arag\u00f3n, directora de la Dideco de la Municipalidad de Panquehue.<\/figcaption><\/figure>\n<ul>\n<li><strong>Se trata de una instancia ejecutada por el Fosis y que est\u00e1 destinada a mujeres que est\u00e1n cursando sesiones de fortalecimiento, a trav\u00e9s del programa acompa\u00f1amiento socio laboral del subsistema de seguridad y oportunidade<\/strong>s.<\/li>\n<\/ul>\n<p><strong>PANQUEHUE.<\/strong>&#8211; Un total de 10 mujeres de la comuna han sido beneficiadas con el programa de Apoyo a Tu Plan Laboral, ejecutado por el Fosis, a trav\u00e9s del programa de Acompa\u00f1amiento Socio-Laboral del Subsistema de Seguridad y Oportunidades.<br \/>\nDe acuerdo a lo informado por la Directora de la Dideco de la Municipalidad de Panquehue, Camila Arag\u00f3n, con el fin de facilitar la inserci\u00f3n al mundo laboral de los participantes del Subsistema Seguridades y Oportunidades (Apoyo Laboral), el Fosis financia el acceso a bienes y\/o servicios necesarios para que los usuarios lleven a cabo este proceso con \u00e9xito.<br \/>\nExplic\u00f3 que no existe un monto predeterminado por persona, ya que lo financiado es en relaci\u00f3n a los requerimientos y\/o necesidades presentadas por el usuario, independientemente de su valor monetario.<br \/>\n\u201cLos tipos de requerimientos o necesidades a financiar son los siguientes, servicios para desarrollo del capital humano; recursos de movilizaci\u00f3n para la inserci\u00f3n laboral; recursos para tr\u00e1mites y certificaciones; ayudas t\u00e9cnicas b\u00e1sicas; apoyo a procesos de postulaci\u00f3n a empleo; servicios de guarder\u00eda infantil para la inserci\u00f3n laboral y promoci\u00f3n de autoempleo\u201d.<br \/>\nAgreg\u00f3 Camila Arag\u00f3n, que en el caso de la comuna de Panquehue, las 10 personas seleccionadas est\u00e1n cumpliendo con las respectivas sesiones del programa de Acompa\u00f1amiento Socio-laboral del Subsistema de Seguridad y Oportunidades, por lo tanto, los recursos que van a recibir permitir\u00e1n potenciar sus emprendimientos.<\/p>\n","protected":false},"excerpt":{"rendered":"<p>Se trata de una instancia ejecutada por el Fosis y que est\u00e1 destinada a mujeres que est\u00e1n cursando sesiones de fortalecimiento, a trav\u00e9s del programa acompa\u00f1amiento socio laboral del subsistema de seguridad&#8230;<\/p>\n","protected":false},"author":482,"featured_media":64397,"comment_status":"open","ping_status":"open","sticky":false,"template":"","format":"standard","meta":{"advanced_seo_description":"","jetpack_seo_html_title":"","jetpack_seo_noindex":false,"_jetpack_memberships_contains_paid_content":false,"footnotes":""},"categories":[15],"tags":[],"class_list":["post-64396","post","type-post","status-publish","format-standard","has-post-thumbnail","hentry","category-comunidad"],"jetpack_featured_media_url":"https:\/\/i0.wp.com\/eltrabajo.cl\/portal\/wp-content\/uploads\/2015\/12\/Camila-Aragon.jpg?fit=528%2C350&ssl=1","jetpack_sharing_enabled":true,"jetpack_likes_enabled":true,"jetpack-related-posts":[],"_links":{"self":[{"href":"https:\/\/eltrabajo.cl\/portal\/wp-json\/wp\/v2\/posts\/64396","targetHints":{"allow":["GET"]}}],"collection":[{"href":"https:\/\/eltrabajo.cl\/portal\/wp-json\/wp\/v2\/posts"}],"about":[{"href":"https:\/\/eltrabajo.cl\/portal\/wp-json\/wp\/v2\/types\/post"}],"author":[{"embeddable":true,"href":"https:\/\/eltrabajo.cl\/portal\/wp-json\/wp\/v2\/users\/482"}],"replies":[{"embeddable":true,"href":"https:\/\/eltrabajo.cl\/portal\/wp-json\/wp\/v2\/comments?post=64396"}],"version-history":[{"count":0,"href":"https:\/\/eltrabajo.cl\/portal\/wp-json\/wp\/v2\/posts\/64396\/revisions"}],"wp:featuredmedia":[{"embeddable":true,"href":"https:\/\/eltrabajo.cl\/portal\/wp-json\/wp\/v2\/media\/64397"}],"wp:attachment":[{"href":"https:\/\/eltrabajo.cl\/portal\/wp-json\/wp\/v2\/media?parent=64396"}],"wp:term":[{"taxonomy":"category","embeddable":true,"href":"https:\/\/eltrabajo.cl\/portal\/wp-json\/wp\/v2\/categories?post=64396"},{"taxonomy":"post_tag","embeddable":true,"href":"https:\/\/eltrabajo.cl\/portal\/wp-json\/wp\/v2\/tags?post=64396"}],"curies":[{"name":"wp","href":"https:\/\/api.w.org\/{rel}","templated":true}]}}