{"id":64399,"date":"2015-12-02T15:20:08","date_gmt":"2015-12-02T18:20:08","guid":{"rendered":"http:\/\/www.eltrabajo.cl\/portal\/?p=64399"},"modified":"2015-12-02T15:20:08","modified_gmt":"2015-12-02T18:20:08","slug":"eligen-a-pro-aconcagua-como-integrante-del-consejo-para-el-desarrollo-patrimonial-de-valparaiso","status":"publish","type":"post","link":"https:\/\/eltrabajo.cl\/portal\/eligen-a-pro-aconcagua-como-integrante-del-consejo-para-el-desarrollo-patrimonial-de-valparaiso\/","title":{"rendered":"Eligen a Pro Aconcagua como integrante del Consejo para el Desarrollo Patrimonial de Valpara\u00edso"},"content":{"rendered":"<figure id=\"attachment_64400\" aria-describedby=\"caption-attachment-64400\" style=\"width: 300px\" class=\"wp-caption alignleft\"><a href=\"https:\/\/i0.wp.com\/www.eltrabajo.cl\/portal\/wp-content\/uploads\/2015\/12\/Pro-Aconcagua.jpg\"><img data-recalc-dims=\"1\" loading=\"lazy\" decoding=\"async\" class=\"wp-image-64400 size-medium\" src=\"https:\/\/i0.wp.com\/www.eltrabajo.cl\/portal\/wp-content\/uploads\/2015\/12\/Pro-Aconcagua-300x198.jpg?resize=300%2C198\" alt=\"Diversas autoridades regionales participaron de la formaci\u00f3n con el Consejo para el Desarrollo Patrimonial de la Regi\u00f3n de Valpara\u00edso.\" width=\"300\" height=\"198\" srcset=\"https:\/\/i0.wp.com\/eltrabajo.cl\/portal\/wp-content\/uploads\/2015\/12\/Pro-Aconcagua.jpg?resize=300%2C198&amp;ssl=1 300w, https:\/\/i0.wp.com\/eltrabajo.cl\/portal\/wp-content\/uploads\/2015\/12\/Pro-Aconcagua.jpg?resize=200%2C132&amp;ssl=1 200w, https:\/\/i0.wp.com\/eltrabajo.cl\/portal\/wp-content\/uploads\/2015\/12\/Pro-Aconcagua.jpg?resize=228%2C150&amp;ssl=1 228w, https:\/\/i0.wp.com\/eltrabajo.cl\/portal\/wp-content\/uploads\/2015\/12\/Pro-Aconcagua.jpg?resize=400%2C263&amp;ssl=1 400w, https:\/\/i0.wp.com\/eltrabajo.cl\/portal\/wp-content\/uploads\/2015\/12\/Pro-Aconcagua.jpg?w=530&amp;ssl=1 530w\" sizes=\"auto, (max-width: 300px) 100vw, 300px\" \/><\/a><figcaption id=\"caption-attachment-64400\" class=\"wp-caption-text\">Diversas autoridades regionales participaron de la formaci\u00f3n con el Consejo para el Desarrollo Patrimonial de la Regi\u00f3n de Valpara\u00edso.<\/figcaption><\/figure>\n<p>Elaborar una pol\u00edtica regional destinada a incorporar a su desarrollo el valor del Patrimonio, tanto tangible como intangible, adem\u00e1s de promover su protecci\u00f3n e integraci\u00f3n a la vida ciudadana en el marco de una colaboraci\u00f3n p\u00fablico privada, es el objetivo del recientemente creado Consejo para el Desarrollo Patrimonial de la Regi\u00f3n de Valpara\u00edso.<br \/>\nDe acuerdo a lo anunciado por el intendente Gabriel Aldoney, esta instancia tendr\u00e1 la misi\u00f3n de elaborar y mantener una propuesta de desarrollo que sirva de orientaci\u00f3n a los planes y programas que lleva a cabo el gobierno.<br \/>\nJunto con instituciones, Pro Aconcagua fue una de las Corporaciones invitadas a integrar el Consejo para el Desarrollo Patrimonial de la Regi\u00f3n de Valpara\u00edso.<br \/>\nAnte esta nominaci\u00f3n la Gerente de la Corporaci\u00f3n, Claudia Gajardo, destac\u00f3 la importancia de que Pro Aconcagua haya sido invitada a participar en esta iniciativa.<br \/>\n\u201cComo Pro Aconcagua nos sentimos orgullosos de haber sido invitado a ser parte de este Consejo, esperamos ser un aporte. El trabajo que hemos realizado en la recuperaci\u00f3n del patrimonio tangible e intangible, trabajo que hemos profundizado a\u00fan m\u00e1s con la creaci\u00f3n del Centro de Investigaci\u00f3n en Turismo y Patrimonio, son un aval para ingresar a esta instancia\u201d, sostuvo Claudia Gajardo.<\/p>\n","protected":false},"excerpt":{"rendered":"<p>Elaborar una pol\u00edtica regional destinada a incorporar a su desarrollo el valor del Patrimonio, tanto tangible como intangible, adem\u00e1s de promover su protecci\u00f3n e integraci\u00f3n a la vida ciudadana en el marco&#8230;<\/p>\n","protected":false},"author":482,"featured_media":64400,"comment_status":"open","ping_status":"open","sticky":false,"template":"","format":"standard","meta":{"advanced_seo_description":"","jetpack_seo_html_title":"","jetpack_seo_noindex":false,"_jetpack_memberships_contains_paid_content":false,"footnotes":""},"categories":[1],"tags":[],"class_list":["post-64399","post","type-post","status-publish","format-standard","has-post-thumbnail","hentry","category-cronica"],"jetpack_featured_media_url":"https:\/\/i0.wp.com\/eltrabajo.cl\/portal\/wp-content\/uploads\/2015\/12\/Pro-Aconcagua.jpg?fit=530%2C349&ssl=1","jetpack_sharing_enabled":true,"jetpack_likes_enabled":true,"jetpack-related-posts":[],"_links":{"self":[{"href":"https:\/\/eltrabajo.cl\/portal\/wp-json\/wp\/v2\/posts\/64399","targetHints":{"allow":["GET"]}}],"collection":[{"href":"https:\/\/eltrabajo.cl\/portal\/wp-json\/wp\/v2\/posts"}],"about":[{"href":"https:\/\/eltrabajo.cl\/portal\/wp-json\/wp\/v2\/types\/post"}],"author":[{"embeddable":true,"href":"https:\/\/eltrabajo.cl\/portal\/wp-json\/wp\/v2\/users\/482"}],"replies":[{"embeddable":true,"href":"https:\/\/eltrabajo.cl\/portal\/wp-json\/wp\/v2\/comments?post=64399"}],"version-history":[{"count":0,"href":"https:\/\/eltrabajo.cl\/portal\/wp-json\/wp\/v2\/posts\/64399\/revisions"}],"wp:featuredmedia":[{"embeddable":true,"href":"https:\/\/eltrabajo.cl\/portal\/wp-json\/wp\/v2\/media\/64400"}],"wp:attachment":[{"href":"https:\/\/eltrabajo.cl\/portal\/wp-json\/wp\/v2\/media?parent=64399"}],"wp:term":[{"taxonomy":"category","embeddable":true,"href":"https:\/\/eltrabajo.cl\/portal\/wp-json\/wp\/v2\/categories?post=64399"},{"taxonomy":"post_tag","embeddable":true,"href":"https:\/\/eltrabajo.cl\/portal\/wp-json\/wp\/v2\/tags?post=64399"}],"curies":[{"name":"wp","href":"https:\/\/api.w.org\/{rel}","templated":true}]}}