{"id":64402,"date":"2015-12-02T15:26:04","date_gmt":"2015-12-02T18:26:04","guid":{"rendered":"http:\/\/www.eltrabajo.cl\/portal\/?p=64402"},"modified":"2015-12-02T15:26:04","modified_gmt":"2015-12-02T18:26:04","slug":"hoy-inicia-nueva-version-de-la-feria-del-libro-de-los-andes","status":"publish","type":"post","link":"https:\/\/eltrabajo.cl\/portal\/hoy-inicia-nueva-version-de-la-feria-del-libro-de-los-andes\/","title":{"rendered":"Hoy inicia nueva versi\u00f3n de la Feria del Libro de Los Andes"},"content":{"rendered":"<figure id=\"attachment_64403\" aria-describedby=\"caption-attachment-64403\" style=\"width: 300px\" class=\"wp-caption alignleft\"><a href=\"https:\/\/i0.wp.com\/www.eltrabajo.cl\/portal\/wp-content\/uploads\/2015\/12\/Feria-del-Libro-1.jpg\"><img data-recalc-dims=\"1\" loading=\"lazy\" decoding=\"async\" class=\"wp-image-64403 size-medium\" src=\"https:\/\/i0.wp.com\/www.eltrabajo.cl\/portal\/wp-content\/uploads\/2015\/12\/Feria-del-Libro-1-300x197.jpg?resize=300%2C197\" alt=\"Francisco Porta, pdte. Asociaci\u00f3n Funcionarios Gobernaci\u00f3n Provincial, gobernadora provincial, Mar\u00eda Victoria Rodr\u00edguez y el gerente de Sustentabilidad y Asuntos Externos de Codelco Andina, Jorge Sanhueza en el lanzamiento de la XVII Feria del Libro de Los Andes.\" width=\"300\" height=\"197\" srcset=\"https:\/\/i0.wp.com\/eltrabajo.cl\/portal\/wp-content\/uploads\/2015\/12\/Feria-del-Libro-1.jpg?resize=300%2C197&amp;ssl=1 300w, https:\/\/i0.wp.com\/eltrabajo.cl\/portal\/wp-content\/uploads\/2015\/12\/Feria-del-Libro-1.jpg?resize=200%2C131&amp;ssl=1 200w, https:\/\/i0.wp.com\/eltrabajo.cl\/portal\/wp-content\/uploads\/2015\/12\/Feria-del-Libro-1.jpg?resize=228%2C150&amp;ssl=1 228w, https:\/\/i0.wp.com\/eltrabajo.cl\/portal\/wp-content\/uploads\/2015\/12\/Feria-del-Libro-1.jpg?resize=400%2C263&amp;ssl=1 400w, https:\/\/i0.wp.com\/eltrabajo.cl\/portal\/wp-content\/uploads\/2015\/12\/Feria-del-Libro-1.jpg?w=530&amp;ssl=1 530w\" sizes=\"auto, (max-width: 300px) 100vw, 300px\" \/><\/a><figcaption id=\"caption-attachment-64403\" class=\"wp-caption-text\">Francisco Porta, pdte. Asociaci\u00f3n Funcionarios Gobernaci\u00f3n Provincial, gobernadora provincial, Mar\u00eda Victoria Rodr\u00edguez y el gerente de Sustentabilidad y Asuntos Externos de Codelco Andina, Jorge Sanhueza en el lanzamiento de la XVII Feria del Libro de Los Andes.<\/figcaption><\/figure>\n<ul>\n<li><strong>En esta oportunidad, est\u00e1 organizada por la Gobernaci\u00f3n Provincial de Los Andes, su Asociaci\u00f3n de Funcionarios y Codelco Divisi\u00f3n Andina.<\/strong><\/li>\n<\/ul>\n<p><strong>LOS ANDES.<\/strong>&#8211; Bajo el lema \u2018Aconcagua celebra a sus escritores\u2019 se desarrollar\u00e1 entre el 2 y el 8 de diciembre la versi\u00f3n XVII de la Feria del Libro de la Provincia de Los Andes, el tradicional espacio para las letras locales que este a\u00f1o se ubicar\u00e1 a un costado de calle Santa Rosa, en la Plaza de Armas de la ciudad.<br \/>\nUna invitaci\u00f3n gratuita a todas las familias del valle, a poner los ojos en los escritores, historiadores y poetas de nuestra tierra.<br \/>\nEn la ceremonia de lanzamiento, la gobernadora provincial, Mar\u00eda Victoria Rodr\u00edguez, resalt\u00f3 que la particularidad de esta Feria es la uni\u00f3n entre las letras y las artes. \u201cTodos los d\u00edas hay actividades art\u00edsticas pensadas para la familia, desde la presentaci\u00f3n de un libro a un espect\u00e1culo art\u00edstico\u201d, puntualiz\u00f3.<\/p>\n<figure id=\"attachment_64404\" aria-describedby=\"caption-attachment-64404\" style=\"width: 300px\" class=\"wp-caption alignright\"><a href=\"https:\/\/i0.wp.com\/www.eltrabajo.cl\/portal\/wp-content\/uploads\/2015\/12\/Feria-del-Libro-2.jpg\"><img data-recalc-dims=\"1\" loading=\"lazy\" decoding=\"async\" class=\"wp-image-64404 size-medium\" src=\"https:\/\/i0.wp.com\/www.eltrabajo.cl\/portal\/wp-content\/uploads\/2015\/12\/Feria-del-Libro-2-300x197.jpg?resize=300%2C197\" alt=\"Un promedio de 3.000 personas asistieron el a\u00f1o pasado a la Feria del Libro de Los Andes, este a\u00f1o se espera superar ese n\u00famero. \" width=\"300\" height=\"197\" srcset=\"https:\/\/i0.wp.com\/eltrabajo.cl\/portal\/wp-content\/uploads\/2015\/12\/Feria-del-Libro-2.jpg?resize=300%2C197&amp;ssl=1 300w, https:\/\/i0.wp.com\/eltrabajo.cl\/portal\/wp-content\/uploads\/2015\/12\/Feria-del-Libro-2.jpg?resize=200%2C131&amp;ssl=1 200w, https:\/\/i0.wp.com\/eltrabajo.cl\/portal\/wp-content\/uploads\/2015\/12\/Feria-del-Libro-2.jpg?resize=228%2C150&amp;ssl=1 228w, https:\/\/i0.wp.com\/eltrabajo.cl\/portal\/wp-content\/uploads\/2015\/12\/Feria-del-Libro-2.jpg?resize=400%2C263&amp;ssl=1 400w, https:\/\/i0.wp.com\/eltrabajo.cl\/portal\/wp-content\/uploads\/2015\/12\/Feria-del-Libro-2.jpg?w=530&amp;ssl=1 530w\" sizes=\"auto, (max-width: 300px) 100vw, 300px\" \/><\/a><figcaption id=\"caption-attachment-64404\" class=\"wp-caption-text\">Un promedio de 3.000 personas asistieron el a\u00f1o pasado a la Feria del Libro de Los Andes, este a\u00f1o se espera superar ese n\u00famero.<\/figcaption><\/figure>\n<p>\u201cQueremos invitar a la comunidad para que sea parte de este hito literario y cultural que ya forma parte de nuestra ciudad y de nuestro valle, significa mantener vivas las expresiones art\u00edsticas\u201d, agreg\u00f3 la autoridad.<br \/>\nPor su parte, el gerente de Sustentabilidad y Asuntos Externos de Divisi\u00f3n Andina, Jorge Sanhueza, recalc\u00f3 la invitaci\u00f3n a los vecinos a estar presente, a disfrutar de todas las actividades que se realizan. Iniciativas e instancias que demuestran el compromiso de Codelco con la zona y su gente, el acercamiento con las comunidades que estamos propiciando.<\/p>\n<p><strong>PANORAMA PARA TODOS LOS GUSTOS<\/strong><br \/>\nActividades art\u00edsticas y culturales tendr\u00e1 la Feria durante sus seis d\u00edas de duraci\u00f3n. Entre ellas, muestras de folclore, lanzamientos de libros, presentaci\u00f3n de cantantes y obras de teatro. En la m\u00fasica, destaca la presencia del cantautor Patricio Manns y de Alvaro Scaramelli, adem\u00e1s de la Big Band de la Universidad de Playa Ancha.<br \/>\nLa ceremonia de inauguraci\u00f3n se realizar\u00e1 este mi\u00e9rcoles 2 de diciembre a las 19:00 horas.<\/p>\n","protected":false},"excerpt":{"rendered":"<p>En esta oportunidad, est\u00e1 organizada por la Gobernaci\u00f3n Provincial de Los Andes, su Asociaci\u00f3n de Funcionarios y Codelco Divisi\u00f3n Andina. LOS ANDES.&#8211; Bajo el lema \u2018Aconcagua celebra a sus escritores\u2019 se desarrollar\u00e1&#8230;<\/p>\n","protected":false},"author":482,"featured_media":64403,"comment_status":"open","ping_status":"open","sticky":false,"template":"","format":"standard","meta":{"advanced_seo_description":"","jetpack_seo_html_title":"","jetpack_seo_noindex":false,"_jetpack_memberships_contains_paid_content":false,"footnotes":""},"categories":[15],"tags":[],"class_list":["post-64402","post","type-post","status-publish","format-standard","has-post-thumbnail","hentry","category-comunidad"],"jetpack_featured_media_url":"https:\/\/i0.wp.com\/eltrabajo.cl\/portal\/wp-content\/uploads\/2015\/12\/Feria-del-Libro-1.jpg?fit=530%2C348&ssl=1","jetpack_sharing_enabled":true,"jetpack_likes_enabled":true,"jetpack-related-posts":[],"_links":{"self":[{"href":"https:\/\/eltrabajo.cl\/portal\/wp-json\/wp\/v2\/posts\/64402","targetHints":{"allow":["GET"]}}],"collection":[{"href":"https:\/\/eltrabajo.cl\/portal\/wp-json\/wp\/v2\/posts"}],"about":[{"href":"https:\/\/eltrabajo.cl\/portal\/wp-json\/wp\/v2\/types\/post"}],"author":[{"embeddable":true,"href":"https:\/\/eltrabajo.cl\/portal\/wp-json\/wp\/v2\/users\/482"}],"replies":[{"embeddable":true,"href":"https:\/\/eltrabajo.cl\/portal\/wp-json\/wp\/v2\/comments?post=64402"}],"version-history":[{"count":0,"href":"https:\/\/eltrabajo.cl\/portal\/wp-json\/wp\/v2\/posts\/64402\/revisions"}],"wp:featuredmedia":[{"embeddable":true,"href":"https:\/\/eltrabajo.cl\/portal\/wp-json\/wp\/v2\/media\/64403"}],"wp:attachment":[{"href":"https:\/\/eltrabajo.cl\/portal\/wp-json\/wp\/v2\/media?parent=64402"}],"wp:term":[{"taxonomy":"category","embeddable":true,"href":"https:\/\/eltrabajo.cl\/portal\/wp-json\/wp\/v2\/categories?post=64402"},{"taxonomy":"post_tag","embeddable":true,"href":"https:\/\/eltrabajo.cl\/portal\/wp-json\/wp\/v2\/tags?post=64402"}],"curies":[{"name":"wp","href":"https:\/\/api.w.org\/{rel}","templated":true}]}}